{"id":627791,"date":"2025-12-29T14:49:10","date_gmt":"2025-12-29T14:49:10","guid":{"rendered":"https:\/\/www.europesays.com\/fr\/627791\/"},"modified":"2025-12-29T14:49:10","modified_gmt":"2025-12-29T14:49:10","slug":"ou-en-sont-les-rapports-entre-logc-nice-et-ses-supporters-la-nouvelle-direction-du-club-repond","status":"publish","type":"post","link":"https:\/\/www.europesays.com\/fr\/627791\/","title":{"rendered":"O\u00f9 en sont les rapports entre l&rsquo;OGC Nice et ses supporters? La nouvelle direction du club r\u00e9pond"},"content":{"rendered":"<p class=\"mb-4 text-lg md:leading-8 break-words\">Nouveau cycle \u00e0 Nice. Le Gym a <a href=\"https:\/\/fr.news.yahoo.com\/sport\/ogc-nice-cest-fait-claude-201917895.html\" data-ylk=\"slk:officialis\u00e9 l&#039;arriv\u00e9e sur le banc de Claude Pue;elm:context_link;itc:0;sec:content-canvas;outcm:mb_qualified_link;_E:mb_qualified_link;ct:story;\" class=\"link  yahoo-link\" target=\"_blank\" rel=\"noopener\">officialis\u00e9 l&rsquo;arriv\u00e9e sur le banc de Claude Pue<\/a>l en remplacement de Franck Haise qui n&rsquo;a pas r\u00e9sist\u00e9 \u00e0 la terrible crise. En effet, les Aiglons traversent une p\u00e9riode d\u00e9licate sur le point de vue sportif et extra-sportif. 13es de Ligue 1 \u00e0 la mi-saison, les Ni\u00e7ois avaient enchain\u00e9 neuf d\u00e9faites de rang toutes comp\u00e9titions confondues avant de mettre fin \u00e0 cette s\u00e9rie juste avant la tr\u00eave hivernale avec une victoire en 32es de finale de la Coupe de France face \u00e0 l&rsquo;AS Saint-Etienne (2-1).<\/p>\n<p class=\"mb-4 text-lg md:leading-8 break-words\">Ce lundi, \u00e0 l&rsquo;occasion de la pr\u00e9sentation de Claude Puel, le pr\u00e9sident Jean-Pierre Riv\u00e8re et le vice-pr\u00e9sident Maurice Cohen ont \u00e9voqu\u00e9 la situation en dehors des terrains avec la fronde des supporters.<\/p>\n<p>Une rencontre entre dirigeants et supporters<\/p>\n<p class=\"mb-4 text-lg md:leading-8 break-words\">Au-del\u00e0 de la crise sportive, Nice a aussi v\u00e9cu une crise extra-sportive rare lorsque des \u00ab\u00a0supporters\u00a0\u00bb <a href=\"https:\/\/fr.news.yahoo.com\/sport\/crise-%C3%A0-nice-arr%C3%AAts-travail-171622593.html\" data-ylk=\"slk:s&#039;en sont pris physiquement \u00e0 Terem Moffi et Jeremie Boga;elm:context_link;itc:0;sec:content-canvas;outcm:mb_qualified_link;_E:mb_qualified_link;ct:story;\" class=\"link  yahoo-link\" target=\"_blank\" rel=\"noopener\">s&rsquo;en sont pris physiquement \u00e0 Terem Moffi et Jeremie Boga<\/a> selon le t\u00e9moignage des deux attaquants ni\u00e7ois. Ils ont m\u00eame eu des arr\u00eats de travail qui avaient \u00e9t\u00e9 ensuite prolong\u00e9s. \u00ab\u00a0Ce sont des sujets qui concernent les deux joueurs et le club. Ce sont des dossiers que l&rsquo;on doit reprendre, on ne peut pas tout g\u00e9rer en m\u00eame temps. Mais ce sera r\u00e9gl\u00e9 tranquillement et sereinement l\u00e0 aussi tels qu&rsquo;ils doivent se g\u00e9rer. Pour l&rsquo;instant, je ne peux pas vous en dire plus mais on a bien conscience de la situation et on va g\u00e9rer sereinement tous ensemble\u00a0\u00bb, a assur\u00e9 le pr\u00e9sident de l&rsquo;OGC Nice, Jean-Pierre Riv\u00e8re.<\/p>\n<p class=\"mb-4 text-lg md:leading-8 break-words\">La s\u00e9r\u00e9nit\u00e9 \u00e9tait le maitre-mot chez les dirigeants ni\u00e7ois ce lundi. \u00ab\u00a0Il faut un peu de temps pour que les choses se mettent en place. On a un mercato en cours, il y a beaucoup de sujets et tous sont g\u00e9r\u00e9s tranquillement. On va f\u00e9d\u00e9rer tous ceux qui ont de l&rsquo;amour pour ce club et on va arriver \u00e0 relever ce challenge\u00a0\u00bb, a ajout\u00e9 le dirigeant ni\u00e7ois pour confirmer les propos de son vice-pr\u00e9sident Maurice Cohen qui a \u00e9voqu\u00e9 la rencontre avec les supporters du Gym.<\/p>\n<p class=\"mb-4 text-lg md:leading-8 break-words\">\u00ab\u00a0On les a rencontr\u00e9s, \u00e7a s&rsquo;est bien pass\u00e9, on reste en contact et on verra au fur et \u00e0 mesure des choses. On souhaite qu&rsquo;ils reviennent au stade. On sera tr\u00e8s heureux s&rsquo;ils reviennent. On s&rsquo;est dit ce qu&rsquo;on avait \u00e0 se dire, \u00e7a reste confidentiel\u00a0\u00bb, a d\u00e9taill\u00e9 Maurice Cohen alors que les ultras ni\u00e7ois ont <a href=\"https:\/\/fr.news.yahoo.com\/sport\/knysna-pacotille-ultras-nice-appellent-194038850.html\" data-ylk=\"slk:annonc\u00e9 le boycott des rencontres des Aiglons;elm:context_link;itc:0;sec:content-canvas;outcm:mb_qualified_link;_E:mb_qualified_link;ct:story;\" class=\"link  yahoo-link\" target=\"_blank\" rel=\"noopener\">annonc\u00e9 le boycott des rencontres des Aiglons<\/a> depuis le d\u00e9but du mois de d\u00e9cembre jusqu&rsquo;\u00e0 \u00ab\u00a0nouvel ordre\u00a0\u00bb. \u00c0 voir si l&rsquo;arriv\u00e9e de Claude Puel et la rencontre entre dirigeants et supporters a eu le m\u00e9rite de calmer les ardeurs de ces derniers. Ils sont attendus d\u00e8s ce samedi \u00e0 l&rsquo;Allianz Riviera pour le retour de la Ligue 1 avec l&rsquo;affiche entre Nice et Strasbourg.<\/p>\n<p class=\"mb-4 text-lg md:leading-8 break-words\"><a href=\"https:\/\/rmcsport.bfmtv.com\/football\/ligue-1\/ou-en-sont-les-rapports-entre-l-ogc-nice-et-ses-supporters-la-nouvelle-direction-du-club-repond_AV-202512290354.html#xtor=AL-68\" rel=\"nofollow noopener\" target=\"_blank\" data-ylk=\"slk:Article original publi\u00e9 sur RMC Sport;elm:context_link;itc:0;sec:content-canvas\" class=\"link \">Article original publi\u00e9 sur RMC Sport<\/a><\/p>\n","protected":false},"excerpt":{"rendered":"Nouveau cycle \u00e0 Nice. Le Gym a officialis\u00e9 l&rsquo;arriv\u00e9e sur le banc de Claude Puel en remplacement de&hellip;\n","protected":false},"author":2,"featured_media":627792,"comment_status":"","ping_status":"","sticky":false,"template":"","format":"standard","meta":{"footnotes":""},"categories":[2819],"tags":[1111,11,73688,1777,674,17996,1011,27,6563,73737,12,2401,882,25,640,45779],"class_list":{"0":"post-627791","1":"post","2":"type-post","3":"status-publish","4":"format-standard","5":"has-post-thumbnail","7":"category-nice","8":"tag-actu","9":"tag-actualites","10":"tag-claude-puel","11":"tag-eu","12":"tag-europe","13":"tag-finale-de-la-coupe-de-france","14":"tag-fr","15":"tag-france","16":"tag-le-club","17":"tag-maurice-cohen","18":"tag-news","19":"tag-nice","20":"tag-provence-alpes-cote-dazur","21":"tag-republique-francaise","22":"tag-strasbourg","23":"tag-terem-moffi"},"share_on_mastodon":{"url":"https:\/\/pubeurope.com\/@fr\/115803413933893327","error":""},"_links":{"self":[{"href":"https:\/\/www.europesays.com\/fr\/wp-json\/wp\/v2\/posts\/627791","targetHints":{"allow":["GET"]}}],"collection":[{"href":"https:\/\/www.europesays.com\/fr\/wp-json\/wp\/v2\/posts"}],"about":[{"href":"https:\/\/www.europesays.com\/fr\/wp-json\/wp\/v2\/types\/post"}],"author":[{"embeddable":true,"href":"https:\/\/www.europesays.com\/fr\/wp-json\/wp\/v2\/users\/2"}],"replies":[{"embeddable":true,"href":"https:\/\/www.europesays.com\/fr\/wp-json\/wp\/v2\/comments?post=627791"}],"version-history":[{"count":0,"href":"https:\/\/www.europesays.com\/fr\/wp-json\/wp\/v2\/posts\/627791\/revisions"}],"wp:featuredmedia":[{"embeddable":true,"href":"https:\/\/www.europesays.com\/fr\/wp-json\/wp\/v2\/media\/627792"}],"wp:attachment":[{"href":"https:\/\/www.europesays.com\/fr\/wp-json\/wp\/v2\/media?parent=627791"}],"wp:term":[{"taxonomy":"category","embeddable":true,"href":"https:\/\/www.europesays.com\/fr\/wp-json\/wp\/v2\/categories?post=627791"},{"taxonomy":"post_tag","embeddable":true,"href":"https:\/\/www.europesays.com\/fr\/wp-json\/wp\/v2\/tags?post=627791"}],"curies":[{"name":"wp","href":"https:\/\/api.w.org\/{rel}","templated":true}]}}