{"id":627795,"date":"2025-12-29T14:51:14","date_gmt":"2025-12-29T14:51:14","guid":{"rendered":"https:\/\/www.europesays.com\/fr\/627795\/"},"modified":"2025-12-29T14:51:14","modified_gmt":"2025-12-29T14:51:14","slug":"un-homme-arrete-apres-un-rodeo-sauvage-qui-a-rassemble-70-vehicules-ce-week-end","status":"publish","type":"post","link":"https:\/\/www.europesays.com\/fr\/627795\/","title":{"rendered":"un homme arr\u00eat\u00e9 apr\u00e8s un rod\u00e9o sauvage qui a rassembl\u00e9 70 v\u00e9hicules ce week-end"},"content":{"rendered":"<p>\n    Un jeune homme de 18 ans a \u00e9t\u00e9 interpell\u00e9 samedi apr\u00e8s un rassemblement ill\u00e9gal organis\u00e9 \u00e0 Saint-Herblain, dans la banlieue de Nantes.<\/p>\n<p class=\"fig-paragraph\">La tr\u00eave des confiseurs n\u2019est pas partag\u00e9e par les fous de l\u2019asphalte. Quelque 70 v\u00e9hicules se sont r\u00e9unis dans la soir\u00e9e du samedi 27 d\u00e9cembre, sur le parking d\u2019une zone commerciale de\u00a0<a href=\"http:\/\/www.lefigaro.fr\/nantes\/a-saint-herblain-les-habitants-exasperes-apres-une-nouvelle-nuit-de-rodeos-sauvages-20240924\" target=\"_blank\" data-fig-type=\"NewsFlash\" rel=\"noopener\" data-gtm-custom-categorie=\"navigation\" data-gtm-custom-action=\"crossclick\" data-gtm-custom-label=\"Contextuel\" data-gtm-event=\"customEventSPE\" data-fig-domain=\"LEFIGARO\">Saint-Herblain<\/a>\u00a0(Loire-Atlantique), dans la banlieue\u00a0<a href=\"https:\/\/www.lefigaro.fr\/nantes\" target=\"_blank\" data-fig-type=\"Section\" rel=\"sponsored noopener\" data-gtm-custom-categorie=\"navigation\" data-gtm-custom-action=\"crossclick\" data-gtm-custom-label=\"Contextuel\" data-gtm-event=\"customEventSPE\" data-fig-domain=\"LEFIGARO\">de Nantes<\/a>, pour participer\u00a0<a href=\"http:\/\/www.lefigaro.fr\/nantes\/certains-vivent-avec-les-cigales-nous-on-vit-avec-les-motocross-pres-de-nantes-les-nuisances-motorisees-s-inscrivent-dans-la-duree-20251013\" target=\"_blank\" data-fig-type=\"NewsFlash\" rel=\"noopener\" data-gtm-custom-categorie=\"navigation\" data-gtm-custom-action=\"crossclick\" data-gtm-custom-label=\"Contextuel\" data-gtm-event=\"customEventSPE\" data-fig-domain=\"LEFIGARO\">\u00e0 des courses sauvages<\/a>\u00a0organis\u00e9es hors de tout cadre l\u00e9gal. L\u2019\u00e9v\u00e9nement, g\u00e9n\u00e9rateur de troubles \u00e0 l\u2019ordre public et de risques d\u2019accidents, a \u00e9t\u00e9 dispers\u00e9 aux alentours de 22 heures par l\u2019irruption des forces de l\u2019ordre.<\/p>\n<p class=\"fig-paragraph\">La majorit\u00e9 des spectateurs et des v\u00e9hicules participants se sont volatilis\u00e9s dans le calme, \u00e0 l\u2019arriv\u00e9e de la police nationale aux abords du terrain transform\u00e9 en piste de course improvis\u00e9e, dans le secteur du centre commercial Atlantis. Seul un jeune homme de 18 ans a \u00e9t\u00e9 interpell\u00e9. D\u2019apr\u00e8s nos confr\u00e8res de\u00a0<a href=\"https:\/\/www.ouest-france.fr\/societe\/faits-divers\/les-policiers-mettent-fin-au-rodeo-urbain-pres-de-nantes-un-jeune-homme-interpelle-e4b76ac4-e3db-11f0-a9bd-152366d1babb\" target=\"_blank\" rel=\"sponsored noopener\" data-gtm-custom-categorie=\"navigation\" data-gtm-custom-action=\"crossclick\" data-gtm-custom-label=\"Contextuel\" data-gtm-event=\"customEventSPE\">Presse Oc\u00e9an<\/a>, il s\u2019agit d\u2019un chauffeur qui avait cherch\u00e9 \u00e0 poursuivre ses embard\u00e9es avant de refuser d\u2019obtemp\u00e9rer et de prendre la fuite. Il a \u00e9t\u00e9 rapidement arr\u00eat\u00e9 apr\u00e8s s\u2019\u00eatre retrouv\u00e9 coinc\u00e9 dans une impasse.<\/p>\n<p>                                            <a class=\"fig-a11y-skip\" href=\"#fig-a11y-skip-main-inarticle\" data-module=\"a11y-skip\" data-context=\"was @visible\"><br \/>\n    Passer la publicit\u00e9<br \/>\n<\/a>            <\/p>\n<p>                                            Un \u00abaxe d\u2019action prioritaire\u00bb<\/p>\n<p class=\"fig-paragraph\">Le 30 novembre dernier, un CRS a \u00e9t\u00e9\u00a0<a href=\"http:\/\/www.lefigaro.fr\/nantes\/rodeos-urbains-a-nantes-menace-un-crs-contraint-de-faire-usage-de-son-arme-20251201\" target=\"_blank\" data-fig-type=\"NewsFlash\" rel=\"noopener\" data-gtm-custom-categorie=\"navigation\" data-gtm-custom-action=\"crossclick\" data-gtm-custom-label=\"Contextuel\" data-gtm-event=\"customEventSPE\" data-fig-domain=\"LEFIGARO\">contraint \u00e0 faire usage de son arme \u00e0 feu sur une moto pourchass\u00e9e apr\u00e8s un rod\u00e9o sauvage<\/a>, \u00e0 Nantes, dans le quartier de Pirmil. Le fonctionnaire a tir\u00e9 \u00e0 deux reprises en direction des roues du v\u00e9hicule. L\u2019incident n\u2019a fait aucun bless\u00e9. Quelques jours plus t\u00f4t, la direction de la police nationale en Loire-Atlantique assurait avoir fait de la question des rod\u00e9os<a href=\"http:\/\/www.lefigaro.fr\/nantes\/a-nantes-la-lutte-contre-les-rodeos-urbains-monte-en-intensite-20251113\" target=\"_blank\" data-fig-type=\"NewsFlash\" rel=\"noopener\" data-gtm-custom-categorie=\"navigation\" data-gtm-custom-action=\"crossclick\" data-gtm-custom-label=\"Contextuel\" data-gtm-event=\"customEventSPE\" data-fig-domain=\"LEFIGARO\">\u00a0un \u00abaxe d\u2019action prioritaire\u00bb<\/a> , face au ras-le-bol suscit\u00e9 par\u00a0<a href=\"http:\/\/www.lefigaro.fr\/nantes\/ils-sont-narquois-arrogants-provocateurs-le-ras-le-bol-des-habitants-face-aux-rodeos-sauvages-pres-de-nantes-20250530\" target=\"_blank\" data-fig-type=\"NewsFlash\" rel=\"noopener\" data-gtm-custom-categorie=\"navigation\" data-gtm-custom-action=\"crossclick\" data-gtm-custom-label=\"Contextuel\" data-gtm-event=\"customEventSPE\" data-fig-domain=\"LEFIGARO\">l\u2019apparente impunit\u00e9 des auteurs de cette d\u00e9linquance<\/a>\u00a0routi\u00e8re.<\/p>\n","protected":false},"excerpt":{"rendered":"Un jeune homme de 18 ans a \u00e9t\u00e9 interpell\u00e9 samedi apr\u00e8s un rassemblement ill\u00e9gal organis\u00e9 \u00e0 Saint-Herblain, dans&hellip;\n","protected":false},"author":2,"featured_media":627796,"comment_status":"","ping_status":"","sticky":false,"template":"","format":"standard","meta":{"footnotes":""},"categories":[2818],"tags":[1111,11,1777,674,1011,27,766,12,2636,25,15695],"class_list":{"0":"post-627795","1":"post","2":"type-post","3":"status-publish","4":"format-standard","5":"has-post-thumbnail","7":"category-nantes","8":"tag-actu","9":"tag-actualites","10":"tag-eu","11":"tag-europe","12":"tag-fr","13":"tag-france","14":"tag-nantes","15":"tag-news","16":"tag-pays-de-la-loire","17":"tag-republique-francaise","18":"tag-rodeo-sauvage"},"share_on_mastodon":{"url":"https:\/\/pubeurope.com\/@fr\/115803421814558062","error":""},"_links":{"self":[{"href":"https:\/\/www.europesays.com\/fr\/wp-json\/wp\/v2\/posts\/627795","targetHints":{"allow":["GET"]}}],"collection":[{"href":"https:\/\/www.europesays.com\/fr\/wp-json\/wp\/v2\/posts"}],"about":[{"href":"https:\/\/www.europesays.com\/fr\/wp-json\/wp\/v2\/types\/post"}],"author":[{"embeddable":true,"href":"https:\/\/www.europesays.com\/fr\/wp-json\/wp\/v2\/users\/2"}],"replies":[{"embeddable":true,"href":"https:\/\/www.europesays.com\/fr\/wp-json\/wp\/v2\/comments?post=627795"}],"version-history":[{"count":0,"href":"https:\/\/www.europesays.com\/fr\/wp-json\/wp\/v2\/posts\/627795\/revisions"}],"wp:featuredmedia":[{"embeddable":true,"href":"https:\/\/www.europesays.com\/fr\/wp-json\/wp\/v2\/media\/627796"}],"wp:attachment":[{"href":"https:\/\/www.europesays.com\/fr\/wp-json\/wp\/v2\/media?parent=627795"}],"wp:term":[{"taxonomy":"category","embeddable":true,"href":"https:\/\/www.europesays.com\/fr\/wp-json\/wp\/v2\/categories?post=627795"},{"taxonomy":"post_tag","embeddable":true,"href":"https:\/\/www.europesays.com\/fr\/wp-json\/wp\/v2\/tags?post=627795"}],"curies":[{"name":"wp","href":"https:\/\/api.w.org\/{rel}","templated":true}]}}