{"id":627797,"date":"2025-12-29T14:52:23","date_gmt":"2025-12-29T14:52:23","guid":{"rendered":"https:\/\/www.europesays.com\/fr\/627797\/"},"modified":"2025-12-29T14:52:23","modified_gmt":"2025-12-29T14:52:23","slug":"apres-sa-condamnation-bordeaux-promet-une-charte-pour-les-nuisances-des-bars-sur-les-quais","status":"publish","type":"post","link":"https:\/\/www.europesays.com\/fr\/627797\/","title":{"rendered":"Apr\u00e8s sa condamnation, Bordeaux promet une charte pour les nuisances des bars sur les quais"},"content":{"rendered":"<p class=\"wp-block-post-excerpt__excerpt\">Un mois apr\u00e8s la condamnation de la Ville de Bordeaux par la justice administrative pour son manque de r\u00e9gulation des nuisances sonores li\u00e9es aux terrasses et \u00e9tablissements festifs, une charte est attendue pour la mi-janvier. <\/p>\n<p><a href=\"https:\/\/rue89bordeaux.com\/category\/actualite\/\" rel=\"tag noopener\" target=\"_blank\">Actualit\u00e9<\/a>, <a href=\"https:\/\/rue89bordeaux.com\/category\/kiosque-abonne\/\" rel=\"tag noopener\" target=\"_blank\">\u00c9dition abonn\u00e9s<\/a><\/p>\n<p>Morgane Bourgeois<\/p>\n<p>Publi\u00e9 le 29 d\u00e9cembre 2025\u00a0\u00a0\u00b7\u00a0\u00a0<\/p>\n<p>Imprim\u00e9 le 29 d\u00e9cembre 2025 \u00e0 15h52\u00a0\u00a0\u00b7\u00a0\u00a0<\/p>\n<p>\t\t\t\t\t4\u00a0minutes\n<\/p>\n<p>Il habitait au cinqui\u00e8me \u00e9tage de l\u2019immeuble o\u00f9 est install\u00e9, au rez-de-chauss\u00e9e, le bar Simone, quai Louis-XVIII. Deux mesures effectu\u00e9es avec des sonom\u00e8tres dans son salon, les soirs des 22 septembre et 8 octobre 2022, ont r\u00e9v\u00e9l\u00e9 des\u00a0niveaux sonores deux fois sup\u00e9rieurs aux seuils autoris\u00e9s. Ces nuisances, l\u2019expert les a attribu\u00e9es \u00ab\u00a0exclusivement aux cris et discussions des clients install\u00e9s en contrebas sur les terrasses des bars\u00a0\u00bb.<\/p>\n<p>Le riverain entame une proc\u00e9dure judiciaire et la d\u00e9cision du tribunal tombe le 25 novembre 2025. Celle-ci impose \u00e0 la mairie d\u2019agir pour faire respecter les seuils sonores r\u00e9glementaires \u00ab\u00a0dans un d\u00e9lai de deux mois\u00a0\u00bb (et de lui verser \u00e0 verser 5\u00a0000\u00a0euros d\u2019indemnit\u00e9s). Un mois plus tard, \u00ab\u00a0la d\u00e9cision d\u2019interjeter appel n\u2019a pas encore \u00e9t\u00e9 prise\u00a0\u00bb, fait savoir la Ville qui a deux mois pour le faire.<\/p>\n<p>\t\tJurisprudence<\/p>\n<p>Depuis, le voisin m\u00e9content a d\u00e9m\u00e9nag\u00e9. Les acteurs de la vie nocturne, eux, se disent agac\u00e9s par le jugement.<\/p>\n<blockquote class=\"wp-block-quote is-layout-flow wp-block-quote-is-layout-flow\">\n<p>\u00ab\u00a0Habiter au-dessus d\u2019un bar et se plaindre du bruit, c\u2019est un peu comme vivre \u00e0 la campagne et se plaindre des coqs\u00a0\u00bb, ironise l\u2019employ\u00e9 d\u2019un bar.<\/p>\n<\/blockquote>\n<p><img loading=\"lazy\" decoding=\"async\" width=\"480\" height=\"480\" src=\"https:\/\/www.europesays.com\/fr\/wp-content\/uploads\/2025\/04\/23-paywall.png\" alt=\"Abonnez-vous\" class=\"wp-image-128439\" style=\"aspect-ratio:1;width:210px;height:auto\"  \/><\/p>\n<p>Cet article fait partie de l\u2019\u00e9dition abonn\u00e9s. Pour lire la suite, profitez d\u2019une offre d\u00e9couverte \u00e0 1\u20ac.<\/p>\n<p class=\"has-gray-700-color has-text-color has-medium-font-size\">Contribuez \u00e0 consolider un m\u00e9dia ind\u00e9pendant \u00e0 Bordeaux, en capacit\u00e9 d\u2019enqu\u00eater sur les enjeux locaux.<\/p>\n<p>\t\t\t<a href=\"https:\/\/rue89bordeaux.com\/\" class=\"custom-logo-link\" rel=\"home noopener\" target=\"_blank\"><img loading=\"lazy\" decoding=\"async\" width=\"290\" height=\"49\" src=\"https:\/\/www.europesays.com\/fr\/wp-content\/uploads\/2025\/04\/logo.png\" class=\"custom-logo\" alt=\"Rue89Bordeaux Enqu\u00eates et informations de proximit\u00e9\"  \/><\/a><\/p>\n<p>\n\t\t\t\tAbonnez-vous maintenant pour suivre l\u2019actualit\u00e9 locale.\t\t\t<\/p>\n<p class=\"font-bold font-serif-heading mb-2 text-4xl\">\n\t\t\t\t\t\tL\u2019investigation locale \u00e0 port\u00e9e de main.\n\t\t\t\t\t<\/p>\n<p>\n\t\t\t\t\t\tAbonnez-vous et profitez d\u2019un acc\u00e8s illimit\u00e9 \u00e0 Rue89Bordeaux. Annulez quand vous voulez.\n\t\t\t\t\t<\/p>\n<p class=\"xl:text-sm\">\n\t\t\t\t\tD\u00e9j\u00e0 abonn\u00e9\u00a0?<br \/>\n\t\t\t\t\t<a class=\"border border-transparent text-center transition-colors duration-instant focus:border-info focus:rounded focus:shadow-focus cursor-pointer text-black hover:text-gray-700 active:bg-black-700 font-semibold inline-block\" href=\"https:\/\/rue89bordeaux.com\/user\/login\/?redirect=\/2025\/12\/apres-sa-condamnation-bordeaux-promet-une-charte-pour-reguler-les-nuisances-de-ses-bars\/\" target=\"_blank\" rel=\"noopener\">Connectez-vous<\/a>\t\t\t\t<\/p>\n<p>\n\t\t\t\tChoisissez votre formule\u00a0:\n\t\t\t<\/p>\n<p>\t\t\t\tFermer<\/p>\n","protected":false},"excerpt":{"rendered":"Un mois apr\u00e8s la condamnation de la Ville de Bordeaux par la justice administrative pour son manque de&hellip;\n","protected":false},"author":2,"featured_media":627798,"comment_status":"","ping_status":"","sticky":false,"template":"","format":"standard","meta":{"footnotes":""},"categories":[2817],"tags":[1111,11,7168,1997,1777,674,1011,27,73738,12,2219,7283,25,7169],"class_list":{"0":"post-627797","1":"post","2":"type-post","3":"status-publish","4":"format-standard","5":"has-post-thumbnail","7":"category-bordeaux","8":"tag-actu","9":"tag-actualites","10":"tag-bars","11":"tag-bordeaux","12":"tag-eu","13":"tag-europe","14":"tag-fr","15":"tag-france","16":"tag-la-nuit-a-bordeaux","17":"tag-news","18":"tag-nouvelle-aquitaine","19":"tag-nuisances","20":"tag-republique-francaise","21":"tag-terrasses"},"share_on_mastodon":{"url":"https:\/\/pubeurope.com\/@fr\/115803425744410492","error":""},"_links":{"self":[{"href":"https:\/\/www.europesays.com\/fr\/wp-json\/wp\/v2\/posts\/627797","targetHints":{"allow":["GET"]}}],"collection":[{"href":"https:\/\/www.europesays.com\/fr\/wp-json\/wp\/v2\/posts"}],"about":[{"href":"https:\/\/www.europesays.com\/fr\/wp-json\/wp\/v2\/types\/post"}],"author":[{"embeddable":true,"href":"https:\/\/www.europesays.com\/fr\/wp-json\/wp\/v2\/users\/2"}],"replies":[{"embeddable":true,"href":"https:\/\/www.europesays.com\/fr\/wp-json\/wp\/v2\/comments?post=627797"}],"version-history":[{"count":0,"href":"https:\/\/www.europesays.com\/fr\/wp-json\/wp\/v2\/posts\/627797\/revisions"}],"wp:featuredmedia":[{"embeddable":true,"href":"https:\/\/www.europesays.com\/fr\/wp-json\/wp\/v2\/media\/627798"}],"wp:attachment":[{"href":"https:\/\/www.europesays.com\/fr\/wp-json\/wp\/v2\/media?parent=627797"}],"wp:term":[{"taxonomy":"category","embeddable":true,"href":"https:\/\/www.europesays.com\/fr\/wp-json\/wp\/v2\/categories?post=627797"},{"taxonomy":"post_tag","embeddable":true,"href":"https:\/\/www.europesays.com\/fr\/wp-json\/wp\/v2\/tags?post=627797"}],"curies":[{"name":"wp","href":"https:\/\/api.w.org\/{rel}","templated":true}]}}