{"id":627799,"date":"2025-12-29T14:53:11","date_gmt":"2025-12-29T14:53:11","guid":{"rendered":"https:\/\/www.europesays.com\/fr\/627799\/"},"modified":"2025-12-29T14:53:11","modified_gmt":"2025-12-29T14:53:11","slug":"clay-and-loom-un-nouvel-atelier-pour-sinitier-a-la-ceramique-et-au-tissage","status":"publish","type":"post","link":"https:\/\/www.europesays.com\/fr\/627799\/","title":{"rendered":"Clay and Loom, un nouvel atelier pour s\u2019initier \u00e0 la c\u00e9ramique et au tissage"},"content":{"rendered":"<p>\u00ab\u00a0Nous proposons des initiations \u00e0 la c\u00e9ramique avec fabrication d\u2019objets, et au tissage sur des m\u00e9tiers \u00e0 tisser. Les cours durent entre deux et trois heures, mais on peut \u00e9galement choisir un abonnement et r\u00e9aliser son projet \u00e0 l\u2019atelier\u00a0\u00bb, pr\u00e9cise Amandine Spezzatti.<\/p>\n<p>Le lieu est aussi une boutique o\u00f9 l\u2019on peut acheter des objets, mais aussi commander de la vaisselle personnalis\u00e9e ou autre r\u00e9alisation. Et pour l\u2019environnement, les artistes utilisent des produits recycl\u00e9s.<\/p>\n","protected":false},"excerpt":{"rendered":"\u00ab\u00a0Nous proposons des initiations \u00e0 la c\u00e9ramique avec fabrication d\u2019objets, et au tissage sur des m\u00e9tiers \u00e0 tisser.&hellip;\n","protected":false},"author":2,"featured_media":627800,"comment_status":"","ping_status":"","sticky":false,"template":"","format":"standard","meta":{"footnotes":""},"categories":[2817],"tags":[1111,11,1997,1777,674,1011,27,12,2219,25],"class_list":{"0":"post-627799","1":"post","2":"type-post","3":"status-publish","4":"format-standard","5":"has-post-thumbnail","7":"category-bordeaux","8":"tag-actu","9":"tag-actualites","10":"tag-bordeaux","11":"tag-eu","12":"tag-europe","13":"tag-fr","14":"tag-france","15":"tag-news","16":"tag-nouvelle-aquitaine","17":"tag-republique-francaise"},"share_on_mastodon":{"url":"https:\/\/pubeurope.com\/@fr\/115803429533644188","error":""},"_links":{"self":[{"href":"https:\/\/www.europesays.com\/fr\/wp-json\/wp\/v2\/posts\/627799","targetHints":{"allow":["GET"]}}],"collection":[{"href":"https:\/\/www.europesays.com\/fr\/wp-json\/wp\/v2\/posts"}],"about":[{"href":"https:\/\/www.europesays.com\/fr\/wp-json\/wp\/v2\/types\/post"}],"author":[{"embeddable":true,"href":"https:\/\/www.europesays.com\/fr\/wp-json\/wp\/v2\/users\/2"}],"replies":[{"embeddable":true,"href":"https:\/\/www.europesays.com\/fr\/wp-json\/wp\/v2\/comments?post=627799"}],"version-history":[{"count":0,"href":"https:\/\/www.europesays.com\/fr\/wp-json\/wp\/v2\/posts\/627799\/revisions"}],"wp:featuredmedia":[{"embeddable":true,"href":"https:\/\/www.europesays.com\/fr\/wp-json\/wp\/v2\/media\/627800"}],"wp:attachment":[{"href":"https:\/\/www.europesays.com\/fr\/wp-json\/wp\/v2\/media?parent=627799"}],"wp:term":[{"taxonomy":"category","embeddable":true,"href":"https:\/\/www.europesays.com\/fr\/wp-json\/wp\/v2\/categories?post=627799"},{"taxonomy":"post_tag","embeddable":true,"href":"https:\/\/www.europesays.com\/fr\/wp-json\/wp\/v2\/tags?post=627799"}],"curies":[{"name":"wp","href":"https:\/\/api.w.org\/{rel}","templated":true}]}}