{"id":627805,"date":"2025-12-29T14:57:09","date_gmt":"2025-12-29T14:57:09","guid":{"rendered":"https:\/\/www.europesays.com\/fr\/627805\/"},"modified":"2025-12-29T14:57:09","modified_gmt":"2025-12-29T14:57:09","slug":"grace-aux-cameras-la-police-retrouve-le-voleur-de-telephone-de-la-station-de-metro-republique-a-lille","status":"publish","type":"post","link":"https:\/\/www.europesays.com\/fr\/627805\/","title":{"rendered":"Gr\u00e2ce aux cam\u00e9ras, la police retrouve le voleur de t\u00e9l\u00e9phone de la station de m\u00e9tro R\u00e9publique \u00e0 Lille"},"content":{"rendered":"<p>                    Par<br \/>\n        <strong><br \/>\n            <a href=\"https:\/\/actu.fr\/auteur\/margot-nicodeme\" title=\"Consulter tous les articles de Margot Nicod\u00e8me\" target=\"_blank\" rel=\"noopener\">Margot Nicod\u00e8me<\/a><br \/>\n                    <\/strong><\/p>\n<p>        Publi\u00e9 le<\/p>\n<p>            29 d\u00e9c. 2025 \u00e0 14h33        <\/p>\n<p>Les <b>cam\u00e9ras <\/b>qui \u00e9quipent <b>les policiers du service de<\/b> <b>s\u00e9curisation<\/b> <b>dans les transports<\/b> ont eu raison d\u2019un voleur, dans le m\u00e9tro de <a href=\"https:\/\/actu.fr\/hauts-de-france\/lille_59350\" target=\"_blank\" rel=\"noopener\">Lille<\/a> (Nord). Le vendredi 26 d\u00e9cembre 2025, cet individu <b>s\u2019est empar\u00e9 du t\u00e9l\u00e9phone d\u2019une voyageuse<\/b> dans la station R\u00e9publique. La victime n\u2019a d\u2019abord rien remarqu\u00e9.<\/p>\n<p>Le voleur de t\u00e9l\u00e9phone dans le m\u00e9tro de Lille avait 19 ans<\/p>\n<p class=\" wall-content\">Il \u00e9tait 20h30 quand l\u2019homme a extirp\u00e9 de la poche du manteau d\u2019une femme un t\u00e9l\u00e9phone portable. C\u2019\u00e9tait au niveau des portiques de <a href=\"https:\/\/actu.fr\/hauts-de-france\/lille_59350\/metro-de-lille-ilevia-annonce-une-grande-premiere-pour-la-nuit-du-nouvel-an_63582506.html\" target=\"_blank\" rel=\"noopener\">la station de m\u00e9tro<\/a> R\u00e9publique. La victime, \u00e2g\u00e9e de 45 ans, s\u2019en est aper\u00e7ue plusieurs minutes plus tard, et a pris attache avec la police.<\/p>\n<p class=\" wall-content\">Le voleur s\u2019\u00e9tait \u00e9vapor\u00e9. Toutefois, le visionnage des images enregistr\u00e9es par les cam\u00e9ras des policiers qui arpentent les transports a permis de l\u2019identifier. Son apparence physique \u00e9tait ainsi bien dans les t\u00eates des fonctionnaires\u2026 qui lui ont tr\u00e8s vite mis la main dessus.\u00a0<\/p>\n<p class=\" wall-content\">En effet, d\u00e8s le lendemain matin, samedi, le voleur est aper\u00e7u et reconnu pr\u00e8s de la station de m\u00e9tro Wazemmes, dans le square Henri-Ghesqui\u00e8re. Il avoue avoir subtilis\u00e9 le t\u00e9l\u00e9phone.<b> \u00c2g\u00e9 de 19 ans, il a \u00e9t\u00e9 interpell\u00e9 et plac\u00e9 en garde \u00e0 vue<\/b>.<\/p>\n<p class=\" wall-content\">Personnalisez votre actualit\u00e9 en ajoutant vos villes et m\u00e9dias en favori avec <a href=\"https:\/\/moncompte.actu.fr\" title=\"D\u00e9couvez Mon Actu\" rel=\"nofollow noopener\" data-trk=\"{&quot;cta&quot;:{&quot;action&quot;:&quot;https:\\\/\\\/moncompte.actu.fr&quot;,&quot;category&quot;:&quot;mon compte&quot;,&quot;from&quot;:&quot;article footer&quot;,&quot;name&quot;:&quot;Mon actu&quot;,&quot;type&quot;:&quot;cta&quot;}}\" target=\"_blank\">Mon Actu<\/a>.<\/p>\n","protected":false},"excerpt":{"rendered":"Par Margot Nicod\u00e8me Publi\u00e9 le 29 d\u00e9c. 2025 \u00e0 14h33 Les cam\u00e9ras qui \u00e9quipent les policiers du service&hellip;\n","protected":false},"author":2,"featured_media":627806,"comment_status":"","ping_status":"","sticky":false,"template":"","format":"standard","meta":{"footnotes":""},"categories":[2815],"tags":[1111,11,1777,674,118,1011,27,811,1307,4047,12,1072,25],"class_list":{"0":"post-627805","1":"post","2":"type-post","3":"status-publish","4":"format-standard","5":"has-post-thumbnail","7":"category-lille","8":"tag-actu","9":"tag-actualites","10":"tag-eu","11":"tag-europe","12":"tag-faits-divers","13":"tag-fr","14":"tag-france","15":"tag-hauts-de-france","16":"tag-lille","17":"tag-metro","18":"tag-news","19":"tag-police","20":"tag-republique-francaise"},"share_on_mastodon":{"url":"https:\/\/pubeurope.com\/@fr\/115803445237344379","error":""},"_links":{"self":[{"href":"https:\/\/www.europesays.com\/fr\/wp-json\/wp\/v2\/posts\/627805","targetHints":{"allow":["GET"]}}],"collection":[{"href":"https:\/\/www.europesays.com\/fr\/wp-json\/wp\/v2\/posts"}],"about":[{"href":"https:\/\/www.europesays.com\/fr\/wp-json\/wp\/v2\/types\/post"}],"author":[{"embeddable":true,"href":"https:\/\/www.europesays.com\/fr\/wp-json\/wp\/v2\/users\/2"}],"replies":[{"embeddable":true,"href":"https:\/\/www.europesays.com\/fr\/wp-json\/wp\/v2\/comments?post=627805"}],"version-history":[{"count":0,"href":"https:\/\/www.europesays.com\/fr\/wp-json\/wp\/v2\/posts\/627805\/revisions"}],"wp:featuredmedia":[{"embeddable":true,"href":"https:\/\/www.europesays.com\/fr\/wp-json\/wp\/v2\/media\/627806"}],"wp:attachment":[{"href":"https:\/\/www.europesays.com\/fr\/wp-json\/wp\/v2\/media?parent=627805"}],"wp:term":[{"taxonomy":"category","embeddable":true,"href":"https:\/\/www.europesays.com\/fr\/wp-json\/wp\/v2\/categories?post=627805"},{"taxonomy":"post_tag","embeddable":true,"href":"https:\/\/www.europesays.com\/fr\/wp-json\/wp\/v2\/tags?post=627805"}],"curies":[{"name":"wp","href":"https:\/\/api.w.org\/{rel}","templated":true}]}}