{"id":627809,"date":"2025-12-29T14:59:10","date_gmt":"2025-12-29T14:59:10","guid":{"rendered":"https:\/\/www.europesays.com\/fr\/627809\/"},"modified":"2025-12-29T14:59:10","modified_gmt":"2025-12-29T14:59:10","slug":"municipales-2026-a-marseille-ludi-soutient-la-candidate-divers-droite-martine-vassal","status":"publish","type":"post","link":"https:\/\/www.europesays.com\/fr\/627809\/","title":{"rendered":"Municipales 2026 \u00e0 Marseille\u00a0: l\u2019UDI soutient la candidate divers droite Martine Vassal"},"content":{"rendered":"<p class=\"paragraph text_align_left lp-f-body-02\">Apr\u00e8s Renaissance, LR et Horizons, l\u2019Union des d\u00e9mocrates et ind\u00e9pendants (UDI) adoube \u00e0 son tour la candidate de la droite et du centre aux <a href=\"https:\/\/www.leparisien.fr\/elections\/municipales\/marseille\/\" target=\"_self\" rel=\"noopener\">\u00e9lections municipales de Marseille<\/a>, Martine Vassal, a annonc\u00e9 le parti de centre-droit dans un communiqu\u00e9 publi\u00e9 lundi.<\/p>\n<p class=\"\">\u00ab Dans le cadre des municipales de mars 2026, l\u2019UDI apporte son soutien \u00e0 Martine Vassal pour Marseille \u00bb, \u00e9crit le parti sur X.<\/p>\n<p class=\"\">\u00ab Notre mouvement affirme sa volont\u00e9 de rassembler le centre et la droite autour d\u2019un projet pour <a href=\"https:\/\/www.leparisien.fr\/elections\/municipales\/municipales-2026-marseille-en-eaux-troubles-le-match-des-alliances-est-lance-16-12-2025-SIGUTSPNW5HLNC5WOYEZ7UZUBA.php\" target=\"_self\" rel=\"noopener\">la deuxi\u00e8me ville de France<\/a> fond\u00e9 sur le respect des libert\u00e9s fondamentales, la fraternit\u00e9, la justice territoriale, la cr\u00e9ativit\u00e9 et la prosp\u00e9rit\u00e9 partag\u00e9e \u00bb, ajoute le parti pr\u00e9sid\u00e9 par Herv\u00e9 Marseille, chef de file des s\u00e9nateurs centristes.<\/p>\n<p>Pas d\u2019alliance avec le RN ?<\/p>\n<p class=\"\">Cette annonce intervient un mois apr\u00e8s les propos pol\u00e9miques de Martine Vassal, qui avait <a href=\"https:\/\/www.leparisien.fr\/elections\/municipales\/municipales-2026-polemique-a-marseille-apres-des-declarations-de-martine-vassal-sur-un-possible-rapprochement-avec-le-rn-au-second-tour-01-12-2025-BE5X4IANNRFSHFHAGQUCDB5FZE.php\" target=\"_self\" rel=\"noopener\">esquiv\u00e9 une question sur une possible alliance avec le RN<\/a> au second tour lors d\u2019une interview.<\/p>\n<p class=\"\">Face \u00e0 l\u2019emballement, l\u2019actuelle pr\u00e9sidente du d\u00e9partement des Bouches-du-Rh\u00f4ne et de la m\u00e9tropole Aix-Marseille-Provence, qui avait essuy\u00e9 une cuisante d\u00e9faite en 2020, avait clarifi\u00e9 son propos : \u00ab en aucun cas il n\u2019a \u00e9t\u00e9 question d\u2019une alliance avec les extr\u00eames, que j\u2019ai combattus pendant toute ma vie politique ! \u00bb, avait-elle \u00e9crit sur X.<\/p>\n<p class=\"\">Marseille sera l\u2019un des points chauds des municipales avec comme principaux candidats face \u00e0 Martine Vassal, le d\u00e9put\u00e9 RN <a href=\"https:\/\/www.leparisien.fr\/elections\/municipales\/municipales-2026-le-candidat-du-rn-franck-allisio-demande-letat-durgence-a-marseille-face-au-narcotrafic-18-11-2025-HXJNZ6I5INDA5ALEJDH5KHCRGE.php\" target=\"_self\" rel=\"noopener\">Franck Allisio<\/a> et le d\u00e9put\u00e9 LFI <a href=\"https:\/\/www.leparisien.fr\/elections\/municipales\/municipales-2026-a-marseille-face-au-rn-franck-allisio-sebastien-delogu-assume-ses-propos-sur-la-police-16-12-2025-J5DTYREYYJHOTCAO5AABH454HY.php\" target=\"_self\" rel=\"noopener\">S\u00e9bastien Delogu<\/a>. Le maire divers gauche <a href=\"https:\/\/www.leparisien.fr\/societe\/le-maire-de-marseille-benoit-payan-affirme-avoir-recu-402-menaces-de-mort-depuis-le-mois-de-septembre-19-11-2025-WCTHTBPH6ZGPZPOWD5QV3EJ3SM.php\" target=\"_self\" rel=\"noopener\">Beno\u00eet Payan<\/a>, \u00e0 la t\u00eate d\u2019une coalition de gauche, \u00e9cologiste et citoyenne, n\u2019a lui pas encore officialis\u00e9 sa candidature, qui fait peu de doute.<\/p>\n<p class=\"\">Les derniers sondages donnent Payan, Vassal et Allisio dans une fourchette souvent proche de la marge d\u2019erreur. Les \u00e9ventuelles alliances ou d\u00e9sistements sont donc au centre des sp\u00e9culations.<\/p>\n","protected":false},"excerpt":{"rendered":"Apr\u00e8s Renaissance, LR et Horizons, l\u2019Union des d\u00e9mocrates et ind\u00e9pendants (UDI) adoube \u00e0 son tour la candidate de&hellip;\n","protected":false},"author":2,"featured_media":575387,"comment_status":"","ping_status":"","sticky":false,"template":"","format":"standard","meta":{"footnotes":""},"categories":[2814],"tags":[1111,11,5949,1777,674,1011,27,884,3554,12,316,882,25],"class_list":{"0":"post-627809","1":"post","2":"type-post","3":"status-publish","4":"format-standard","5":"has-post-thumbnail","7":"category-marseille","8":"tag-actu","9":"tag-actualites","10":"tag-elections","11":"tag-eu","12":"tag-europe","13":"tag-fr","14":"tag-france","15":"tag-marseille","16":"tag-municipales","17":"tag-news","18":"tag-politique","19":"tag-provence-alpes-cote-dazur","20":"tag-republique-francaise"},"share_on_mastodon":{"url":"https:\/\/pubeurope.com\/@fr\/115803453145268737","error":""},"_links":{"self":[{"href":"https:\/\/www.europesays.com\/fr\/wp-json\/wp\/v2\/posts\/627809","targetHints":{"allow":["GET"]}}],"collection":[{"href":"https:\/\/www.europesays.com\/fr\/wp-json\/wp\/v2\/posts"}],"about":[{"href":"https:\/\/www.europesays.com\/fr\/wp-json\/wp\/v2\/types\/post"}],"author":[{"embeddable":true,"href":"https:\/\/www.europesays.com\/fr\/wp-json\/wp\/v2\/users\/2"}],"replies":[{"embeddable":true,"href":"https:\/\/www.europesays.com\/fr\/wp-json\/wp\/v2\/comments?post=627809"}],"version-history":[{"count":0,"href":"https:\/\/www.europesays.com\/fr\/wp-json\/wp\/v2\/posts\/627809\/revisions"}],"wp:featuredmedia":[{"embeddable":true,"href":"https:\/\/www.europesays.com\/fr\/wp-json\/wp\/v2\/media\/575387"}],"wp:attachment":[{"href":"https:\/\/www.europesays.com\/fr\/wp-json\/wp\/v2\/media?parent=627809"}],"wp:term":[{"taxonomy":"category","embeddable":true,"href":"https:\/\/www.europesays.com\/fr\/wp-json\/wp\/v2\/categories?post=627809"},{"taxonomy":"post_tag","embeddable":true,"href":"https:\/\/www.europesays.com\/fr\/wp-json\/wp\/v2\/tags?post=627809"}],"curies":[{"name":"wp","href":"https:\/\/api.w.org\/{rel}","templated":true}]}}