{"id":627812,"date":"2025-12-29T15:01:17","date_gmt":"2025-12-29T15:01:17","guid":{"rendered":"https:\/\/www.europesays.com\/fr\/627812\/"},"modified":"2025-12-29T15:01:17","modified_gmt":"2025-12-29T15:01:17","slug":"une-machine-a-soda-explose-dans-un-bagage","status":"publish","type":"post","link":"https:\/\/www.europesays.com\/fr\/627812\/","title":{"rendered":"une machine \u00e0 soda explose dans un bagage"},"content":{"rendered":"\n<p>       \u2013   <\/p>\n<p>  L\u2019explosion d\u2019une valise s\u00e8me la terreur \u00e0 la Gare de Lyon <\/p>\n<p class=\"lead regular externalicon-big astro-mrojhlls\"> Ce lundi, une bouteille d\u2019air comprim\u00e9 a \u00e9clat\u00e9 dans un bagage. Des voyageurs ont fui, craignant un acte terroriste. La gare a \u00e9t\u00e9 \u00e9vacu\u00e9e. Les d\u00e9mineurs viennent de lever l\u2019alerte.    <\/p>\n<p>   <img loading=\"lazy\" decoding=\"async\" src=\"https:\/\/www.europesays.com\/fr\/wp-content\/uploads\/2025\/06\/6A17SKeUalK9Nv0mDqJd6T.jpg\"  width=\"100\" height=\"100\"  alt=\"Claude Beda\" class=\"AuthorImage -content-head authorimage astro-vmrqen7w astro-g7nkasli\" style=\"background-color:#A7A7A7\"\/>        Publi\u00e9 aujourd\u2019hui \u00e0 14h31                   <img decoding=\"async\" loading=\"eager\" fetchpriority=\"high\" src=\"https:\/\/www.europesays.com\/fr\/wp-content\/uploads\/2025\/12\/87gjBriRq1ABqQ_XTAAt9m.jpg\" data-image-url=\"https:\/\/www.europesays.com\/fr\/wp-content\/uploads\/2025\/12\/87gjBriRq1ABqQ_XTAAt9m.jpg\" alt=\"Foule de passagers sur le quai de la SNCF \u00e0 la Gare de Lyon \u00e0 Paris lors d\u2019une gr\u00e8ve des transports le 12\u00a0d\u00e9cembre 2019.\" title=\"Foule de passagers sur le quai de la SNCF \u00e0 la Gare de Lyon \u00e0 Paris lors d\u2019une gr\u00e8ve des transports le 12\u00a0d\u00e9cembre 2019.\" class=\"ResponsiveImage responsive-image astro-lrzy7jfn\" style=\"background-color:#5C4045\" onload=\"this.style.backgroundColor = &quot;transparent&quot;\"\/>         <\/p>\n<p>\u00c0 Paris, une machine \u00e0 soda a explos\u00e9 dans un bagage lundi matin dans la Gare de Lyon bond\u00e9e. <\/p>\n<p>AFP<\/p>\n<p>        Abonnez-vous d\u00e8s maintenant et profitez de la fonction de lecture audio. <\/p>\n<p>  S&rsquo;abonner   Se connecter  <\/p>\n<p>    <a href=\"https:\/\/bottalk.io\/\" class=\"bottalklink astro-5ez2hx6t\" target=\"_blank\" rel=\"noreferrer noopener\"> BotTalk <\/a>         <strong class=\"title astro-drgxelou\">En bref:<\/strong> <\/p>\n<ul class=\"list astro-drgxelou\" data-is-full-list=\"false\">\n<li class=\"astro-drgxelou\">Une machine \u00e0 soda a explos\u00e9 dans un bagage lundi matin.<\/li>\n<li class=\"astro-drgxelou\">L\u2019incident a provoqu\u00e9 une \u00e9vacuation partielle de la gare parisienne.<\/li>\n<li class=\"astro-drgxelou\">Le propri\u00e9taire s\u2019est pr\u00e9sent\u00e9 spontan\u00e9ment pour expliquer la situation aux policiers.<\/li>\n<\/ul>\n<p class=\"articleParagraph externalicon-big focus _content-width article-element astro-g2qwsodm astro-hwk6bfo3\">L\u2019explosion d\u2019une machine \u00e0 soda dans un bagage a sem\u00e9 momentan\u00e9ment la panique \u00e0 la Gare de Lyon ce lundi, en pleine p\u00e9riode d\u2019affluence des vacances de No\u00ebl. La d\u00e9flagration, survenue aux alentours de 11\u00a0h\u00a045 dans le hall\u00a01, a d\u00e9clench\u00e9 l\u2019intervention imm\u00e9diate des forces de l\u2019ordre et conduit \u00e0 une \u00e9vacuation partielle de la gare, selon les informations du journal \u00ab <a class=\" astro-hwk6bfo3\" target=\"_blank\" rel=\"noopener noreferrer\" href=\"https:\/\/www.leparisien.fr\/faits-divers\/la-gare-de-lyon-partiellement-evacuee-apres-lexplosion-dune-machine-a-soda-dans-un-bagage-29-12-2025-5R27XZX5BJB4DPYCQTDHMMQXGY.php?at_medium=Social%2520media%26at_campaign%3DPartage%2520Natif%2520Apps\" data-article-link=\"https:\/\/www.leparisien.fr\/faits-divers\/la-gare-de-lyon-partiellement-evacuee-apres-lexplosion-dune-machine-a-soda-dans-un-bagage-29-12-2025-5R27XZX5BJB4DPYCQTDHMMQXGY.php?at_medium=Social%2520media%26at_campaign%3DPartage%2520Natif%2520Apps\">Le Parisien<\/a>\u00bb confirm\u00e9es par la SNCF. <\/p>\n<p class=\"articleParagraph externalicon-big focus _content-width article-element astro-g2qwsodm astro-hwk6bfo3\">La d\u00e9tonation, caus\u00e9e par l\u2019\u00e9clatement d\u2019une bouteille d\u2019air comprim\u00e9 dans un appareil \u00e0 gaz\u00e9ifier les boissons, a endommag\u00e9 le bagage qui le contenait. Par chance, un \u00e9quipage de la Brigade des r\u00e9seaux franciliens se trouvait \u00e0 seulement 3\u00a0m\u00e8tres du lieu de l\u2019incident. Cette pr\u00e9sence opportune a permis une r\u00e9action rapide avec l\u2019\u00e9tablissement d\u2019un p\u00e9rim\u00e8tre de s\u00e9curit\u00e9 autour des d\u00e9bris \u00e9parpill\u00e9s au sol. <\/p>\n<p class=\"articleParagraph externalicon-big focus _content-width article-element astro-g2qwsodm astro-hwk6bfo3\">Le propri\u00e9taire de la valise endommag\u00e9e s\u2019est pr\u00e9sent\u00e9 spontan\u00e9ment aux policiers pour expliquer la nature de l\u2019objet transport\u00e9. Pendant ce temps, de nombreux voyageurs, craignant un acte malveillant, ont quitt\u00e9 pr\u00e9cipitamment les lieux, abandonnant parfois leurs propres bagages dans leur h\u00e2te. <\/p>\n<p class=\"articleParagraph externalicon-big focus _content-width article-element astro-g2qwsodm astro-hwk6bfo3\">Les d\u00e9mineurs, appuy\u00e9s par un chien sp\u00e9cialis\u00e9 dans la d\u00e9tection d\u2019explosifs, ont proc\u00e9d\u00e9 aux v\u00e9rifications d\u2019usage. Vers 12\u00a0h\u00a045, la SNCF confirmait la fin de l\u2019alerte, pr\u00e9cisant que l\u2019effet sur le trafic ferroviaire \u00e9tait rest\u00e9 \u00abmineur\u00bb malgr\u00e9 le dispositif d\u00e9ploy\u00e9 et l\u2019\u00e9vacuation partielle. <\/p>\n<p class=\"boxtitle astro-42aj3uwb astro-hwk6bfo3\">En lien avec la Gare de Lyon <\/p>\n<p>        Newsletter   <\/p>\n<p>\u00abDerni\u00e8res nouvelles\u00bb<\/p>\n<p> Vous voulez rester au top de l\u2019info? \u00ab24 heures\u00bb vous propose deux rendez-vous par jour, pour ne rien rater de ce qui se passe dans votre Canton, en Suisse ou dans le monde. <\/p>\n<p class=\"astro-cztuaoj5\"> <a class=\"more astro-cztuaoj5\" href=\"https:\/\/www.24heures.ch\/nos-newsletters\" target=\"_blank\" rel=\"noopener\"> Autres newsletters <\/a> <\/p>\n<p>     Se connecter             <strong>Claude B\u00e9da<\/strong>  est journaliste \u00e0 la rubrique vaudoise de 24 heures. Licenci\u00e9 en sciences sociales et politiques, passionn\u00e9 par les sujets de soci\u00e9t\u00e9 et la vie des gens d\u2019ici, il a couvert plusieurs r\u00e9gions du canton, avant de rejoindre la r\u00e9daction lausannoise.    <a href=\"https:\/\/www.24heures.ch\/author\/59968929\/claude-beda\" class=\"moreinfo _underlinelink astro-pukeoetg\" target=\"_blank\" rel=\"noopener\"> Plus d&rsquo;infos <\/a>     <\/p>\n<p class=\"Feedback content-width astro-kvtdmsee\"> Vous avez trouv\u00e9 une erreur? <a href=\"https:\/\/www.24heures.ch\/mailto:tes_correction@tamedia.ch?subject=Avis%20d\" erreur=\"\" class=\"feedbacklink _underlinelink astro-kvtdmsee\" target=\"_blank\" rel=\"noopener\"> Merci de nous la signaler. <\/a> <\/p>\n<p>\u00c0 Paris, une machine \u00e0 soda a explos\u00e9 dans un bagage lundi matin dans la Gare de Lyon bond\u00e9e. <\/p>\n<p>AFP<\/p>\n","protected":false},"excerpt":{"rendered":"\u2013 L\u2019explosion d\u2019une valise s\u00e8me la terreur \u00e0 la Gare de Lyon Ce lundi, une bouteille d\u2019air comprim\u00e9&hellip;\n","protected":false},"author":2,"featured_media":627813,"comment_status":"","ping_status":"","sticky":false,"template":"","format":"standard","meta":{"footnotes":""},"categories":[1889],"tags":[1111,11,2430,1777,674,1011,27,2428,12,25,2300],"class_list":{"0":"post-627812","1":"post","2":"type-post","3":"status-publish","4":"format-standard","5":"has-post-thumbnail","7":"category-lyon","8":"tag-actu","9":"tag-actualites","10":"tag-auvergne-rhone-alpes","11":"tag-eu","12":"tag-europe","13":"tag-fr","14":"tag-france","15":"tag-lyon","16":"tag-news","17":"tag-republique-francaise","18":"tag-stats-seo"},"share_on_mastodon":{"url":"https:\/\/pubeurope.com\/@fr\/115803460982365714","error":""},"_links":{"self":[{"href":"https:\/\/www.europesays.com\/fr\/wp-json\/wp\/v2\/posts\/627812","targetHints":{"allow":["GET"]}}],"collection":[{"href":"https:\/\/www.europesays.com\/fr\/wp-json\/wp\/v2\/posts"}],"about":[{"href":"https:\/\/www.europesays.com\/fr\/wp-json\/wp\/v2\/types\/post"}],"author":[{"embeddable":true,"href":"https:\/\/www.europesays.com\/fr\/wp-json\/wp\/v2\/users\/2"}],"replies":[{"embeddable":true,"href":"https:\/\/www.europesays.com\/fr\/wp-json\/wp\/v2\/comments?post=627812"}],"version-history":[{"count":0,"href":"https:\/\/www.europesays.com\/fr\/wp-json\/wp\/v2\/posts\/627812\/revisions"}],"wp:featuredmedia":[{"embeddable":true,"href":"https:\/\/www.europesays.com\/fr\/wp-json\/wp\/v2\/media\/627813"}],"wp:attachment":[{"href":"https:\/\/www.europesays.com\/fr\/wp-json\/wp\/v2\/media?parent=627812"}],"wp:term":[{"taxonomy":"category","embeddable":true,"href":"https:\/\/www.europesays.com\/fr\/wp-json\/wp\/v2\/categories?post=627812"},{"taxonomy":"post_tag","embeddable":true,"href":"https:\/\/www.europesays.com\/fr\/wp-json\/wp\/v2\/tags?post=627812"}],"curies":[{"name":"wp","href":"https:\/\/api.w.org\/{rel}","templated":true}]}}