{"id":627818,"date":"2025-12-29T15:05:13","date_gmt":"2025-12-29T15:05:13","guid":{"rendered":"https:\/\/www.europesays.com\/fr\/627818\/"},"modified":"2025-12-29T15:05:13","modified_gmt":"2025-12-29T15:05:13","slug":"paris-un-homme-retrouve-mort-dans-le-17%e1%b5%89-arrondissement-probablement-a-cause-du-froid","status":"publish","type":"post","link":"https:\/\/www.europesays.com\/fr\/627818\/","title":{"rendered":"Paris : un homme retrouv\u00e9 mort dans le 17\u1d49 arrondissement, probablement \u00e0 cause du froid"},"content":{"rendered":"<ul class=\"jsx-862013697 ArticleChapo__List\">\n<li class=\"jsx-862013697 ArticleChapo__List_Item flex\">Le corps d&rsquo;un homme, probablement d\u00e9c\u00e9d\u00e9 \u00e0 cause du froid, a \u00e9t\u00e9 d\u00e9couvert dimanche en fin d&rsquo;apr\u00e8s-midi dans le 17\u1d49\u00a0arrondissement de Paris, a appris TF1-LCI ce lundi.<\/li>\n<li class=\"jsx-862013697 ArticleChapo__List_Item flex\">Le plan Grand Froid avait \u00e9t\u00e9 activ\u00e9 ce m\u00eame jour par la pr\u00e9fecture dans la capitale.<\/li>\n<\/ul>\n<p data-module=\"article-paragraph\" class=\"jsx-157965717 Paragraph Paragraph__End\">Le corps d&rsquo;un homme, probablement d\u00e9c\u00e9d\u00e9 \u00e0 cause du froid, a \u00e9t\u00e9 d\u00e9couvert ce dimanche dans le 17\u1d49\u00a0arrondissement de Paris. Selon les informations de TF1-LCI, en fin d&rsquo;apr\u00e8s-midi hier, les pompiers ont \u00e9t\u00e9 appel\u00e9s pour aller \u00e0 la rencontre d&rsquo;un homme inanim\u00e9 sur un trottoir du boulevard Berthier, et ont constat\u00e9 le d\u00e9c\u00e8s de ce dernier aux alentours de 18h40. Selon le visionnage des images de vid\u00e9osurveillance, l&rsquo;homme se trouvait dans cette m\u00eame position depuis le matin.\u00a0<\/p>\n<p>Un habitu\u00e9 d&rsquo;un foyer Emma\u00fcs voisin<\/p>\n<p data-module=\"article-paragraph\" class=\"jsx-157965717 Paragraph\">L&rsquo;homme d\u00e9c\u00e9d\u00e9, dont l&rsquo;\u00e2ge n&rsquo;a pas \u00e9t\u00e9 pr\u00e9cis\u00e9, a \u00e9t\u00e9 identifi\u00e9 par des riverains comme un habitu\u00e9 d&rsquo;un foyer <a href=\"https:\/\/www.tf1info.fr\/societe\/impossible-d-honorer-son-image-emmaues-prend-ses-distances-avec-l-abbe-pierre-en-le-retirant-de-son-logo-2346100.html\" target=\"_blank\" rel=\"noopener\">Emma\u00fcs<\/a> voisin, nous a indiqu\u00e9 une source polici\u00e8re. Le responsable du foyer a confirm\u00e9 cette information et aid\u00e9 \u00e0 l&rsquo;identification de la victime. Celui-ci a pr\u00e9cis\u00e9 qu&rsquo;il ne savait pas pourquoi l&rsquo;homme n&rsquo;avait pas occup\u00e9 sa chambre dans la nuit de samedi \u00e0 dimanche.<\/p>\n<p data-module=\"article-paragraph\" class=\"jsx-157965717 Paragraph Paragraph__End\">Le corps du d\u00e9funt, qui ne pr\u00e9sentait pas de traces de violence ou de marque suspecte, a \u00e9t\u00e9 transport\u00e9 \u00e0 l&rsquo;Institut m\u00e9dico-l\u00e9gal par les pompes fun\u00e8bres et une proc\u00e9dure de recherche des causes de la mort a \u00e9t\u00e9 diligent\u00e9e.<\/p>\n<p><a href=\"https:\/\/www.tf1info.fr\/societe\/video-il-faut-anticiper-au-lieu-d-attendre-la-crise-le-plan-grand-froid-a-t-il-trop-tarde-cette-annee-2415446.html\" rel=\"noopener\" class=\"jsx-3308031228 Link flex\" target=\"_blank\"><img decoding=\"async\" src=\"https:\/\/www.europesays.com\/fr\/wp-content\/uploads\/2025\/12\/en-toute-franchise-agnes-ricard-hibon-1-9db5c1-0@1x.jpeg\" alt=\"Capture vid\u00e9o LCI\" loading=\"lazy\" importance=\"low\" fetchpriority=\"low\" class=\"\" aria-hidden=\"true\"\/><\/p>\n<p class=\"jsx-3657663356 ReadMoreArticle__Title\">Lire aussi<\/p>\n<p class=\"jsx-3657663356\">\u00ab\u00a0Il faut anticiper au lieu d&rsquo;attendre la crise\u00a0\u00bb : le plan Grand Froid a-t-il trop tard\u00e9 cette ann\u00e9e ?<\/p>\n<p><\/a><\/p>\n<p data-module=\"article-paragraph\" class=\"jsx-157965717 Paragraph\">La pr\u00e9fecture d&rsquo;\u00cele-de-France avait annonc\u00e9 dimanche 28 d\u00e9cembre avoir activ\u00e9 le <a href=\"https:\/\/www.tf1info.fr\/meteo\/meteo-froid-reclame-par-la-mairie-de-paris-le-plan-grand-froid-enfin-active-en-region-parisienne-2415350.html\" target=\"_blank\" rel=\"noopener\">plan grand froid \u00e0 Paris<\/a>, o\u00f9 une vague de froid doit persister ces prochains jours, avec des temp\u00e9ratures parfois n\u00e9gatives la nuit et ne d\u00e9passant pas 4\u00b0C la journ\u00e9e.\u00a0<\/p>\n<p data-module=\"article-paragraph\" class=\"jsx-157965717 Paragraph Paragraph__End\">Ce dispositif, d\u00e9clench\u00e9 par plusieurs pr\u00e9fectures en France, permet une extension des horaires d&rsquo;ouverture des accueils de jour, un renforcement des maraudes et la r\u00e9quisition de lieux pour ouvrir des places d&rsquo;h\u00e9bergement d&rsquo;urgence pour les sans-abri.<\/p>\n<p>J.F. avec le service police-justice<\/p>\n","protected":false},"excerpt":{"rendered":"Le corps d&rsquo;un homme, probablement d\u00e9c\u00e9d\u00e9 \u00e0 cause du froid, a \u00e9t\u00e9 d\u00e9couvert dimanche en fin d&rsquo;apr\u00e8s-midi dans&hellip;\n","protected":false},"author":2,"featured_media":625955,"comment_status":"","ping_status":"","sticky":false,"template":"","format":"standard","meta":{"footnotes":""},"categories":[1888],"tags":[1111,1928,11,1927,1921,1777,674,1011,27,1922,2954,12,1926,626,1925,73314,25,133,2953],"class_list":{"0":"post-627818","1":"post","2":"type-post","3":"status-publish","4":"format-standard","5":"has-post-thumbnail","7":"category-paris","8":"tag-actu","9":"tag-actu-paris","10":"tag-actualites","11":"tag-actualites-paris","12":"tag-article-video","13":"tag-eu","14":"tag-europe","15":"tag-fr","16":"tag-france","17":"tag-info","18":"tag-justice-et-faits-divers","19":"tag-news","20":"tag-news-paris","21":"tag-paris","22":"tag-paris-news","23":"tag-plan-grand-froid","24":"tag-republique-francaise","25":"tag-video","26":"tag-video-police"},"share_on_mastodon":{"url":"https:\/\/pubeurope.com\/@fr\/115803476778492732","error":""},"_links":{"self":[{"href":"https:\/\/www.europesays.com\/fr\/wp-json\/wp\/v2\/posts\/627818","targetHints":{"allow":["GET"]}}],"collection":[{"href":"https:\/\/www.europesays.com\/fr\/wp-json\/wp\/v2\/posts"}],"about":[{"href":"https:\/\/www.europesays.com\/fr\/wp-json\/wp\/v2\/types\/post"}],"author":[{"embeddable":true,"href":"https:\/\/www.europesays.com\/fr\/wp-json\/wp\/v2\/users\/2"}],"replies":[{"embeddable":true,"href":"https:\/\/www.europesays.com\/fr\/wp-json\/wp\/v2\/comments?post=627818"}],"version-history":[{"count":0,"href":"https:\/\/www.europesays.com\/fr\/wp-json\/wp\/v2\/posts\/627818\/revisions"}],"wp:featuredmedia":[{"embeddable":true,"href":"https:\/\/www.europesays.com\/fr\/wp-json\/wp\/v2\/media\/625955"}],"wp:attachment":[{"href":"https:\/\/www.europesays.com\/fr\/wp-json\/wp\/v2\/media?parent=627818"}],"wp:term":[{"taxonomy":"category","embeddable":true,"href":"https:\/\/www.europesays.com\/fr\/wp-json\/wp\/v2\/categories?post=627818"},{"taxonomy":"post_tag","embeddable":true,"href":"https:\/\/www.europesays.com\/fr\/wp-json\/wp\/v2\/tags?post=627818"}],"curies":[{"name":"wp","href":"https:\/\/api.w.org\/{rel}","templated":true}]}}