{"id":627826,"date":"2025-12-29T15:08:11","date_gmt":"2025-12-29T15:08:11","guid":{"rendered":"https:\/\/www.europesays.com\/fr\/627826\/"},"modified":"2025-12-29T15:08:11","modified_gmt":"2025-12-29T15:08:11","slug":"bientot-la-fin-de-la-guerre-en-ukraine-dw-29-12-2025","status":"publish","type":"post","link":"https:\/\/www.europesays.com\/fr\/627826\/","title":{"rendered":"Bient\u00f4t la fin de la guerre en Ukraine ? \u2013 DW \u2013 29\/12\/2025"},"content":{"rendered":"<p><a class=\"internal-link\" href=\"https:\/\/www.dw.com\/fr\/donald-trump\/t-71293755\" target=\"_blank\" rel=\"noopener\">Donald Trump<\/a> a estim\u00e9 ce dimanche (28.12.2025) \u00eatre plus pr\u00e8s que jamais d&rsquo;un <a class=\"internal-link\" href=\"https:\/\/www.dw.com\/fr\/guerre-en-ukraine\/t-61096880\" target=\"_blank\" rel=\"noopener\">accord de paix en Ukraine<\/a>, apr\u00e8s une rencontre en Floride avec <a class=\"internal-link\" href=\"https:\/\/www.dw.com\/fr\/volodymyr-zelensky\/t-64996511\" target=\"_blank\" rel=\"noopener\">Volodymyr Zelensky<\/a> et un entretien avec <a class=\"internal-link\" href=\"https:\/\/www.dw.com\/fr\/vladimir-poutine\/t-61002271\" target=\"_blank\" rel=\"noopener\">Vladimir Poutine<\/a>, sans toutefois d\u00e9tailler aucune avanc\u00e9e concr\u00e8te.<\/p>\n<p>S&rsquo;exprimant depuis sa r\u00e9sidence Mar-a-Lago \u00e0 Palm Beach, en Floride, o\u00f9 il a re\u00e7u le dirigeant ukrainien en pr\u00e9sence de plusieurs hauts-responsables des deux pays, le pr\u00e9sident <a class=\"internal-link\" href=\"https:\/\/www.dw.com\/fr\/etats-unis\/t-19319665\" target=\"_blank\" rel=\"noopener\">am\u00e9ricain<\/a> s&rsquo;est montr\u00e9 r\u00e9solument optimiste mais \u00e9vasif, assurant que les prochaines semaines diraient si la guerre peut prendre fin.<\/p>\n<p>\u00ab\u00a0Ca a \u00e9t\u00e9 une n\u00e9gociation tr\u00e8s difficile\u00a0\u00bb, a d\u00e9clar\u00e9\u00a0le pr\u00e9sident am\u00e9ricain, \u00e9voquant de \u00ab\u00a0nombreux progr\u00e8s\u00a0\u00bb. \u00ab\u00a0Je ne veux pas dire quand, mais je pense que nous allons y arriver\u00a0\u00bb, a-t-il poursuivi, proposant aussi de venir s&rsquo;exprimer devant le Parlement ukrainien pour faire avancer son plan de paix.<\/p>\n<p>Un entretien \u00ab\u00a0tr\u00e8s productif\u00a0\u00bb avec Vladimir Poutine<\/p>\n<p>La nouvelle version propose un gel du front sur les positions actuelles sans offrir de solution imm\u00e9diate face aux revendications territoriales de la <a class=\"internal-link\" href=\"https:\/\/www.dw.com\/fr\/russie\/t-61000531\" target=\"_blank\" rel=\"noopener\">Russie<\/a>, qui contr\u00f4le environ 20% de l&rsquo;Ukraine.<\/p>\n<p>Le nouveau document abandonne aussi deux exigences cl\u00e9s du Kremlin: un retrait des troupes ukrainiennes de la r\u00e9gion de Donetsk, dans le Donbass, et un engagement de l&rsquo;Ukraine juridiquement contraignant de non-adh\u00e9sion \u00e0 l&rsquo;<a class=\"internal-link\" href=\"https:\/\/www.dw.com\/fr\/otan\/t-61006787\" target=\"_blank\" rel=\"noopener\">OTAN<\/a>.<\/p>\n<p>Sur le Donbass, question centrale pour toute issue au conflit, Donald Trump a assur\u00e9: \u00ab\u00a0Nous nous rapprochons beaucoup, peut-\u00eatre m\u00eame de tr\u00e8s pr\u00e8s\u00a0\u00bb d&rsquo;un accord.<\/p>\n<p><img data-format=\"MASTER_LANDSCAPE\" data-id=\"75121298\" data-url=\"https:\/\/static.dw.com\/image\/75121298_${formatId}.jpg\" data-aspect-ratio=\"16\/9\" alt=\"Des soldats hissent le drapeau russe apr\u00e8s aveoir pris la ville de Siversk\" style=\"padding-bottom: 56.25%; height: 0; max-height: 0;\"\/>Sur le terrain, les combats continuent de faire rage, comme \u00e0 Siversk, dans la r\u00e9gion de Donetsk.Image : Russian Defense Ministry Press Service\/AP Photo\/picture alliance<\/p>\n<p>Quelques heures avant la rencontre, le pr\u00e9sident am\u00e9ricain a eu un \u00e9change t\u00e9l\u00e9phonique avec Vladimir Poutine, qu&rsquo;il a jug\u00e9 \u00ab\u00a0tr\u00e8s productif\u00a0\u00bb.<\/p>\n<p>Volodymyr Zelensky s&rsquo;est \u00e9galement voulu enthousiaste, parlant de \u00ab\u00a0grandes avanc\u00e9es\u00a0\u00bb, notamment \u00ab\u00a090%\u00a0\u00bb du plan de paix am\u00e9ricain en vingt points \u00ab\u00a0approuv\u00e9\u00a0\u00bb, des \u00ab\u00a0garanties de s\u00e9curit\u00e9\u00a0\u00bb pour l&rsquo;Ukraine \u00ab\u00a0approuv\u00e9es\u00a0\u00bb pour certaines et \u00ab\u00a0presque approuv\u00e9es\u00a0\u00bb pour d&rsquo;autres, ainsi qu&rsquo;\u00a0\u00ab\u00a0un plan de prosp\u00e9rit\u00e9 en cours de finalisation\u00a0\u00bb.<\/p>\n<p>Ce lundi (29.12.2025), le Kremlin s&rsquo;est dit\u00a0d&rsquo;accord avec le pr\u00e9sident am\u00e9ricain Donald Trump pour affirmer que les pourparlers visant \u00e0 mettre fin \u00e0 la guerre en Ukraine en sont \u00e0 leur phase finale.<\/p>\n<p>La loi martiale lev\u00e9e en Ukraine si&#8230;<\/p>\n<p>Les Etats-Unis ont propos\u00e9 \u00e0 l&rsquo;Ukraine des garanties de s\u00e9curit\u00e9 \u00ab\u00a0solides\u00a0\u00bb pour une p\u00e9riode de 15 ans prolongeable face \u00e0 la Russie, a indiqu\u00e9 lundi le pr\u00e9sident ukrainien Volodymyr Zelensky, ajoutant avoir demand\u00e9 \u00e0 Washington une dur\u00e9e plus longue lors de sa rencontre dimanche avec Donald Trump.<\/p>\n<p>\u00ab\u00a0Je voulais vraiment que ces garanties soient plus longues. Et je lui ai dit que nous voulons vraiment consid\u00e9rer la possibilit\u00e9 de 30, 40, 50 ans\u00a0\u00bb, a indiqu\u00e9 le chef de l&rsquo;Etat ukrainien lors d&rsquo;une conf\u00e9rence de presse en ligne, pr\u00e9cisant que son homologue am\u00e9ricain lui avait assur\u00e9 qu&rsquo;il allait r\u00e9fl\u00e9chir \u00e0 cette possibilit\u00e9.<\/p>\n<p><img data-format=\"MASTER_LANDSCAPE\" data-id=\"75324660\" data-url=\"https:\/\/static.dw.com\/image\/75324660_${formatId}.jpg\" data-aspect-ratio=\"16\/9\" alt=\"Volodymyr Zelensky en Floride\" style=\"padding-bottom: 56.25%; height: 0; max-height: 0;\"\/>Volodymyr Zelensky est en fonction depuis le 20 mai 2019Image : Joe Raedle\/AFP\/Getty Images<\/p>\n<p>Selon Volodymyr\u00a0Zelensky, l&rsquo;obtention par Kiev de garanties de s\u00e9curit\u00e9 sera la condition pour la lev\u00e9e en Ukraine de la loi martiale en vigueur depuis le premier jour de l&rsquo;invasion russe de f\u00e9vrier 2022 et qui interdit notamment aux hommes ukrainiens mobilisables (\u00e2g\u00e9s entre 25 et 60 ans), sauf autorisation sp\u00e9ciale, de quitter le pays.<\/p>\n<p>\u00ab\u00a0Nous voulons tous que la guerre se termine et c&rsquo;est seulement \u00e0 ce moment-l\u00e0 que la loi martiale sera lev\u00e9e. Cependant, la lev\u00e9e de la loi martiale interviendra quand l&rsquo;Ukraine obtiendra des garanties de s\u00e9curit\u00e9. Sans garanties de s\u00e9curit\u00e9, cette guerre ne peut pas \u00eatre consid\u00e9r\u00e9e comme pleinement termin\u00e9e\u00a0\u00bb, a-t-il affirm\u00e9.<\/p>\n<p>Une r\u00e9union des alli\u00e9s de Kiev pr\u00e9vue d\u00e9but janvier<\/p>\n<p>Le pr\u00e9sident ukrainien Volodymyr Zelensky a affirm\u00e9 lundi que tout plan pour mettre fin \u00e0 la guerre entre l&rsquo;Ukraine et la Russie devra \u00eatre sign\u00e9 par Kiev, Moscou, Washington et les Europ\u00e9ens.<\/p>\n<p>\u00ab\u00a0Si nous avan\u00e7ons, et j&rsquo;esp\u00e8re vraiment que nous avancerons vite, sur un plan en 20 points, il devra \u00eatre sign\u00e9 par quatre parties : l&rsquo;Ukraine, l&rsquo;Europe, l&rsquo;Am\u00e9rique et la Russie\u00a0\u00bb, a-t-il indiqu\u00e9 lors d&rsquo;une conf\u00e9rence de presse en ligne.<\/p>\n<p>En parall\u00e8le, le pr\u00e9sident fran\u00e7ais Emmanuel Macron a annonc\u00e9 ce lundi une r\u00e9union des alli\u00e9s de Kiev \u00e0 Paris d\u00e9but janvier autour des garanties de s\u00e9curit\u00e9 pour l&rsquo;Ukraine dans le cadre d&rsquo;un accord de paix avec la Russie.<\/p>\n<blockquote class=\"tweet embed\" data-id=\"2005430041782759531\"\/>\n<p>\u00ab\u00a0Nous r\u00e9unirons les pays de la Coalition des volontaires \u00e0 Paris d\u00e9but janvier pour finaliser les contributions concr\u00e8tes de chacun\u00a0\u00bb, a \u00e9crit sur X le chef de l&rsquo;Etat fran\u00e7ais, qui avait auparavant \u00e9chang\u00e9 avec ses homologues ukrainien Volodymyr Zelensky et am\u00e9ricain Donald Trump, aux c\u00f4t\u00e9s de plusieurs autres dirigeants europ\u00e9ens.<br \/>\u00a0<\/p>\n","protected":false},"excerpt":{"rendered":"Donald Trump a estim\u00e9 ce dimanche (28.12.2025) \u00eatre plus pr\u00e8s que jamais d&rsquo;un accord de paix en Ukraine,&hellip;\n","protected":false},"author":2,"featured_media":627827,"comment_status":"","ping_status":"","sticky":false,"template":"","format":"standard","meta":{"footnotes":""},"categories":[1591],"tags":[11,1887,12,1885,1886,132],"class_list":{"0":"post-627826","1":"post","2":"type-post","3":"status-publish","4":"format-standard","5":"has-post-thumbnail","7":"category-russie","8":"tag-actualites","9":"tag-federation-de-russie","10":"tag-news","11":"tag-russia","12":"tag-russian-federation","13":"tag-russie"},"share_on_mastodon":{"url":"https:\/\/pubeurope.com\/@fr\/115803488557617677","error":""},"_links":{"self":[{"href":"https:\/\/www.europesays.com\/fr\/wp-json\/wp\/v2\/posts\/627826","targetHints":{"allow":["GET"]}}],"collection":[{"href":"https:\/\/www.europesays.com\/fr\/wp-json\/wp\/v2\/posts"}],"about":[{"href":"https:\/\/www.europesays.com\/fr\/wp-json\/wp\/v2\/types\/post"}],"author":[{"embeddable":true,"href":"https:\/\/www.europesays.com\/fr\/wp-json\/wp\/v2\/users\/2"}],"replies":[{"embeddable":true,"href":"https:\/\/www.europesays.com\/fr\/wp-json\/wp\/v2\/comments?post=627826"}],"version-history":[{"count":0,"href":"https:\/\/www.europesays.com\/fr\/wp-json\/wp\/v2\/posts\/627826\/revisions"}],"wp:featuredmedia":[{"embeddable":true,"href":"https:\/\/www.europesays.com\/fr\/wp-json\/wp\/v2\/media\/627827"}],"wp:attachment":[{"href":"https:\/\/www.europesays.com\/fr\/wp-json\/wp\/v2\/media?parent=627826"}],"wp:term":[{"taxonomy":"category","embeddable":true,"href":"https:\/\/www.europesays.com\/fr\/wp-json\/wp\/v2\/categories?post=627826"},{"taxonomy":"post_tag","embeddable":true,"href":"https:\/\/www.europesays.com\/fr\/wp-json\/wp\/v2\/tags?post=627826"}],"curies":[{"name":"wp","href":"https:\/\/api.w.org\/{rel}","templated":true}]}}