{"id":627832,"date":"2025-12-29T15:11:16","date_gmt":"2025-12-29T15:11:16","guid":{"rendered":"https:\/\/www.europesays.com\/fr\/627832\/"},"modified":"2025-12-29T15:11:16","modified_gmt":"2025-12-29T15:11:16","slug":"le-militant-des-droits-humains-alaa-abdel-fattah-sexcuse-pour-danciens-tweets-qui-appelaient-a-la-violence","status":"publish","type":"post","link":"https:\/\/www.europesays.com\/fr\/627832\/","title":{"rendered":"le militant des droits humains Alaa Abdel Fattah s&rsquo;excuse pour d&rsquo;anciens tweets qui appelaient \u00e0 la violence"},"content":{"rendered":"<p>\n    L\u2019activiste, qui a obtenu la nationalit\u00e9 britannique, avait \u00e9t\u00e9 lib\u00e9r\u00e9 en septembre apr\u00e8s avoir \u00e9t\u00e9 graci\u00e9 par le pr\u00e9sident Abdel Fattah al-Sissi, apr\u00e8s d\u2019intenses efforts diplomatiques de Londres.<\/p>\n<p class=\"fig-paragraph\">R\u00e9cemment rentr\u00e9 au Royaume-Uni apr\u00e8s plusieurs ann\u00e9es\u00a0<a href=\"http:\/\/www.lefigaro.fr\/international\/egypte-la-famille-d-alaa-abdel-fattah-reclame-preuves-de-vie-et-soins-20221109\" target=\"_blank\" data-fig-type=\"NewsFlash\" rel=\"noopener\" data-gtm-custom-categorie=\"navigation\" data-gtm-custom-action=\"crossclick\" data-gtm-custom-label=\"Contextuel\" data-gtm-event=\"customEventSPE\" data-fig-domain=\"LEFIGARO\">de prison<\/a>\u00a0en \u00c9gypte, le militant des droits humains\u00a0<a href=\"http:\/\/www.lefigaro.fr\/flash-actu\/egypte-la-justice-leve-l-interdiction-de-voyage-visant-le-militant-des-droits-humains-alaa-abdel-fattah-20251220\" target=\"_blank\" data-fig-type=\"NewsFlash\" rel=\"noopener\" data-gtm-custom-categorie=\"navigation\" data-gtm-custom-action=\"crossclick\" data-gtm-custom-label=\"Contextuel\" data-gtm-event=\"customEventSPE\" data-fig-domain=\"LEFIGARO\">Alaa Abdel Fattah<\/a>, s&rsquo;est excus\u00e9 lundi pour d&rsquo;anciens tweets appelant \u00e0 la violence envers les \u00absionistes\u00bb, qui suscitent des appels de l&rsquo;opposition \u00e0 lui retirer sa citoyennet\u00e9 britannique. Cet activiste \u00e9gypto-britannique de 44 ans, figure de la r\u00e9volution de 2011 qui a renvers\u00e9 le dirigeant \u00e9gyptien Hosni Moubarak, a \u00e9t\u00e9\u00a0<a href=\"http:\/\/www.lefigaro.fr\/international\/egypte-le-president-sissi-gracie-le-militant-alaa-abdel-fattah-figure-emblematique-du-soulevement-de-2011-20250922\" target=\"_blank\" data-fig-type=\"NewsFlash\" rel=\"noopener\" data-gtm-custom-categorie=\"navigation\" data-gtm-custom-action=\"crossclick\" data-gtm-custom-label=\"Contextuel\" data-gtm-event=\"customEventSPE\" data-fig-domain=\"LEFIGARO\">lib\u00e9r\u00e9 en septembre<\/a>\u00a0apr\u00e8s avoir \u00e9t\u00e9 graci\u00e9 par le pr\u00e9sident Abdel Fattah al-Sissi, apr\u00e8s d&rsquo;intenses efforts diplomatiques de Londres.<\/p>\n<p class=\"fig-paragraph\">Il est rentr\u00e9 vendredi au Royaume-Uni, o\u00f9 r\u00e9side une partie de sa famille, qui a activement milit\u00e9 pour sa lib\u00e9ration. Mais d\u00e8s le lendemain, d&rsquo;anciens tweets remontant \u00e0 2010 ont \u00e9t\u00e9 exhum\u00e9s, dans lesquels il appelait \u00e0 \u00abtuer des sionistes\u00bb ou des agents de police.<\/p>\n<p>                                            <a class=\"fig-a11y-skip\" href=\"#fig-a11y-skip-main-inarticle\" data-module=\"a11y-skip\" data-context=\"was @visible\"><br \/>\n    Passer la publicit\u00e9<br \/>\n<\/a>            <\/p>\n<p class=\"fig-paragraph\">\u00abJe suis boulevers\u00e9 qu&rsquo;au moment m\u00eame o\u00f9 je retrouve ma famille pour la premi\u00e8re fois en 12 ans, plusieurs de mes anciens tweets aient \u00e9t\u00e9 republi\u00e9s et utilis\u00e9s pour remettre en cause et attaquer mon int\u00e9grit\u00e9 et mes valeurs\u00bb, a-t-il indiqu\u00e9 dans une d\u00e9claration publi\u00e9e lundi sur le compte X de la campagne \u00abFree Alaa\u00bb. \u00abEn relisant ces tweets aujourd&rsquo;hui, du moins ceux qui n&rsquo;ont pas \u00e9t\u00e9 compl\u00e8tement d\u00e9form\u00e9s, je comprends \u00e0 quel point ils peuvent \u00eatre choquants et blessants, et je m&rsquo;en excuse sans r\u00e9serve\u00bb, a-t-il ajout\u00e9.<\/p>\n<p>                                            Une perte de nationalit\u00e9 voulue par les conservateurs<\/p>\n<p class=\"fig-paragraph\">Les conservateurs &#8211; qui avaient appel\u00e9 \u00e0 la lib\u00e9ration d&rsquo;Alaa Abdel Fattah quand ils \u00e9taient au pouvoir -, ont demand\u00e9 \u00e0 ce qu&rsquo;il soit d\u00e9chu de sa nationalit\u00e9. \u00abSi j&rsquo;\u00e9tais ministre de l&rsquo;Int\u00e9rieur, je signerais aujourd&rsquo;hui un arr\u00eat\u00e9 r\u00e9voquant sa citoyennet\u00e9 (&#8230;) et je veillerais \u00e0 ce qu&rsquo;il soit expuls\u00e9\u00bb, a affirm\u00e9 lundi le d\u00e9put\u00e9 Chris Philp, en charge de l&rsquo;Int\u00e9rieur au sein du parti conservateur, sur la cha\u00eene ITV. \u00abCet homme est une ordure m\u00e9prisable\u00bb, a-t-il encore lanc\u00e9. Le chef de file du parti anti-immigration Reform UK, Nigel Farage, a qualifi\u00e9 son retour sur le sol britannique \u00abd&rsquo;extraordinaire erreur de jugement\u00bb, exhortant la ministre de l&rsquo;Int\u00e9rieur Shabana Mahmood \u00e0 expulser ce militant aux opinions \u00abcontraires \u00e0 notre mode de vie britannique\u00bb.<\/p>\n<p class=\"fig-paragraph\">Alaa Abdel Fattah, qui a \u00e9t\u00e9 emprisonn\u00e9 \u00e0 plusieurs repris\u00e9s en \u00c9gypte, avait \u00e9t\u00e9 arr\u00eat\u00e9 en 2019 pour avoir publi\u00e9 sur Facebook un message \u00e9voquant des violences polici\u00e8res. Il a \u00e9t\u00e9 condamn\u00e9 \u00e0 cinq ans de prison en 2021 pour \u00abdiffusion de fausses informations\u00bb, une accusation fr\u00e9quemment utilis\u00e9e contre les dissidents.<\/p>\n<p class=\"fig-paragraph\">Vendredi, le premier ministre britannique travailliste Keir Starmer s&rsquo;\u00e9tait f\u00e9licit\u00e9 de son retour au Royaume-Uni, soulignant que \u00able cas d&rsquo;Alaa a \u00e9t\u00e9 une priorit\u00e9 absolue pour (son) gouvernement\u00bb. Mais face au feu des critiques, un porte-parole du minist\u00e8re des Affaires \u00e9trang\u00e8res a d\u00e9clar\u00e9 d\u00e8s dimanche que le \u00abgouvernement condamne les anciens tweets de Alaa Abdel Fattah et les juge r\u00e9pugnants\u00bb.<\/p>\n<p class=\"fig-paragraph\">Ces messages, dont l&rsquo;AFP n&rsquo;a pas pu v\u00e9rifier l&rsquo;authenticit\u00e9, exprimaient \u00abla col\u00e8re et les frustrations d&rsquo;un jeune homme \u00e0 une \u00e9poque de crises r\u00e9gionales (guerres en Irak, au Liban et \u00e0 Gaza)\u00bb, et face \u00ab\u00e0 la mont\u00e9e des violences polici\u00e8res contre la jeunesse \u00e9gyptienne\u00bb, a expliqu\u00e9 Alaa Abdel Fattah lundi. \u00abCertains tweets ont \u00e9t\u00e9 compl\u00e8tement mal interpr\u00e9t\u00e9s, apparemment par mauvaise foi\u00bb, a-t-il ajout\u00e9.<\/p>\n<p>                                            <a class=\"fig-a11y-skip\" href=\"#fig-a11y-skip-main-inarticle_mtf\" data-module=\"a11y-skip\" data-context=\"was @visible\"><br \/>\n    Passer la publicit\u00e9<br \/>\n<\/a>            <\/p>\n<p>                                            \u00abUne menace pour les juifs britanniques\u00bb<\/p>\n<p class=\"fig-paragraph\">The Board of Deputies of British Jews, organisation repr\u00e9sentant la communaut\u00e9 juive britannique, a fait part de sa \u00abprofonde inqui\u00e9tude\u00bb. \u00abSes propos extr\u00e9mistes et violents visant les \u201csionistes\u201d et les blancs en g\u00e9n\u00e9ral constituent une menace pour les juifs britanniques et le grand public\u00bb, a d\u00e9plor\u00e9 cette organisation.<\/p>\n<p class=\"fig-paragraph\">Alaa Abdel Fattah a obtenu la nationalit\u00e9 britannique en prison en 2022, \u00e0 l&rsquo;\u00e9poque du gouvernement conservateur de Boris Johnson. Elle lui a \u00e9t\u00e9 accord\u00e9e par le biais de sa m\u00e8re, la math\u00e9maticienne Laila Soueif, figure de la gauche intellectuelle \u00e9gyptienne. \u00c2g\u00e9e de 69 ans, elle a fait cette ann\u00e9e une gr\u00e8ve de la faim pendant cinq mois pour obtenir la lib\u00e9ration de son fils.<\/p>\n","protected":false},"excerpt":{"rendered":"L\u2019activiste, qui a obtenu la nationalit\u00e9 britannique, avait \u00e9t\u00e9 lib\u00e9r\u00e9 en septembre apr\u00e8s avoir \u00e9t\u00e9 graci\u00e9 par le&hellip;\n","protected":false},"author":2,"featured_media":627833,"comment_status":"","ping_status":"","sticky":false,"template":"","format":"standard","meta":{"footnotes":""},"categories":[1588],"tags":[6599,11,4303,1777,674,36554,12,473,1853,1851,1850,1852],"class_list":{"0":"post-627832","1":"post","2":"type-post","3":"status-publish","4":"format-standard","5":"has-post-thumbnail","7":"category-royaume-uni","8":"tag-activistes","9":"tag-actualites","10":"tag-egypte","11":"tag-eu","12":"tag-europe","13":"tag-grace-presidentielle","14":"tag-news","15":"tag-royaume-uni","16":"tag-royaume-uni-de-grande-bretagne-et-dirlande-du-nord","17":"tag-uk","18":"tag-united-kingdom","19":"tag-united-kingdom-of-great-britain-and-northern-ireland"},"share_on_mastodon":{"url":"https:\/\/pubeurope.com\/@fr\/115803500314709990","error":""},"_links":{"self":[{"href":"https:\/\/www.europesays.com\/fr\/wp-json\/wp\/v2\/posts\/627832","targetHints":{"allow":["GET"]}}],"collection":[{"href":"https:\/\/www.europesays.com\/fr\/wp-json\/wp\/v2\/posts"}],"about":[{"href":"https:\/\/www.europesays.com\/fr\/wp-json\/wp\/v2\/types\/post"}],"author":[{"embeddable":true,"href":"https:\/\/www.europesays.com\/fr\/wp-json\/wp\/v2\/users\/2"}],"replies":[{"embeddable":true,"href":"https:\/\/www.europesays.com\/fr\/wp-json\/wp\/v2\/comments?post=627832"}],"version-history":[{"count":0,"href":"https:\/\/www.europesays.com\/fr\/wp-json\/wp\/v2\/posts\/627832\/revisions"}],"wp:featuredmedia":[{"embeddable":true,"href":"https:\/\/www.europesays.com\/fr\/wp-json\/wp\/v2\/media\/627833"}],"wp:attachment":[{"href":"https:\/\/www.europesays.com\/fr\/wp-json\/wp\/v2\/media?parent=627832"}],"wp:term":[{"taxonomy":"category","embeddable":true,"href":"https:\/\/www.europesays.com\/fr\/wp-json\/wp\/v2\/categories?post=627832"},{"taxonomy":"post_tag","embeddable":true,"href":"https:\/\/www.europesays.com\/fr\/wp-json\/wp\/v2\/tags?post=627832"}],"curies":[{"name":"wp","href":"https:\/\/api.w.org\/{rel}","templated":true}]}}