{"id":627834,"date":"2025-12-29T15:12:11","date_gmt":"2025-12-29T15:12:11","guid":{"rendered":"https:\/\/www.europesays.com\/fr\/627834\/"},"modified":"2025-12-29T15:12:11","modified_gmt":"2025-12-29T15:12:11","slug":"en-allemagne-le-debat-explosif-autour-de-linterdiction-des-feux-dartifice","status":"publish","type":"post","link":"https:\/\/www.europesays.com\/fr\/627834\/","title":{"rendered":"En Allemagne, le d\u00e9bat explosif autour de l\u2019interdiction des feux d\u2019artifice"},"content":{"rendered":"\n<p>\u201c\u00c7a brille, \u00e7a scintille, c\u2019est color\u00e9, et \u00e7a fait joli dans le ciel.\u201d \u00c0 l\u2019approche de la Saint-Sylvestre, la plupart des Allemands savent que ce semblant de devinette, <a class=\"ithalc\" data-ithal=\"lien_externe\" data-ithalc=\"[nav_article]\" target=\"_blank\" href=\"https:\/\/www.welt.de\/regionales\/hamburg\/article69522719ba368aa0126a5a5b\/feuerwerk-je-mehr-ueber-das-verbot-gesprochen-wird-desto-hoeher-ist-anscheinend-der-bedarf.html\" rel=\"noopener\">publi\u00e9 par le journal conservateur <strong>Die Welt<\/strong><\/a><strong>,<\/strong> fait r\u00e9f\u00e9rence aux feux d\u2019artifice. Et pour cause\u00a0: l\u2019interdiction \u2013 ou non \u2013 de ces engins pyrotechniques fait chaque ann\u00e9e l\u2019objet de d\u00e9bats enflamm\u00e9s de l\u2019autre c\u00f4t\u00e9 du Rhin. On en parle dans presque tous les journaux. Et 2025\u00a0ne fait pas exception.<\/p>\n<p>Une p\u00e9tition d\u2019un syndicat de police berlinois contre leur utilisation a recueilli 2,3\u00a0millions de signatures. Lanc\u00e9e par une ONG environnementale, une autre p\u00e9tition du m\u00eame ordre a \u00e9t\u00e9 sign\u00e9e par plus de 840\u00a0000\u00a0personnes, qui s\u2019insurgent contre les cons\u00e9quences environnementales des festivit\u00e9s explosives de Nouvel An. Le hashtag #b\u00f6llerciao (#ciaolesp\u00e9tards) est abondamment utilis\u00e9 sur les r\u00e9seaux sociaux. Et le pr\u00e9sident de l\u2019ordre des m\u00e9decins allemands a r\u00e9cemment appel\u00e9 les autorit\u00e9s \u00e0 agir contre les \u201cfeux d\u2019artifice sauvages\u201d qui font tous les ans de nombreux bless\u00e9s. L\u2019ann\u00e9e derni\u00e8re, cinq personnes \u00e9taient m\u00eame d\u00e9c\u00e9d\u00e9es par ce biais.<\/p>\n<p>\u201cMais la classe politique, gu\u00e8re emball\u00e9e par l\u2019id\u00e9e d\u2019une interdiction g\u00e9n\u00e9rale, se contente pour l\u2019instant d\u2019une interdiction dans certaines zones sp\u00e9cifiques, notamment les cen<\/p>\n","protected":false},"excerpt":{"rendered":"\u201c\u00c7a brille, \u00e7a scintille, c\u2019est color\u00e9, et \u00e7a fait joli dans le ciel.\u201d \u00c0 l\u2019approche de la Saint-Sylvestre,&hellip;\n","protected":false},"author":2,"featured_media":627835,"comment_status":"","ping_status":"","sticky":false,"template":"","format":"standard","meta":{"footnotes":""},"categories":[1587],"tags":[11,672,1804,1805,1803,436,1777,674,1801,12,1802,8755,1857],"class_list":{"0":"post-627834","1":"post","2":"type-post","3":"status-publish","4":"format-standard","5":"has-post-thumbnail","7":"category-allemagne","8":"tag-actualites","9":"tag-allemagne","10":"tag-bundesrepublik-deutschland","11":"tag-de","12":"tag-deutschland","13":"tag-environnement","14":"tag-eu","15":"tag-europe","16":"tag-germany","17":"tag-news","18":"tag-republique-federale-dallemagne","19":"tag-santu00e9","20":"tag-sociu00e9tu00e9"},"share_on_mastodon":{"url":"https:\/\/pubeurope.com\/@fr\/115803504379995150","error":""},"_links":{"self":[{"href":"https:\/\/www.europesays.com\/fr\/wp-json\/wp\/v2\/posts\/627834","targetHints":{"allow":["GET"]}}],"collection":[{"href":"https:\/\/www.europesays.com\/fr\/wp-json\/wp\/v2\/posts"}],"about":[{"href":"https:\/\/www.europesays.com\/fr\/wp-json\/wp\/v2\/types\/post"}],"author":[{"embeddable":true,"href":"https:\/\/www.europesays.com\/fr\/wp-json\/wp\/v2\/users\/2"}],"replies":[{"embeddable":true,"href":"https:\/\/www.europesays.com\/fr\/wp-json\/wp\/v2\/comments?post=627834"}],"version-history":[{"count":0,"href":"https:\/\/www.europesays.com\/fr\/wp-json\/wp\/v2\/posts\/627834\/revisions"}],"wp:featuredmedia":[{"embeddable":true,"href":"https:\/\/www.europesays.com\/fr\/wp-json\/wp\/v2\/media\/627835"}],"wp:attachment":[{"href":"https:\/\/www.europesays.com\/fr\/wp-json\/wp\/v2\/media?parent=627834"}],"wp:term":[{"taxonomy":"category","embeddable":true,"href":"https:\/\/www.europesays.com\/fr\/wp-json\/wp\/v2\/categories?post=627834"},{"taxonomy":"post_tag","embeddable":true,"href":"https:\/\/www.europesays.com\/fr\/wp-json\/wp\/v2\/tags?post=627834"}],"curies":[{"name":"wp","href":"https:\/\/api.w.org\/{rel}","templated":true}]}}