{"id":627842,"date":"2025-12-29T15:16:16","date_gmt":"2025-12-29T15:16:16","guid":{"rendered":"https:\/\/www.europesays.com\/fr\/627842\/"},"modified":"2025-12-29T15:16:16","modified_gmt":"2025-12-29T15:16:16","slug":"le-rn-ne-veut-surtout-pas-quon-dise-que-brigitte-bardot-etait-dextreme-droite","status":"publish","type":"post","link":"https:\/\/www.europesays.com\/fr\/627842\/","title":{"rendered":"Le RN ne veut surtout pas qu\u2019on dise que Brigitte Bardot \u00e9tait d\u2019extr\u00eame droite"},"content":{"rendered":"<p>        <img decoding=\"async\" loading=\"lazy\" src=\"https:\/\/www.europesays.com\/fr\/wp-content\/uploads\/2025\/12\/2bf5600_upload-1-lxja8u1segem-afp-20251009-hl-xbouzas-2887748-v1-highres-francepoliticsleadersmatign.jpeg\"  width=\"728\" height=\"409\" alt=\"Jordan Bardella et Marine Le Pen photographi\u00e9s le 17\u00a0septembre 2025\u00a0\u00e0 Paris\"\/>  <\/p>\n<p>XOSE BOUZAS \/ Hans Lucas via AFP<\/p>\n<p>Jordan Bardella et Marine Le Pen photographi\u00e9s le 17\u00a0septembre 2025\u00a0\u00e0 Paris<\/p>\n<p class=\"asset asset-text\">L\u2019hommage honteux\u00a0? <a href=\"https:\/\/www.huffingtonpost.fr\/culture\/article\/les-derniers-instants-de-brigitte-bardot-racontes-par-le-porte-parole-sa-fondation_258676.html\" target=\"_blank\" rel=\"noopener\">Le d\u00e9c\u00e8s de Brigitte Bardot<\/a> ce dimanche 28\u00a0d\u00e9cembre a d\u00e9clench\u00e9 une pluie de r\u00e9actions et d\u2019articles pour retracer sa gargantuesque carri\u00e8re cin\u00e9matographique et son militantisme en faveur <a href=\"https:\/\/www.huffingtonpost.fr\/culture\/article\/mort-de-brigitte-bardot-sa-defense-de-la-cause-animale-a-pris-corps-apres-ce-premier-combat-mene-en-1962_258667.html\" target=\"_blank\" rel=\"noopener\">de la cause animale<\/a>. Plusieurs de nos confr\u00e8res ont \u00e9galement rappel\u00e9 les multiples condamnations de la muse de Roger Vadim pour des propos racistes, tout en mentionnant par ailleurs <a href=\"https:\/\/www.huffingtonpost.fr\/politique\/article\/brigitte-bardot-et-l-extreme-droite-une-liaison-non-officielle-mais-difficile-a-cacher_258668.html\" target=\"_blank\" rel=\"noopener\">son soutien public au parti cofond\u00e9 par Jean-Marie Le\u00a0Pen<\/a> dont elle \u00e9pousa m\u00eame un conseiller, Bernard D\u2019Ormale.<\/p>\n<p class=\"asset asset-text\"><a href=\"https:\/\/www.20minutes.fr\/arts-stars\/culture\/4046150-20251228-brigitte-bardot-morte\" target=\"_blank\" rel=\"noopener\" title=\"Nouvelle fen\u00eatre\">20\u00a0Minutes<\/a> par exemple \u00e9voque les \u00ab\u00a0multiples facettes plus ou moins reluisantes\u00a0\u00bb de la d\u00e9funte, quand <a href=\"https:\/\/www.franceinfo.fr\/culture\/cinema\/brigitte-bardot\/propos-homophobes-et-islamophobes-admiration-pour-jean-marie-le-pen-et-vladimir-poutine-quand-b-b-creait-la-polemique_7706845.html\" target=\"_blank\" rel=\"noopener\" title=\"Nouvelle fen\u00eatre\">franceinfo <\/a>titre sur \u00ab\u00a0les pol\u00e9miques\u00a0\u00bb \u00ab\u00a0homophobes et islamophobes\u00a0\u00bb provoqu\u00e9es par Brigitte Bardot. De son c\u00f4t\u00e9 enfin, <a href=\"https:\/\/www.liberation.fr\/dossier\/brigitte-bardot\/\" target=\"_blank\" rel=\"noopener\" title=\"Nouvelle fen\u00eatre\">Lib\u00e9ration <\/a>d\u00e9crit sa \u00ab\u00a0d\u00e9rive vers la haine raciale\u00a0\u00bb et rappelle que ses \u00ab\u00a0saillies racistes\u00a0\u00bb ont pu \u00eatre \u00ab\u00a0embarrassantes\u00a0\u00bb dans son combat pour les animaux. Des articles parmi d\u2019autres sur ces sites d\u2019informations qui ont par ailleurs consacr\u00e9 de nombreux autres papiers \u00e0 l\u2019ic\u00f4ne des ann\u00e9es 60.<\/p>\n<p class=\"asset asset-text\">Visiblement c\u2019en est d\u00e9j\u00e0 trop pour le Rassemblement national. Son pr\u00e9sident Jordan Bardella voit dans cette poign\u00e9e de publications faisant \u00e9cho \u00e0 son engagement politique \u00ab\u00a0une entreprise de m\u00e9chancet\u00e9\u00a0\u00bb de la part \u00ab\u00a0d\u2019une presse de gauche\u00a0\u00bb qui serait bien \u00ab\u00a0incapable de produire autre chose que de la haine recycl\u00e9e\u00a0\u00bb. Le d\u00e9put\u00e9 RN Bruno Bilde accuse, lui, la gauche de cracher \u00ab\u00a0sur le repos des morts et le respect du silence, synonyme de d\u00e9cence\u00a0\u00bb, quand le pr\u00e9sident de l\u2019UDR et alli\u00e9 de Marine Le\u00a0Pen, \u00c9ric Ciotti s\u2019agace que \u00ab\u00a0m\u00eame dans la mort, les d\u00e9funts sont poursuivis par la haine et l\u2019extr\u00e9misme\u00a0\u00bb. Rien que \u00e7a.<\/p>\n<p>    Des rappels factuels trop g\u00eanants pour le RN\u00a0?    <\/p>\n<p class=\"asset asset-text\">Des \u00ab\u00a0insultes\u00a0\u00bb qui suscitent l\u2019\u00e9tonnement du journaliste de 20\u00a0Minutes Fabien Randanne lequel insiste sur X avoir fait simplement son \u00ab\u00a0boulot\u00a0\u00bb en rappelant \u00ab\u00a0factuellement, ses condamnations et prises de positions (qu\u2019elle n\u2019a jamais dit regretter)\u00a0\u00bb.<\/p>\n<p class=\"asset asset-text\">Trop g\u00eanant pour un Rassemblement national qui mise toujours &#8211; et maladroitement comme <a href=\"https:\/\/www.huffingtonpost.fr\/politique\/article\/aux-municipales-2026-le-rn-a-toujours-du-mal-a-se-separer-des-brebis-galeuses_258290.html\" target=\"_blank\" rel=\"noopener\">Le HuffPost l\u2019expliquait ici <\/a>&#8211; sur une entreprise de d\u00e9diabolisation pour se hisser au pouvoir\u00a0? En 2019, Brigitte Bardot qualifiait de \u00ab\u00a0population d\u00e9g\u00e9n\u00e9r\u00e9e encore impr\u00e9gn\u00e9e des coutumes ancestrales\u00a0\u00bb les habitants de la R\u00e9union o\u00f9 le RN est arriv\u00e9 deuxi\u00e8me lors des \u00e9lections l\u00e9gislatives de 2024.<\/p>\n<p class=\"asset asset-text\">Au-del\u00e0 de ces propos racistes pour lesquels elle fut condamn\u00e9e, Brigitte Bardot avait \u00e9galement qualifi\u00e9 les personnes homosexuelles, dans un ouvrage en 2003, de \u00ab\u00a0lopettes de bas \u00e9tage, travelos (sic) de tout poil, ph\u00e9nom\u00e8nes de foire\u00a0\u00bb. Des propos homophobes pas vraiment en accord avec le changement de vernis bon teint que tente d\u2019imposer le RN sur les questions de soci\u00e9t\u00e9. En tout \u00e9tat de cause, le parti ne manifestait pas autant de frilosit\u00e9 quand en 2012, BB invitait les maires de France \u00e0 parrainer Marine Le\u00a0Pen pour la pr\u00e9sidentielle.<\/p>\n<p class=\"asset asset-text\">Ce n\u2019est pas la premi\u00e8re fois que les hommages aux d\u00e9funts c\u00e9l\u00e8bres rattrapent le parti d\u2019extr\u00eame droite. En janvier dernier, la mort de Jean-Marie Le\u00a0Pen avait conduit le parti \u00e0 <a href=\"https:\/\/www.huffingtonpost.fr\/politique\/article\/au-rassemblement-national-le-deuil-de-jean-marie-le-pen-tourne-a-la-rehabilitation-politique_244871.html\" target=\"_blank\" rel=\"noopener\">une v\u00e9ritable entreprise de r\u00e9habilitation politique<\/a> d\u2019un homme lui aussi multicondamn\u00e9 notamment pour provocation \u00e0 la haine, \u00e0 la discrimination et \u00e0 la violence raciale, et apologie de crimes de guerre, entre autres.<\/p>\n","protected":false},"excerpt":{"rendered":"XOSE BOUZAS \/ Hans Lucas via AFP Jordan Bardella et Marine Le Pen photographi\u00e9s le 17\u00a0septembre 2025\u00a0\u00e0 Paris&hellip;\n","protected":false},"author":2,"featured_media":627843,"comment_status":"","ping_status":"","sticky":false,"template":"","format":"standard","meta":{"footnotes":""},"categories":[2],"tags":[11,20224,1011,27,1077,500,12,316,1078,25],"class_list":{"0":"post-627842","1":"post","2":"type-post","3":"status-publish","4":"format-standard","5":"has-post-thumbnail","7":"category-actualites","8":"tag-actualites","9":"tag-brigitte-bardot","10":"tag-fr","11":"tag-france","12":"tag-jordan-bardella","13":"tag-medias","14":"tag-news","15":"tag-politique","16":"tag-rassemblement-national","17":"tag-republique-francaise"},"share_on_mastodon":{"url":"https:\/\/pubeurope.com\/@fr\/115803520122703299","error":""},"_links":{"self":[{"href":"https:\/\/www.europesays.com\/fr\/wp-json\/wp\/v2\/posts\/627842","targetHints":{"allow":["GET"]}}],"collection":[{"href":"https:\/\/www.europesays.com\/fr\/wp-json\/wp\/v2\/posts"}],"about":[{"href":"https:\/\/www.europesays.com\/fr\/wp-json\/wp\/v2\/types\/post"}],"author":[{"embeddable":true,"href":"https:\/\/www.europesays.com\/fr\/wp-json\/wp\/v2\/users\/2"}],"replies":[{"embeddable":true,"href":"https:\/\/www.europesays.com\/fr\/wp-json\/wp\/v2\/comments?post=627842"}],"version-history":[{"count":0,"href":"https:\/\/www.europesays.com\/fr\/wp-json\/wp\/v2\/posts\/627842\/revisions"}],"wp:featuredmedia":[{"embeddable":true,"href":"https:\/\/www.europesays.com\/fr\/wp-json\/wp\/v2\/media\/627843"}],"wp:attachment":[{"href":"https:\/\/www.europesays.com\/fr\/wp-json\/wp\/v2\/media?parent=627842"}],"wp:term":[{"taxonomy":"category","embeddable":true,"href":"https:\/\/www.europesays.com\/fr\/wp-json\/wp\/v2\/categories?post=627842"},{"taxonomy":"post_tag","embeddable":true,"href":"https:\/\/www.europesays.com\/fr\/wp-json\/wp\/v2\/tags?post=627842"}],"curies":[{"name":"wp","href":"https:\/\/api.w.org\/{rel}","templated":true}]}}