{"id":627850,"date":"2025-12-29T15:25:15","date_gmt":"2025-12-29T15:25:15","guid":{"rendered":"https:\/\/www.europesays.com\/fr\/627850\/"},"modified":"2025-12-29T15:25:15","modified_gmt":"2025-12-29T15:25:15","slug":"dans-les-cevennes-le-cyclo-rando-finit-encore-lannee-au-sommet-dales","status":"publish","type":"post","link":"https:\/\/www.europesays.com\/fr\/627850\/","title":{"rendered":"Dans les C\u00e9vennes, le Cyclo Rando finit encore l\u2019ann\u00e9e au sommet d\u2019Al\u00e8s\u00a0!"},"content":{"rendered":"<p>\n                                                                L\u2019association vient, une nouvelle fois, de respecter la tradition.\n                            <\/p>\n<p>Il s\u2019agit d\u2019une v\u00e9ritable tradition pour cette association locale. Comme chaque ann\u00e9e, \u00e0 l\u2019approche du 31\u00a0d\u00e9cembre, les adh\u00e9rents du \u00ab\u00a0Cyclo rando Al\u00e8s en C\u00e9vennes\u00a0\u00bb organisent la m\u00eame sortie\u00a0: ils partent \u00e0 l\u2019assaut du point culminant de la sous-pr\u00e9fecture gardoise, l\u2019Ermitage.<\/p>\n<p>Un pur moment de convivialit\u00e9<\/p>\n<p>Cet objectif vient d\u2019\u00eatre rempli\u00a0! Puis, au sommet, la quinzaine de participants a organis\u00e9 un petit moment de convivialit\u00e9.<\/p>\n","protected":false},"excerpt":{"rendered":"L\u2019association vient, une nouvelle fois, de respecter la tradition. Il s\u2019agit d\u2019une v\u00e9ritable tradition pour cette association locale.&hellip;\n","protected":false},"author":2,"featured_media":627851,"comment_status":"","ping_status":"","sticky":false,"template":"","format":"standard","meta":{"footnotes":""},"categories":[1411],"tags":[1111,2678,4733,1154,207,1011,27,2679,1857,60],"class_list":{"0":"post-627850","1":"post","2":"type-post","3":"status-publish","4":"format-standard","5":"has-post-thumbnail","7":"category-cyclisme","8":"tag-actu","9":"tag-ales","10":"tag-associations","11":"tag-cycling","12":"tag-cyclisme","13":"tag-fr","14":"tag-france","15":"tag-gard","16":"tag-sociu00e9tu00e9","17":"tag-sports"},"share_on_mastodon":{"url":"https:\/\/pubeurope.com\/@fr\/115803555366110357","error":""},"_links":{"self":[{"href":"https:\/\/www.europesays.com\/fr\/wp-json\/wp\/v2\/posts\/627850","targetHints":{"allow":["GET"]}}],"collection":[{"href":"https:\/\/www.europesays.com\/fr\/wp-json\/wp\/v2\/posts"}],"about":[{"href":"https:\/\/www.europesays.com\/fr\/wp-json\/wp\/v2\/types\/post"}],"author":[{"embeddable":true,"href":"https:\/\/www.europesays.com\/fr\/wp-json\/wp\/v2\/users\/2"}],"replies":[{"embeddable":true,"href":"https:\/\/www.europesays.com\/fr\/wp-json\/wp\/v2\/comments?post=627850"}],"version-history":[{"count":0,"href":"https:\/\/www.europesays.com\/fr\/wp-json\/wp\/v2\/posts\/627850\/revisions"}],"wp:featuredmedia":[{"embeddable":true,"href":"https:\/\/www.europesays.com\/fr\/wp-json\/wp\/v2\/media\/627851"}],"wp:attachment":[{"href":"https:\/\/www.europesays.com\/fr\/wp-json\/wp\/v2\/media?parent=627850"}],"wp:term":[{"taxonomy":"category","embeddable":true,"href":"https:\/\/www.europesays.com\/fr\/wp-json\/wp\/v2\/categories?post=627850"},{"taxonomy":"post_tag","embeddable":true,"href":"https:\/\/www.europesays.com\/fr\/wp-json\/wp\/v2\/tags?post=627850"}],"curies":[{"name":"wp","href":"https:\/\/api.w.org\/{rel}","templated":true}]}}