{"id":627852,"date":"2025-12-29T15:26:11","date_gmt":"2025-12-29T15:26:11","guid":{"rendered":"https:\/\/www.europesays.com\/fr\/627852\/"},"modified":"2025-12-29T15:26:11","modified_gmt":"2025-12-29T15:26:11","slug":"la-ligue-3-cest-du-maquillage-romain-molina-demonte-le-nouveau-projet","status":"publish","type":"post","link":"https:\/\/www.europesays.com\/fr\/627852\/","title":{"rendered":"\u201cLa Ligue 3, c\u2019est du maquillage\u201d : Romain Molina d\u00e9monte le nouveau projet"},"content":{"rendered":"<p><img decoding=\"async\" src=\"https:\/\/www.europesays.com\/fr\/wp-content\/uploads\/2025\/12\/671_9771dea4f4aa58f5235e415018a5db04.jpg\" alt=\"\u201cLa Ligue 3, c\u2019est du maquillage\u201d : Romain Molina d\u00e9monte le nouveau projet\" class=\"img-responsive mt-3\"\/><\/p>\n<p class=\"text-center mb-3\" style=\"font-size: 14px\">\u00a9 Iconsport<\/p>\n<p>      <strong>Ligue 3 : \u201cun simple changement de nom\u201d sans solution \u00e9conomique, selon Romain Molina<\/strong><br \/>\n<strong>\u00ab\u00a0Le National c&rsquo;est un mouroir\u00a0\u00bb<\/strong><\/p>\n<p style=\"text-align: justify;\"><a href=\"https:\/\/www.webgirondins.com\/actualite-autour-des-girondins-n2-romain-molina-alerte-xavier-niel-sur-la-gestion-de-l-us-creteil-131638\" target=\"_blank\" rel=\"noopener\">Romain Molina<\/a> : \u00ab\u00a0La Ligue 3, c&rsquo;est juste le nom qui change, car il n&rsquo;y a pas de mod\u00e8le \u00e9conomique. Il n&rsquo;y a pas de droits TV en Ligue 1 et Ligue 2, donc en National, il n&rsquo;y en aura pas non plus. On habille une voiture vol\u00e9e, on la maquille, mais la voiture est toujours vol\u00e9e. Ici, c&rsquo;est pareil, on met en place un packaging, mais c&rsquo;est toujours un championnat de d\u00e9ficit absolu. C&rsquo;est un mouroir, le National. Mais on veut l&rsquo;appeler Ligue 3. Cela ne va strictement rien changer un mod\u00e8le \u00e9conomique. Ce n&rsquo;est pas la f\u00e9d\u00e9ration fran\u00e7aise de football qui va financer les clubs. Je me pose des questions sur l&rsquo;intelligence des gens qui nous gouvernent footballistiquement, car c&rsquo;est d&rsquo;une simplicit\u00e9.\u00a0\u00bb<\/p>\n<p style=\"text-align: justify;\">Des propos qui font \u00e9cho aux inqui\u00e9tudes des clubs concern\u00e9s, dont les Girondins de Bordeaux, directement impact\u00e9s par l\u2019avenir du football semi-professionnel fran\u00e7ais.<\/p>\n<p>Ce navigateur ne supporte pas les iframes<\/p>\n<p>\u00a0<\/p>\n<p class=\"p1\">\u00c0 lire &gt;&gt; <strong><a href=\"https:\/\/www.webgirondins.com\/actualite-autour-des-girondins-coup-de-tonnerre-andy-carroll-ex-girondins-risque-jusqu-a-cinq-ans-de-prison-131633\" target=\"_blank\" rel=\"noopener\">Andy Carroll (Ex-Girondins) risque jusqu&rsquo;\u00e0 cinq ans de prison !<\/a><\/strong><\/p>\n<p>\u00c9coutez notre podcast court d&rsquo;actu sur les Girondins :<\/p>\n<p>\u00a0<\/p>\n","protected":false},"excerpt":{"rendered":"\u00a9 Iconsport Ligue 3 : \u201cun simple changement de nom\u201d sans solution \u00e9conomique, selon Romain Molina \u00ab\u00a0Le National&hellip;\n","protected":false},"author":2,"featured_media":627853,"comment_status":"","ping_status":"","sticky":false,"template":"","format":"standard","meta":{"footnotes":""},"categories":[1410],"tags":[23391,73739,7257,29882,73740,63,1011,27,4108,32229,2957,3022,820,7826,6727,32228,74,3238,4565,1095,4190,18140,60,3585,51001],"class_list":{"0":"post-627852","1":"post","2":"type-post","3":"status-publish","4":"format-standard","5":"has-post-thumbnail","7":"category-football","8":"tag-compare","9":"tag-convainc","10":"tag-critique","11":"tag-demonte","12":"tag-folklorique","13":"tag-football","14":"tag-fr","15":"tag-france","16":"tag-future","17":"tag-investigation","18":"tag-journaliste","19":"tag-ligue","20":"tag-live","21":"tag-lors","22":"tag-maquillage","23":"tag-molina","24":"tag-monde","25":"tag-national","26":"tag-nouveau","27":"tag-projet","28":"tag-reforme","29":"tag-romain","30":"tag-sports","31":"tag-tout","32":"tag-vivement"},"share_on_mastodon":{"url":"https:\/\/pubeurope.com\/@fr\/115803559340466136","error":""},"_links":{"self":[{"href":"https:\/\/www.europesays.com\/fr\/wp-json\/wp\/v2\/posts\/627852","targetHints":{"allow":["GET"]}}],"collection":[{"href":"https:\/\/www.europesays.com\/fr\/wp-json\/wp\/v2\/posts"}],"about":[{"href":"https:\/\/www.europesays.com\/fr\/wp-json\/wp\/v2\/types\/post"}],"author":[{"embeddable":true,"href":"https:\/\/www.europesays.com\/fr\/wp-json\/wp\/v2\/users\/2"}],"replies":[{"embeddable":true,"href":"https:\/\/www.europesays.com\/fr\/wp-json\/wp\/v2\/comments?post=627852"}],"version-history":[{"count":0,"href":"https:\/\/www.europesays.com\/fr\/wp-json\/wp\/v2\/posts\/627852\/revisions"}],"wp:featuredmedia":[{"embeddable":true,"href":"https:\/\/www.europesays.com\/fr\/wp-json\/wp\/v2\/media\/627853"}],"wp:attachment":[{"href":"https:\/\/www.europesays.com\/fr\/wp-json\/wp\/v2\/media?parent=627852"}],"wp:term":[{"taxonomy":"category","embeddable":true,"href":"https:\/\/www.europesays.com\/fr\/wp-json\/wp\/v2\/categories?post=627852"},{"taxonomy":"post_tag","embeddable":true,"href":"https:\/\/www.europesays.com\/fr\/wp-json\/wp\/v2\/tags?post=627852"}],"curies":[{"name":"wp","href":"https:\/\/api.w.org\/{rel}","templated":true}]}}