{"id":627857,"date":"2025-12-29T15:30:08","date_gmt":"2025-12-29T15:30:08","guid":{"rendered":"https:\/\/www.europesays.com\/fr\/627857\/"},"modified":"2025-12-29T15:30:08","modified_gmt":"2025-12-29T15:30:08","slug":"lamour-est-dans-le-pre-deja-de-retour-decouvrez-la-date-de-diffusion-des-portraits-des-agriculteurs-de-la-21e-saison-closer","status":"publish","type":"post","link":"https:\/\/www.europesays.com\/fr\/627857\/","title":{"rendered":"L\u2019amour est dans le pr\u00e9 d\u00e9j\u00e0 de retour : d\u00e9couvrez la date de diffusion des portraits des agriculteurs de la 21e saison &#8211; Closer"},"content":{"rendered":"<ol>\n<li><a href=\"https:\/\/news.google.com\/rss\/articles\/CBMi-AFBVV95cUxOakJKazNJbzFEX0tMN2x3UFBxMTJDZldyVW5pa2hPR1hHMU1UeWtGQ1FKTUNtWVhaeWJGUVBBUmtFTFNNUG9lcVBHdXRTTW5tQWM5Zjl3aHdDTEtpY2hBdGVBem51YWE1NGhGcXhmUWZXS3g4RXJIMXo2dXhXaEtUeXV5MFZUTWJvcXhXLTIzM25XZENTMnBUek1BWDBWM2ZmX29wc2tTeWRBeFlYaVdsY3djUU53NnVNaXFLTmxmaVhMdVhZM3J3TVllMHhuQ0JjalhTMEQyVUxJY3lXd2w2eXIyVFV3bzhRMzN1VFB6UHJ5Z0s3NGJxZw?oc=5\" target=\"_blank\" rel=\"noopener\">L\u2019amour est dans le pr\u00e9 d\u00e9j\u00e0 de retour : d\u00e9couvrez la date de diffusion des portraits des agriculteurs de la 21e saison<\/a>&nbsp;&nbsp;Closer<\/li>\n<li><a href=\"https:\/\/news.google.com\/rss\/articles\/CBMi1wFBVV95cUxPcFUzc0UyTGtYQnlwcmMwdHpVU2dPWDZBWDJucWwwNHM0MmNCX0ZxQkxUTk5uUzAxMXBQYUxfei1JUTBJNG5SSzBfekJMdzNrOVJ2WDFSNDRUZUZuUVNxaFFXWmEtVU9PQ2dvVXAyMktuc0p2d3Z5QXBWU1QzUTZ0UGttVHpuLUJFMFo5Z2VTeGtoVGhKZjhvcVRER2R1UXFKbS01N2YtWmdfYzl3ajh0czh3TF9xWHpHS3ZGdno4RXBxM054SG5NTGE1Tks1dlZTSDR2aFJJZw?oc=5\" target=\"_blank\" rel=\"noopener\">L&rsquo;amour est dans le pr\u00e9 2026 : On conna\u00eet d\u00e9j\u00e0 la date de diffusion des portraits de la saison 21 !<\/a>&nbsp;&nbsp;programme-tv.net<\/li>\n<li><a href=\"https:\/\/news.google.com\/rss\/articles\/CBMizAFBVV95cUxNMlZocU90V1R3SXl4SnVBTHAxSG1zVVl1ZXlhWHFmNWd2NDZ2amRhMUlYR29zZzBZR25lZkJzYWY0dDhkd3Nic3MyTjlhNU9sQTJtemJxanJPLS15ZmhXSlVfLTlZRjRvRlhBV0VNLXNMMjU5b1p0M2ZDVnZybGlDaTNUbnNYTXFyZUMxUmNQXzJleWtrS3dOV2Zqa2JDX2hTZ1Fpc0wyUlAzdUs0azJwNmxFYjlVMnZJaGt3QllxOVMwUnVHWnpTUVNQbUg?oc=5\" target=\"_blank\" rel=\"noopener\">D\u00e9couvrez qui participe \u00e0 L&rsquo;amour est dans le pr\u00e9 cette ann\u00e9e 2026 ? (diffusion des portraits)<\/a>&nbsp;&nbsp;LeBlogTVNews<\/li>\n<li><a href=\"https:\/\/news.google.com\/rss\/articles\/CBMikgJBVV95cUxQNWQxT01CMVdENXZGeVRmSTJNRXdZUU1DeS1ZaFBxSk1sRkYyRFc4V0VuM21DaThHaXlvOVdsVTZjemU3cFVMMkNzS0ZXLThfOGo5QTMwWUFFaXFjdzhDdE5UYVQ3Vmt4VmtBWldNMVBxZ2ZzODVkdHhhZGpRa01idjk2SUVFbG5nTm9OZThzNE5UYUJHdFZ6dTZQaER6Tkt1VmE5R29SXzhoUTBkYXZsMUJtR0dnNFI1OElnWEY4S0ZuTEJCcml0eWJJaGI3bVpCSjJ6ME5oWGhVZGxFUkNJakxEcllZVC14U1g2TG9CMGNkYnJLT3d3bzlub0o0aHJ5ZVl2aktvaGNpSlh3eDFSZ2lB0gGXAkFVX3lxTE1pTmNyRE1ZZkJCYVNYeFV2UzNYY3VfSmItRzg1VEdlcFhDbVNyUzdIcGQxYkRURGduQm04RXBIdm1mdDN1OTk1eGdMQmJUSTgzQXk4ai1wYlZvOVloallyZmd1VDhfQkVhaF9JbXJFUnREdFBOLVFXdFI4bTBXUVAtbldabFpmaVhJZndodG94WnRUNG5WUzZmcDZaemI2WUxPZGNCaFlISEwzSF9UaE1wQnJKdTVSemRpclNhZGtnbEtZdVd1ZnhIZExkMTJvZFJVVU5FZTdodnoxelk5TjRLVFZjcm5ZWUlJYVRKVVBWc2l5RlRuc3hvNGtRWmRpdUZDUVZaM05DY0FBcG5EMHh3Z3l2YVltUQ?oc=5\" target=\"_blank\" rel=\"noopener\">M6 lancera la 21\u00e8me saison de \u00ab\u00a0L\u2019amour est dans le pr\u00e9\u00a0\u00bb le lundi 19 janvier \u00e0 21h10 avec la diffusion &#8230;<\/a>&nbsp;&nbsp;Jean-Marc Morandini<\/li>\n<li><a href=\"https:\/\/news.google.com\/rss\/articles\/CBMi3AFBVV95cUxOU3l2ekFFd0RwdlhGdG0xZVVMUHNsSGVUS3BldTFfZFh1MW1STTR6STFnbUY5cWxKRDM4VTB0c3FuT0RDblo0MEFlaFpxYzh5VWlGTUVSalVTdlBWbDFvY2ZzZmFkdlVfeE4zTWh6VVd2WHd4d3FSVmI1aU1LYmo4SlQyM3o5ZWNSSllXR1pjNmh6N2FiZVdmMl9SRDV4MG1laGtlNm1FNjl3Skc0WVc2ZC1uZS1LMTBqeUY4X0ZvQ0N0bVljSnlHNG96Q1BhSXJUT0FrWlFPVjdiLXRq?oc=5\" target=\"_blank\" rel=\"noopener\">L\u2019amour est dans le pr\u00e9 revient d\u00e9j\u00e0 sur M6 : voici la date de diffusion des portraits de la saison 21<\/a>&nbsp;&nbsp;T\u00e9l\u00e9 Star<\/li>\n<\/ol>\n","protected":false},"excerpt":{"rendered":"L\u2019amour est dans le pr\u00e9 d\u00e9j\u00e0 de retour : d\u00e9couvrez la date de diffusion des portraits des agriculteurs&hellip;\n","protected":false},"author":2,"featured_media":395849,"comment_status":"","ping_status":"","sticky":false,"template":"","format":"standard","meta":{"footnotes":""},"categories":[1356],"tags":[58,59,1011,27,252,1364],"class_list":{"0":"post-627857","1":"post","2":"type-post","3":"status-publish","4":"format-standard","5":"has-post-thumbnail","7":"category-television","8":"tag-divertissement","9":"tag-entertainment","10":"tag-fr","11":"tag-france","12":"tag-television","13":"tag-tv"},"share_on_mastodon":{"url":"https:\/\/pubeurope.com\/@fr\/115803575097198134","error":""},"_links":{"self":[{"href":"https:\/\/www.europesays.com\/fr\/wp-json\/wp\/v2\/posts\/627857","targetHints":{"allow":["GET"]}}],"collection":[{"href":"https:\/\/www.europesays.com\/fr\/wp-json\/wp\/v2\/posts"}],"about":[{"href":"https:\/\/www.europesays.com\/fr\/wp-json\/wp\/v2\/types\/post"}],"author":[{"embeddable":true,"href":"https:\/\/www.europesays.com\/fr\/wp-json\/wp\/v2\/users\/2"}],"replies":[{"embeddable":true,"href":"https:\/\/www.europesays.com\/fr\/wp-json\/wp\/v2\/comments?post=627857"}],"version-history":[{"count":0,"href":"https:\/\/www.europesays.com\/fr\/wp-json\/wp\/v2\/posts\/627857\/revisions"}],"wp:featuredmedia":[{"embeddable":true,"href":"https:\/\/www.europesays.com\/fr\/wp-json\/wp\/v2\/media\/395849"}],"wp:attachment":[{"href":"https:\/\/www.europesays.com\/fr\/wp-json\/wp\/v2\/media?parent=627857"}],"wp:term":[{"taxonomy":"category","embeddable":true,"href":"https:\/\/www.europesays.com\/fr\/wp-json\/wp\/v2\/categories?post=627857"},{"taxonomy":"post_tag","embeddable":true,"href":"https:\/\/www.europesays.com\/fr\/wp-json\/wp\/v2\/tags?post=627857"}],"curies":[{"name":"wp","href":"https:\/\/api.w.org\/{rel}","templated":true}]}}