{"id":627860,"date":"2025-12-29T15:32:17","date_gmt":"2025-12-29T15:32:17","guid":{"rendered":"https:\/\/www.europesays.com\/fr\/627860\/"},"modified":"2025-12-29T15:32:17","modified_gmt":"2025-12-29T15:32:17","slug":"un-videaste-recree-la-bande-annonce-de-lodyssee-de-nolan-avec-des-costumes-plus-authentiques","status":"publish","type":"post","link":"https:\/\/www.europesays.com\/fr\/627860\/","title":{"rendered":"Un vid\u00e9aste recr\u00e9e la bande-annonce de L\u2019Odyss\u00e9e de Nolan avec des costumes \u00ab\u00a0plus authentiques\u00a0\u00bb"},"content":{"rendered":"<p>\n    Un youtubeur s\u2019est appuy\u00e9 sur les r\u00e9cits historiques et les dessins d\u2019un artiste ath\u00e9nien pour corriger, avec l\u2019aide de l\u2019intelligence artificielle, les incoh\u00e9rences identifi\u00e9es par les passionn\u00e9s de la Gr\u00e8ce antique dans la bande-annonce du film de Christopher Nolan.<\/p>\n<p class=\"fig-paragraph\">C\u2019est tout de suite moins \u00ab\u00a0super-h\u00e9ros hom\u00e8riens\u00a0\u00bb. Mais, au moins, les puristes de la geste de la Gr\u00e8ce antique pourront se satisfaire d\u2019une vraisemblable fid\u00e9lit\u00e9 avec les r\u00e9cits historiques. Le 24 d\u00e9cembre, un vid\u00e9aste du nom de Demonflyingfox a publi\u00e9 une version alternative de\u00a0<a href=\"http:\/\/www.lefigaro.fr\/cinema\/troie-assiegee-naufrage-et-longueur-de-temps-christopher-nolan-leve-le-voile-sur-son-odyssee-dans-une-premiere-bande-annonce-20251222\" data-fig-type=\"Article\" data-gtm-custom-categorie=\"navigation\" data-gtm-custom-action=\"crossclick\" data-gtm-custom-label=\"Contextuel\" data-gtm-event=\"customEventSPE\" data-fig-domain=\"LEFIGARO\" target=\"_blank\" rel=\"noopener\">la premi\u00e8re bande-annonce de L\u2019Odyss\u00e9e sign\u00e9e Christopher Nolan<\/a>. Dans cette vid\u00e9o truff\u00e9e d\u2019intelligence artificielle, le youtubeur a remplac\u00e9 les costumes des personnages principaux, \u00e0 savoir ceux du roi Agamemnon (Benny Safdie), d\u2019Ulysse (<a href=\"http:\/\/www.lefigaro.fr\/cinema\/matt-damon-est-ulysse-christopher-nolan-a-choisi-son-guerrier-pour-son-adaptation-de-l-odyssee-20250218\" data-fig-type=\"Article\" data-gtm-custom-categorie=\"navigation\" data-gtm-custom-action=\"crossclick\" data-gtm-custom-label=\"Contextuel\" data-gtm-event=\"customEventSPE\" data-fig-domain=\"LEFIGARO\" target=\"_blank\" rel=\"noopener\">Matt Damon<\/a>) ou encore de T\u00e9l\u00e9maque (<a href=\"http:\/\/www.lefigaro.fr\/cinema\/l-odyssee-de-christopher-nolan-jouit-du-meilleur-scenario-jamais-lu-par-tom-holland-20250902\" data-fig-type=\"NewsFlash\" data-gtm-custom-categorie=\"navigation\" data-gtm-custom-action=\"crossclick\" data-gtm-custom-label=\"Contextuel\" data-gtm-event=\"customEventSPE\" data-fig-domain=\"LEFIGARO\" target=\"_blank\" rel=\"noopener\">Tom Holland<\/a>), par des \u00ab\u00a0armures de l\u2019\u00e2ge du bronze plus authentiques\u00a0\u00bb.<\/p>\n<p class=\"fig-paragraph\">Cela fait suite\u00a0<a href=\"http:\/\/www.lefigaro.fr\/cinema\/le-jogging-de-telemaque-le-casque-d-agamemnon-la-robe-de-bal-de-penelope-les-premieres-images-de-l-odyssee-de-nolan-suscitent-les-moqueries-20251224\" data-fig-type=\"NewsFlash\" data-gtm-custom-categorie=\"navigation\" data-gtm-custom-action=\"crossclick\" data-gtm-custom-label=\"Contextuel\" data-gtm-event=\"customEventSPE\" data-fig-domain=\"LEFIGARO\" target=\"_blank\" rel=\"noopener\">aux vives critiques<\/a>\u00a0re\u00e7ues par Christopher Nolan et les \u00e9quipes d\u2019Universal depuis la publication des premi\u00e8res images du film, attendu au cin\u00e9ma le 15 juillet 2026, \u00e0 qui il est reproch\u00e9 de nombreuses incoh\u00e9rences historiques. Parmi elles, le casque et \u00ab\u00a0l\u2019armure fantaisiste de Batman\u00a0\u00bb port\u00e9s par Agamemnon, mais aussi le \u00ab\u00a0jogging de T\u00e9l\u00e9maque\u00a0\u00bb, la robe de bal de P\u00e9n\u00e9lope ou encore l\u2019armure corinthienne d\u2019Ulysse&#8230; Ces nombreux d\u00e9fauts esth\u00e9tiques et chronologiques ont \u00e9t\u00e9 soulev\u00e9s par des arch\u00e9ologues et des passionn\u00e9s de la Gr\u00e8ce antique qui sont all\u00e9s jusqu\u2019\u00e0 questionner la distribution du film et la capacit\u00e9 de Nolan \u00e0 porter \u00e0 l\u2019\u00e9cran le r\u00e9cit d\u2019Hom\u00e8re.<\/p>\n<p>                                            Bande-annonce fictive de L\u2019Odyss\u00e9e<\/p>\n<p>                                            <a class=\"fig-a11y-skip\" href=\"#fig-a11y-skip-main-inarticle\" data-module=\"a11y-skip\" data-context=\"was @visible\"><br \/>\n    Passer la publicit\u00e9<br \/>\n<\/a>            <\/p>\n<p>                                            Film historique ou fictif\u00a0?<\/p>\n<p class=\"fig-paragraph\">Toutes ces agitations sur les r\u00e9seaux sociaux ont donn\u00e9 l\u2019id\u00e9e \u00e0 Demonflyingfox de r\u00e9cr\u00e9er la bande-annonce elliptique d\u2019une minute \u00e0 peine avec les recommandations des puristes. \u00ab\u00a0Par curiosit\u00e9\u00a0\u00bb, dit-il. Le vid\u00e9aste a alors chang\u00e9 la sombre armure d\u2019Agamemnon en un costume plus hell\u00e9nique, teint\u00e9 d\u2019or, de rouge et de bleu. Pour ce faire, il s\u2019est inspir\u00e9 des travaux de Dimitrios Katsikis, un artiste m\u00e9tallurgique ath\u00e9nien passionn\u00e9 d\u2019Antiquit\u00e9, ainsi que de pi\u00e8ces de mus\u00e9es et de r\u00e9cits historiques.<\/p>\n<blockquote class=\"fig-quote&#10;    \">\n<p class=\"fig-quote__text\">L\u2019Odyss\u00e9e d\u2019Hom\u00e8re est une \u0153uvre de FICTION<\/p>\n<p>            Gavin Booth, r\u00e9alisateur canadien\n    <\/p><\/blockquote>\n<p class=\"fig-paragraph\">Au-del\u00e0 des limites de l\u2019intelligence artificielle \u00e0 reproduire fid\u00e8lement les mouvements des personnages, c\u2019est surtout le rendu visuel qui peine \u00e0 convaincre. Les costumes imagin\u00e9s par Demonflyingfox cr\u00e8vent beaucoup moins l\u2019\u00e9cran que ceux de Nolan qui pr\u00e9sentent davantage de d\u00e9tails. Cela pourrait peut-\u00eatre expliquer les choix du r\u00e9alisateur am\u00e9ricain, qui a voulu coller \u00e0 l\u2019imaginaire collectif plut\u00f4t qu\u2019\u00e0 l\u2019esth\u00e9tique originelle des guerriers de l\u2019\u00e9poque. Une id\u00e9e partag\u00e9e par le cin\u00e9aste canadien Gavin Booth. \u00ab\u00a0Juste un rappel, et je n\u2019arrive pas \u00e0 croire que je doive m\u00eame \u00e9crire cela, L\u2019Odyss\u00e9e d\u2019Hom\u00e8re est une \u0153uvre de FICTION\u00a0\u00bb, a-t-il rappel\u00e9 sur les r\u00e9seaux sociaux.<\/p>\n<p class=\"fig-body-link\">\n            \u00c0 lire aussi<br \/>\n        <a class=\"fig-body-link__link fig-premium-mark\" href=\"https:\/\/www.lefigaro.fr\/arts-expositions\/heureux-qui-comme-homere-20190331\" target=\"_blank\" data-fig-type=\"Article\" rel=\"noopener\" data-gtm-custom-categorie=\"navigation\" data-gtm-custom-action=\"crossclick\" data-gtm-custom-label=\"Contextuel\" data-gtm-event=\"customEventSPE\" data-fig-domain=\"LEFIGARO\"><\/p>\n<p>        La belle odyss\u00e9e d\u2019Hom\u00e8re<br \/>\n    <\/a>\n<\/p>\n<p class=\"fig-paragraph\">Avant d\u2019\u00e9tayer son propos\u00a0:\u00a0\u00ab Semble-t-on totalement ignorer qu\u2019aucun film historique n\u2019est jamais totalement exact\u00a0?\u00a0De plus, lorsqu\u2019il s\u2019agit d\u2019un mythe, des libert\u00e9s cr\u00e9atives sont prises depuis des mill\u00e9naires, au fil des r\u00e9cits et interpr\u00e9tations.\u00a0\u00bb Hom\u00e8re lui-m\u00eame \u00e9tait un pr\u00e9curseur et m\u00e9langeait les technologies de son temps avec celles du temps de son r\u00e9cit. C\u2019est pourquoi, selon certains internautes, l\u2019\u0153uvre de Nolan a le droit de jouir d\u2019une certaine libert\u00e9 artistique.<\/p>\n<p class=\"fig-paragraph\"><strong>Bande-annonce de <\/strong><strong>L\u2019Odyss\u00e9e<\/strong> <strong>(2025)<\/strong><\/p>\n","protected":false},"excerpt":{"rendered":"Un youtubeur s\u2019est appuy\u00e9 sur les r\u00e9cits historiques et les dessins d\u2019un artiste ath\u00e9nien pour corriger, avec l\u2019aide&hellip;\n","protected":false},"author":2,"featured_media":627861,"comment_status":"","ping_status":"","sticky":false,"template":"","format":"standard","meta":{"footnotes":""},"categories":[1354],"tags":[3902,58,59,1346,1011,27,32282,1360],"class_list":{"0":"post-627860","1":"post","2":"type-post","3":"status-publish","4":"format-standard","5":"has-post-thumbnail","7":"category-films","8":"tag-christopher-nolan","9":"tag-divertissement","10":"tag-entertainment","11":"tag-films","12":"tag-fr","13":"tag-france","14":"tag-homere","15":"tag-movies"},"share_on_mastodon":{"url":"https:\/\/pubeurope.com\/@fr\/115803583040714040","error":""},"_links":{"self":[{"href":"https:\/\/www.europesays.com\/fr\/wp-json\/wp\/v2\/posts\/627860","targetHints":{"allow":["GET"]}}],"collection":[{"href":"https:\/\/www.europesays.com\/fr\/wp-json\/wp\/v2\/posts"}],"about":[{"href":"https:\/\/www.europesays.com\/fr\/wp-json\/wp\/v2\/types\/post"}],"author":[{"embeddable":true,"href":"https:\/\/www.europesays.com\/fr\/wp-json\/wp\/v2\/users\/2"}],"replies":[{"embeddable":true,"href":"https:\/\/www.europesays.com\/fr\/wp-json\/wp\/v2\/comments?post=627860"}],"version-history":[{"count":0,"href":"https:\/\/www.europesays.com\/fr\/wp-json\/wp\/v2\/posts\/627860\/revisions"}],"wp:featuredmedia":[{"embeddable":true,"href":"https:\/\/www.europesays.com\/fr\/wp-json\/wp\/v2\/media\/627861"}],"wp:attachment":[{"href":"https:\/\/www.europesays.com\/fr\/wp-json\/wp\/v2\/media?parent=627860"}],"wp:term":[{"taxonomy":"category","embeddable":true,"href":"https:\/\/www.europesays.com\/fr\/wp-json\/wp\/v2\/categories?post=627860"},{"taxonomy":"post_tag","embeddable":true,"href":"https:\/\/www.europesays.com\/fr\/wp-json\/wp\/v2\/tags?post=627860"}],"curies":[{"name":"wp","href":"https:\/\/api.w.org\/{rel}","templated":true}]}}