{"id":627868,"date":"2025-12-29T15:36:16","date_gmt":"2025-12-29T15:36:16","guid":{"rendered":"https:\/\/www.europesays.com\/fr\/627868\/"},"modified":"2025-12-29T15:36:16","modified_gmt":"2025-12-29T15:36:16","slug":"google-photos-arrive-enfin-sur-ces-tv-mais-pas-sur-celles-que-vous-croyez","status":"publish","type":"post","link":"https:\/\/www.europesays.com\/fr\/627868\/","title":{"rendered":"Google Photos arrive enfin sur ces TV mais pas sur celles que vous croyez"},"content":{"rendered":"<p>Google Photos va d\u00e9barquer sur de nouveaux appareils. Samsung vient de confirmer que l\u2019application allait bient\u00f4t \u00eatre ajout\u00e9e \u00e0 ses t\u00e9l\u00e9viseurs afin de permettre aux utilisateurs de regarder leurs souvenirs sur grand \u00e9cran. Le constructeur sud-cor\u00e9en grille \u00e9tonnamment la politesse \u00e0 Google TV. <\/p>\n<p><img alt=\"Image 1 : Google Photos arrive enfin sur ces TV mais pas sur celles que vous croyez\" fetchpriority=\"high\" decoding=\"async\" width=\"1200\" height=\"900\" src=\"https:\/\/www.europesays.com\/fr\/wp-content\/uploads\/2025\/12\/Samsung-TQ65S95D-WebOS-MEA-1200x900.jpg\" class=\"wp-image-1436526\"  \/>Cr\u00e9dit : Xavier Regord \/ Tom\u2019s Guide<\/p>\n<p>Samsung vient de faire une annonce importante pour ses utilisateurs f\u00e9rus de<a href=\"https:\/\/www.tomsguide.fr\/fini-le-desordre-dans-google-photos-une-nouvelle-astuce-arrive\/\" target=\"_blank\" rel=\"noopener\"> Google Photos qui b\u00e9n\u00e9ficie depuis peu d\u2019une nouvelle option pratique<\/a>. Le fabricant a confirm\u00e9 qu\u2019il planchait sur l\u2019int\u00e9gration prochaine de l\u2019application sur ses t\u00e9l\u00e9viseurs. L\u2019objectif \u00e9tant \u201cd\u2019offrir aux usagers une fa\u00e7on simple de profiter des moments les plus pr\u00e9cieux, qu\u2019il s\u2019agisse de voyages, de loisirs ou de souvenirs du quotidien avec leurs proches, d\u00e9sormais sur un \u00e9cran plus grand et immersif\u201d, indique le communiqu\u00e9.<\/p>\n<p>3 fonctionnalit\u00e9s Google Photos vont d\u00e9barquer l\u2019ann\u00e9e prochaine sur les t\u00e9l\u00e9viseurs Samsung  <\/p>\n<p>Cette int\u00e9gration native de Google Photos se fera en trois temps sur les mod\u00e8les Samsung AI TV : <\/p>\n<ul class=\"wp-block-list\">\n<li><strong>Souvenirs<\/strong> : vous allez pouvoir diffuser des s\u00e9lections personnalis\u00e9es d\u2019images d\u00e9coup\u00e9es en fonction des personnes, des lieux et des moments marquants. Cette fonctionnalit\u00e9 sera disponible \u00e0 partir de mars 2026. <\/li>\n<\/ul>\n<ul class=\"wp-block-list\">\n<li><strong>R\u00e9sultats personnalis\u00e9s<\/strong> : les utilisateurs pourront (re)d\u00e9couvrir leurs images en diaporama, avec des photos automatiquement regroup\u00e9es par th\u00e8me et par souvenir. Cette fonction sera d\u00e9ploy\u00e9e dans le courant de l\u2019ann\u00e9e prochaine.<\/li>\n<\/ul>\n<ul class=\"wp-block-list\">\n<li><strong>Edition avec l\u2019IA <\/strong>: <a href=\"https:\/\/www.tomsguide.fr\/gemini-comment-activer-nano-banana-pro-et-generer-de-superbes-images-gratuitement\/\" target=\"_blank\" rel=\"noopener\">Nano Banana<\/a> s\u2019invite dans votre TV Samsung afin de vous permettre de cr\u00e9er des mod\u00e8les th\u00e9matiques, d\u2019\u00e9diter le style artistique de vos images et de transformer une photo en courte vid\u00e9o. Le lancement de cette option est programm\u00e9 pour fin 2026. <\/li>\n<\/ul>\n<p>Etonnamment, ce sont <a href=\"https:\/\/www.tomsguide.fr\/tv-samsung-quels-sont-les-meilleurs-televiseurs\/\" target=\"_blank\" rel=\"noopener\">les TV Samsung<\/a> qui ont la primeur sur Google Photos alors qu\u2019on aurait pens\u00e9 que l\u2019application serait d\u2019abord int\u00e9gr\u00e9e nativement sur les \u00e9cosyst\u00e8mes TV de Google. Il est certes d\u00e9j\u00e0 possible de diffuser des photos et des vid\u00e9os sur Google TV. Mais l\u2019exp\u00e9rience est loin d\u2019\u00eatre optimale, notamment pour les vid\u00e9os en 4K, rappelle le site Android Authority. <\/p>\n<p><strong>A lire &gt; <a href=\"https:\/\/www.tomsguide.fr\/google-photos-ce-nouveau-reglage-va-desencombrer-votre-application\/\" target=\"_blank\" rel=\"noopener\">Google Photos : ce r\u00e9glage va d\u00e9sencombrer votre application<\/a><br \/><\/strong><br \/>Il est aussi d\u00e9j\u00e0 possible d\u2019utiliser sa <a href=\"https:\/\/www.tomsguide.fr\/google-photos-vos-images-seront-desormais-mieux-rangees-grace-a-cette-fonctionnalite\/\" target=\"_blank\" rel=\"noopener\">phototh\u00e8que Google Photos<\/a> comme \u00e9conomiseur d\u2019\u00e9cran sur Google TV. Mais les utilisateurs ne diraient pas non \u00e0 davantage de fonctionnalit\u00e9s. Il faudra visiblement patienter un peu plus. L\u2019exclusivit\u00e9 temporaire accord\u00e9e \u00e0 Samsung pour la fonctionnalit\u00e9 \u201cSouvenirs\u201d sugg\u00e8re bel et bien un d\u00e9ploiement ult\u00e9rieur sur d\u2019autres plateformes. <\/p>\n<p>Source : <a href=\"https:\/\/news.samsung.com\/global\/samsung-plans-to-bring-google-photos-to-samsung-ai-tv-lineup-helping-users-relive-their-favorite-memories-on-the-big-screen\" target=\"_blank\" rel=\"noreferrer noopener\">Samsung <\/a><\/p>\n","protected":false},"excerpt":{"rendered":"Google Photos va d\u00e9barquer sur de nouveaux appareils. Samsung vient de confirmer que l\u2019application allait bient\u00f4t \u00eatre ajout\u00e9e&hellip;\n","protected":false},"author":2,"featured_media":627869,"comment_status":"","ping_status":"","sticky":false,"template":"","format":"standard","meta":{"footnotes":""},"categories":[7],"tags":[1011,27,42522,12,612,43,40,41,39,42,44],"class_list":{"0":"post-627868","1":"post","2":"type-post","3":"status-publish","4":"format-standard","5":"has-post-thumbnail","7":"category-sciences-et-technologies","8":"tag-fr","9":"tag-france","10":"tag-google-photos","11":"tag-news","12":"tag-samsung","13":"tag-science","14":"tag-science-and-technology","15":"tag-sciences","16":"tag-sciences-et-technologies","17":"tag-technologies","18":"tag-technology"},"share_on_mastodon":{"url":"https:\/\/pubeurope.com\/@fr\/115803598681458987","error":""},"_links":{"self":[{"href":"https:\/\/www.europesays.com\/fr\/wp-json\/wp\/v2\/posts\/627868","targetHints":{"allow":["GET"]}}],"collection":[{"href":"https:\/\/www.europesays.com\/fr\/wp-json\/wp\/v2\/posts"}],"about":[{"href":"https:\/\/www.europesays.com\/fr\/wp-json\/wp\/v2\/types\/post"}],"author":[{"embeddable":true,"href":"https:\/\/www.europesays.com\/fr\/wp-json\/wp\/v2\/users\/2"}],"replies":[{"embeddable":true,"href":"https:\/\/www.europesays.com\/fr\/wp-json\/wp\/v2\/comments?post=627868"}],"version-history":[{"count":0,"href":"https:\/\/www.europesays.com\/fr\/wp-json\/wp\/v2\/posts\/627868\/revisions"}],"wp:featuredmedia":[{"embeddable":true,"href":"https:\/\/www.europesays.com\/fr\/wp-json\/wp\/v2\/media\/627869"}],"wp:attachment":[{"href":"https:\/\/www.europesays.com\/fr\/wp-json\/wp\/v2\/media?parent=627868"}],"wp:term":[{"taxonomy":"category","embeddable":true,"href":"https:\/\/www.europesays.com\/fr\/wp-json\/wp\/v2\/categories?post=627868"},{"taxonomy":"post_tag","embeddable":true,"href":"https:\/\/www.europesays.com\/fr\/wp-json\/wp\/v2\/tags?post=627868"}],"curies":[{"name":"wp","href":"https:\/\/api.w.org\/{rel}","templated":true}]}}