{"id":627877,"date":"2025-12-29T15:41:16","date_gmt":"2025-12-29T15:41:16","guid":{"rendered":"https:\/\/www.europesays.com\/fr\/627877\/"},"modified":"2025-12-29T15:41:16","modified_gmt":"2025-12-29T15:41:16","slug":"lesprit-de-noel-netait-pas-la","status":"publish","type":"post","link":"https:\/\/www.europesays.com\/fr\/627877\/","title":{"rendered":"\u00ab\u00a0L\u2019esprit de No\u00ebl n\u2019\u00e9tait pas l\u00e0\u00a0\u00bb"},"content":{"rendered":"<p>Hausse importante des co\u00fbts de l\u2019\u00e9nergie et des mati\u00e8res premi\u00e8res, pouvoir d\u2019achat en berne, manque d\u2019attractivit\u00e9 de la ville\u2026 Thibault Durieu est inquiet pour l\u2019avenir de sa boulangerie.<\/p>\n<p>Les clients d\u00e9filent, apr\u00e8s les b\u00fbches de No\u00ebl, les galettes des rois tr\u00f4nent sur les pr\u00e9sentoirs. Mais pour l\u2019artisan fraissillous, l\u2019ann\u00e9e 2025 se termine avec son lot d\u2019inqui\u00e9tudes.<\/p>\n<p>De plus en plus de gens pr\u00e9parent eux-m\u00eames leur dessert<\/p>\n<p>\u00ab\u00a0C\u2019est une fin d\u2019ann\u00e9e compliqu\u00e9e, l\u2019esprit de No\u00ebl n\u2019\u00e9tait pas l\u00e0, les ventes sont&#8230;<\/p>\n","protected":false},"excerpt":{"rendered":"Hausse importante des co\u00fbts de l\u2019\u00e9nergie et des mati\u00e8res premi\u00e8res, pouvoir d\u2019achat en berne, manque d\u2019attractivit\u00e9 de la&hellip;\n","protected":false},"author":2,"featured_media":627878,"comment_status":"","ping_status":"","sticky":false,"template":"","format":"standard","meta":{"footnotes":""},"categories":[9653],"tags":[1111,11,2430,4406,33,7539,1777,674,1011,32964,27,12,25,4001,14025],"class_list":{"0":"post-627877","1":"post","2":"type-post","3":"status-publish","4":"format-standard","5":"has-post-thumbnail","7":"category-saint-etienne","8":"tag-actu","9":"tag-actualites","10":"tag-auvergne-rhone-alpes","11":"tag-commerce-et-services","12":"tag-economie","13":"tag-edition-loire-sud","14":"tag-eu","15":"tag-europe","16":"tag-fr","17":"tag-fraisses","18":"tag-france","19":"tag-news","20":"tag-republique-francaise","21":"tag-saint-etienne","22":"tag-unieux-bassin"},"share_on_mastodon":{"url":"https:\/\/pubeurope.com\/@fr\/115803618386019262","error":""},"_links":{"self":[{"href":"https:\/\/www.europesays.com\/fr\/wp-json\/wp\/v2\/posts\/627877","targetHints":{"allow":["GET"]}}],"collection":[{"href":"https:\/\/www.europesays.com\/fr\/wp-json\/wp\/v2\/posts"}],"about":[{"href":"https:\/\/www.europesays.com\/fr\/wp-json\/wp\/v2\/types\/post"}],"author":[{"embeddable":true,"href":"https:\/\/www.europesays.com\/fr\/wp-json\/wp\/v2\/users\/2"}],"replies":[{"embeddable":true,"href":"https:\/\/www.europesays.com\/fr\/wp-json\/wp\/v2\/comments?post=627877"}],"version-history":[{"count":0,"href":"https:\/\/www.europesays.com\/fr\/wp-json\/wp\/v2\/posts\/627877\/revisions"}],"wp:featuredmedia":[{"embeddable":true,"href":"https:\/\/www.europesays.com\/fr\/wp-json\/wp\/v2\/media\/627878"}],"wp:attachment":[{"href":"https:\/\/www.europesays.com\/fr\/wp-json\/wp\/v2\/media?parent=627877"}],"wp:term":[{"taxonomy":"category","embeddable":true,"href":"https:\/\/www.europesays.com\/fr\/wp-json\/wp\/v2\/categories?post=627877"},{"taxonomy":"post_tag","embeddable":true,"href":"https:\/\/www.europesays.com\/fr\/wp-json\/wp\/v2\/tags?post=627877"}],"curies":[{"name":"wp","href":"https:\/\/api.w.org\/{rel}","templated":true}]}}