{"id":627881,"date":"2025-12-29T15:43:12","date_gmt":"2025-12-29T15:43:12","guid":{"rendered":"https:\/\/www.europesays.com\/fr\/627881\/"},"modified":"2025-12-29T15:43:12","modified_gmt":"2025-12-29T15:43:12","slug":"theatre-a-la-foucotte-girl-power","status":"publish","type":"post","link":"https:\/\/www.europesays.com\/fr\/627881\/","title":{"rendered":"Th\u00e9\u00e2tre \u00e0 la Foucotte\u00a0: Girl power"},"content":{"rendered":"<p>La Com\u00e9die de Metz propose la pi\u00e8ce Girl power. Dans une mise en sc\u00e8ne dynamique et rythm\u00e9e, cette com\u00e9die moderne aborde avec l\u00e9g\u00e8ret\u00e9 des th\u00e8mes actuels tels que l\u2019\u00e9mancipation f\u00e9minine et l\u2019amiti\u00e9. Port\u00e9e par une distribution exclusivement f\u00e9minine, la pi\u00e8ce m\u00eale humour d\u00e9cal\u00e9 et situations absurdes dans un d\u00e9cor intimiste.<\/p>\n<p>L\u2019intrigue suit trois amies, chacune confront\u00e9e \u00e0 des d\u00e9sillusions sentimentales, qui d\u00e9cident de se retrouver autour de quelques verres. Une d\u00e9cision qui va bouleverser leur quotidien\u00a0: entre confidences, \u00e9clats de rire et boissons inattendues, elles d\u00e9couvrent qu\u2019elles ont acquis d\u2019\u00e9tranges pouvoirs.<\/p>\n<p class=\"note\">Mercredi 31\u00a0d\u00e9cembre, \u00e0 18\u00a0h\u00a030 et 21\u00a0h, au Th\u00e9\u00e2tre de la Foucotte, 3,\u00a0rue de la Foucotte, \u00e0 Nancy. Tarif\u00a0: 33\u00a0\u20ac.<\/p>\n","protected":false},"excerpt":{"rendered":"La Com\u00e9die de Metz propose la pi\u00e8ce Girl power. Dans une mise en sc\u00e8ne dynamique et rythm\u00e9e, cette&hellip;\n","protected":false},"author":2,"featured_media":627882,"comment_status":"","ping_status":"","sticky":false,"template":"","format":"standard","meta":{"footnotes":""},"categories":[9635],"tags":[1111,11,1687,1704,1777,674,1011,27,775,1702,1703,12,25,3140],"class_list":{"0":"post-627881","1":"post","2":"type-post","3":"status-publish","4":"format-standard","5":"has-post-thumbnail","7":"category-nancy","8":"tag-actu","9":"tag-actualites","10":"tag-culture-loisirs","11":"tag-edition-nancy-et-agglomeration","12":"tag-eu","13":"tag-europe","14":"tag-fr","15":"tag-france","16":"tag-grand-est","17":"tag-nancy","18":"tag-nancy-ville-54b","19":"tag-news","20":"tag-republique-francaise","21":"tag-spectacle"},"share_on_mastodon":{"url":"https:\/\/pubeurope.com\/@fr\/115803626256634366","error":""},"_links":{"self":[{"href":"https:\/\/www.europesays.com\/fr\/wp-json\/wp\/v2\/posts\/627881","targetHints":{"allow":["GET"]}}],"collection":[{"href":"https:\/\/www.europesays.com\/fr\/wp-json\/wp\/v2\/posts"}],"about":[{"href":"https:\/\/www.europesays.com\/fr\/wp-json\/wp\/v2\/types\/post"}],"author":[{"embeddable":true,"href":"https:\/\/www.europesays.com\/fr\/wp-json\/wp\/v2\/users\/2"}],"replies":[{"embeddable":true,"href":"https:\/\/www.europesays.com\/fr\/wp-json\/wp\/v2\/comments?post=627881"}],"version-history":[{"count":0,"href":"https:\/\/www.europesays.com\/fr\/wp-json\/wp\/v2\/posts\/627881\/revisions"}],"wp:featuredmedia":[{"embeddable":true,"href":"https:\/\/www.europesays.com\/fr\/wp-json\/wp\/v2\/media\/627882"}],"wp:attachment":[{"href":"https:\/\/www.europesays.com\/fr\/wp-json\/wp\/v2\/media?parent=627881"}],"wp:term":[{"taxonomy":"category","embeddable":true,"href":"https:\/\/www.europesays.com\/fr\/wp-json\/wp\/v2\/categories?post=627881"},{"taxonomy":"post_tag","embeddable":true,"href":"https:\/\/www.europesays.com\/fr\/wp-json\/wp\/v2\/tags?post=627881"}],"curies":[{"name":"wp","href":"https:\/\/api.w.org\/{rel}","templated":true}]}}