{"id":627885,"date":"2025-12-29T15:45:11","date_gmt":"2025-12-29T15:45:11","guid":{"rendered":"https:\/\/www.europesays.com\/fr\/627885\/"},"modified":"2025-12-29T15:45:11","modified_gmt":"2025-12-29T15:45:11","slug":"var-un-seisme-de-magnitude-37-enregistre-au-large-de-toulon-un-appel-a-temoins-lance","status":"publish","type":"post","link":"https:\/\/www.europesays.com\/fr\/627885\/","title":{"rendered":"Var. Un s\u00e9isme de magnitude 3,7 enregistr\u00e9 au large de Toulon, un appel \u00e0 t\u00e9moins lanc\u00e9\u00a0"},"content":{"rendered":"<p>                    Par<br \/>\n        <strong><br \/>\n            <a href=\"https:\/\/actu.fr\/auteur\/gael-trevien\" title=\"Consulter tous les articles de Agence de presse APEI\" target=\"_blank\" rel=\"noopener\">Agence de presse APEI<\/a><br \/>\n                    <\/strong><\/p>\n<p>        Publi\u00e9 le<\/p>\n<p>            29 d\u00e9c. 2025 \u00e0 13h28        <\/p>\n<p>La terre a trembl\u00e9 t\u00f4t ce lundi 29\u00a0d\u00e9cembre au large des c\u00f4tes du <a href=\"https:\/\/actu.fr\/var\/\" target=\"_blank\" rel=\"noopener\">Var<\/a>, indique la pr\u00e9fecture sur ses r\u00e9seaux sociaux.<\/p>\n<p class=\" wall-content\">\u00c0 7\u2009h\u200939, un s\u00e9isme de magnitude <strong>3,7\u00a0sur l\u2019\u00e9chelle de Richter<\/strong> a \u00e9t\u00e9 enregistr\u00e9 par le Bureau central et sismologique fran\u00e7ais \u2013 R\u00e9seau national de surveillance sismique (BCSF-R\u00e9nass) en mer, \u00e0 91\u00a0km au large de Toulon.<\/p>\n<p>    <img   decoding=\"async\" loading=\"lazy\" src=\"https:\/\/www.europesays.com\/fr\/wp-content\/uploads\/2025\/12\/capture-decran-2025-12-29-a-131404-960x640.png\" alt=\"Un s\u00e9isme de magnitude de 3,7\u00a0sur l\u2019\u00e9chelle de Richter a \u00e9t\u00e9 enregistr\u00e9.\" width=\"960\" height=\"640\"\/><br \/>\n    Un s\u00e9isme de magnitude de 3,7\u00a0sur l\u2019\u00e9chelle de Richter a \u00e9t\u00e9 enregistr\u00e9. (\u00a9 Bureau central et sismologique fran\u00e7ais \u2013 R\u00e9seau national de surveillance sismique (BCSF-R\u00e9nass)Une r\u00e9plique de la m\u00eame intensit\u00e9<\/p>\n<p class=\" wall-content\">Une r\u00e9plique de magnitude de la m\u00eame intensit\u00e9 a \u00e9t\u00e9 enregistr\u00e9e <strong>\u00e0 8\u2009h\u200912<\/strong> dans la m\u00eame zone. Si aucun d\u00e9g\u00e2t n\u2019est pour le moment \u00e0 d\u00e9plorer, la pr\u00e9fecture relaie l\u2019appel \u00e0 t\u00e9moins du BCSF.<\/p>\n<p>    <a href=\"https:\/\/www.facebook.com\/plugins\/post.php?href=https%3A%2F%2Fwww.facebook.com%2FPrefet83%2Fposts%2Fpfbid04ZzJFFCPVLNRrkGm8bPSLoy42Ujd5TCVpgQHftbv6xEFR4QuHKwckxQumBgPHD2ml&amp;show_text=true&amp;width=350\" title=\"Ouvrie le lien\" target=\"_blank\" rel=\"noopener\">Cliquez ici pour visualiser le contenu<\/a><\/p>\n<p class=\" wall-content\">Ce dernier invite les personnes qui ont ressenti le s\u00e9isme \u00e0 t\u00e9moigner sur son site <a href=\"https:\/\/renass.unistra.fr\/fr\/evenements\/fr2025ssshcg\/?fbclid=IwY2xjawO_SrtleHRuA2FlbQIxMABicmlkETFYb3dqYjYwb3RaQWg3ejBpc3J0YwZhcHBfaWQQMjIyMDM5MTc4ODIwMDg5MgABHrHWhnvWpGqzNApfzAzYEuTOXKMVeirvJIy8iQWUUhMs0JNN5zj2D1S0dgUX_aem_qXOz35i1J3ZFjSFYTDVlPw\" target=\"_blank\" rel=\"noopener\">ici<\/a>.<\/p>\n<p class=\" wall-content\">\u00ab\u2009Cet \u00e9v\u00e9nement d\u00e9tect\u00e9 automatiquement a besoin d\u2019\u00eatre pr\u00e9cis\u00e9 par les analystes\u2009\u00bb, indique la pr\u00e9fecture.<\/p>\n<p class=\" wall-content\">Personnalisez votre actualit\u00e9 en ajoutant vos villes et m\u00e9dias en favori avec <a href=\"https:\/\/moncompte.actu.fr\" title=\"D\u00e9couvez Mon Actu\" rel=\"nofollow noopener\" data-trk=\"{&quot;cta&quot;:{&quot;action&quot;:&quot;https:\\\/\\\/moncompte.actu.fr&quot;,&quot;category&quot;:&quot;mon compte&quot;,&quot;from&quot;:&quot;article footer&quot;,&quot;name&quot;:&quot;Mon actu&quot;,&quot;type&quot;:&quot;cta&quot;}}\" target=\"_blank\">Mon Actu<\/a>.<\/p>\n","protected":false},"excerpt":{"rendered":"Par Agence de presse APEI Publi\u00e9 le 29 d\u00e9c. 2025 \u00e0 13h28 La terre a trembl\u00e9 t\u00f4t ce&hellip;\n","protected":false},"author":2,"featured_media":627886,"comment_status":"","ping_status":"","sticky":false,"template":"","format":"standard","meta":{"footnotes":""},"categories":[9619],"tags":[1111,11,1777,674,1011,27,12,882,25,18565,104,2310],"class_list":{"0":"post-627885","1":"post","2":"type-post","3":"status-publish","4":"format-standard","5":"has-post-thumbnail","7":"category-toulon","8":"tag-actu","9":"tag-actualites","10":"tag-eu","11":"tag-europe","12":"tag-fr","13":"tag-france","14":"tag-news","15":"tag-provence-alpes-cote-dazur","16":"tag-republique-francaise","17":"tag-seismes","18":"tag-societe","19":"tag-toulon"},"share_on_mastodon":{"url":"https:\/\/pubeurope.com\/@fr\/115803634042819375","error":""},"_links":{"self":[{"href":"https:\/\/www.europesays.com\/fr\/wp-json\/wp\/v2\/posts\/627885","targetHints":{"allow":["GET"]}}],"collection":[{"href":"https:\/\/www.europesays.com\/fr\/wp-json\/wp\/v2\/posts"}],"about":[{"href":"https:\/\/www.europesays.com\/fr\/wp-json\/wp\/v2\/types\/post"}],"author":[{"embeddable":true,"href":"https:\/\/www.europesays.com\/fr\/wp-json\/wp\/v2\/users\/2"}],"replies":[{"embeddable":true,"href":"https:\/\/www.europesays.com\/fr\/wp-json\/wp\/v2\/comments?post=627885"}],"version-history":[{"count":0,"href":"https:\/\/www.europesays.com\/fr\/wp-json\/wp\/v2\/posts\/627885\/revisions"}],"wp:featuredmedia":[{"embeddable":true,"href":"https:\/\/www.europesays.com\/fr\/wp-json\/wp\/v2\/media\/627886"}],"wp:attachment":[{"href":"https:\/\/www.europesays.com\/fr\/wp-json\/wp\/v2\/media?parent=627885"}],"wp:term":[{"taxonomy":"category","embeddable":true,"href":"https:\/\/www.europesays.com\/fr\/wp-json\/wp\/v2\/categories?post=627885"},{"taxonomy":"post_tag","embeddable":true,"href":"https:\/\/www.europesays.com\/fr\/wp-json\/wp\/v2\/tags?post=627885"}],"curies":[{"name":"wp","href":"https:\/\/api.w.org\/{rel}","templated":true}]}}