{"id":627894,"date":"2025-12-29T15:50:16","date_gmt":"2025-12-29T15:50:16","guid":{"rendered":"https:\/\/www.europesays.com\/fr\/627894\/"},"modified":"2025-12-29T15:50:16","modified_gmt":"2025-12-29T15:50:16","slug":"un-conducteur-interpelle-a-rouen-apres-un-refus-dobtemperer-son-permis-etait-annule","status":"publish","type":"post","link":"https:\/\/www.europesays.com\/fr\/627894\/","title":{"rendered":"Un conducteur interpell\u00e9 \u00e0 Rouen apr\u00e8s un refus d\u2019obtemp\u00e9rer : son permis \u00e9tait annul\u00e9"},"content":{"rendered":"<p>\n\t\t\t\t\t Dans la nuit du 27 d\u00e9cembre, vers 3h40, un \u00e9quipage de police secours a rep\u00e9r\u00e9 un v\u00e9hicule circulant \u00e0 contresens sur la voie de bus, feux \u00e9teints, avenue du Mont-Riboudet, \u00e0 Rouen. Les policiers ont alors d\u00e9cid\u00e9 de proc\u00e9der \u00e0 son contr\u00f4le, mais l&rsquo;automobiliste s\u2019est empress\u00e9 de faire demi-tour, faisant crisser les pneus et acc\u00e9l\u00e9rant fortement.\n\t\t\t\t <\/p>\n","protected":false},"excerpt":{"rendered":"Dans la nuit du 27 d\u00e9cembre, vers 3h40, un \u00e9quipage de police secours a rep\u00e9r\u00e9 un v\u00e9hicule circulant&hellip;\n","protected":false},"author":2,"featured_media":627895,"comment_status":"","ping_status":"","sticky":false,"template":"","format":"standard","meta":{"footnotes":""},"categories":[9587],"tags":[1111,11,1067,1777,674,118,1011,27,12,5161,1072,73741,25,9590],"class_list":{"0":"post-627894","1":"post","2":"type-post","3":"status-publish","4":"format-standard","5":"has-post-thumbnail","7":"category-rouen","8":"tag-actu","9":"tag-actualites","10":"tag-enquete","11":"tag-eu","12":"tag-europe","13":"tag-faits-divers","14":"tag-fr","15":"tag-france","16":"tag-news","17":"tag-normandie","18":"tag-police","19":"tag-refus-d","20":"tag-republique-francaise","21":"tag-rouen"},"share_on_mastodon":{"url":"https:\/\/pubeurope.com\/@fr\/115803653696181584","error":""},"_links":{"self":[{"href":"https:\/\/www.europesays.com\/fr\/wp-json\/wp\/v2\/posts\/627894","targetHints":{"allow":["GET"]}}],"collection":[{"href":"https:\/\/www.europesays.com\/fr\/wp-json\/wp\/v2\/posts"}],"about":[{"href":"https:\/\/www.europesays.com\/fr\/wp-json\/wp\/v2\/types\/post"}],"author":[{"embeddable":true,"href":"https:\/\/www.europesays.com\/fr\/wp-json\/wp\/v2\/users\/2"}],"replies":[{"embeddable":true,"href":"https:\/\/www.europesays.com\/fr\/wp-json\/wp\/v2\/comments?post=627894"}],"version-history":[{"count":0,"href":"https:\/\/www.europesays.com\/fr\/wp-json\/wp\/v2\/posts\/627894\/revisions"}],"wp:featuredmedia":[{"embeddable":true,"href":"https:\/\/www.europesays.com\/fr\/wp-json\/wp\/v2\/media\/627895"}],"wp:attachment":[{"href":"https:\/\/www.europesays.com\/fr\/wp-json\/wp\/v2\/media?parent=627894"}],"wp:term":[{"taxonomy":"category","embeddable":true,"href":"https:\/\/www.europesays.com\/fr\/wp-json\/wp\/v2\/categories?post=627894"},{"taxonomy":"post_tag","embeddable":true,"href":"https:\/\/www.europesays.com\/fr\/wp-json\/wp\/v2\/tags?post=627894"}],"curies":[{"name":"wp","href":"https:\/\/api.w.org\/{rel}","templated":true}]}}