{"id":627898,"date":"2025-12-29T15:52:13","date_gmt":"2025-12-29T15:52:13","guid":{"rendered":"https:\/\/www.europesays.com\/fr\/627898\/"},"modified":"2025-12-29T15:52:13","modified_gmt":"2025-12-29T15:52:13","slug":"football-ligue-2-sur-quelle-chaine-regarder-bastia","status":"publish","type":"post","link":"https:\/\/www.europesays.com\/fr\/627898\/","title":{"rendered":"Football. Ligue 2\u00a0: sur quelle cha\u00eene regarder Bastia"},"content":{"rendered":"<p>La Ligue 2 reprend ses droits. Et pour son premier match de 2026, le GF38 se d\u00e9place ce samedi sur la pelouse de Bastia (20 heures). Les hommes de <a href=\"https:\/\/www.ledauphine.com\/p\/franck-rizzetto\" target=\"_blank\" rel=\"noopener\">Franck Rizzetto<\/a>, d\u00e9faits en Coupe de France par Nancy au Stade des Alpes lors des 32es de finale\u00a0<a href=\"https:\/\/www.ledauphine.com\/sport\/2025\/12\/20\/la-porte-ou-le-reve-suivez-le-32e-de-finale-gf38-nancy-en-direct\" target=\"_blank\" rel=\"noopener\">(1-1, 3-5, t.a.b.)<\/a> pour la derni\u00e8re rencontre de l&rsquo;ann\u00e9e 2025, sont sur une bonne s\u00e9rie en championnat.<\/p>\n<p>Les Is\u00e9rois (11es, 21 points), ne comptent qu&rsquo;une d\u00e9faite sur leur cinq derni\u00e8res rencontres (trois victoires et un nul). C&rsquo;\u00e9tait \u00e0 l&rsquo;ext\u00e9rieur, \u00e0 Boulogne-sur-Mer (<a href=\"https:\/\/www.ledauphine.com\/sport\/2025\/11\/21\/le-gf38-va-t-il-poursuivre-sa-belle-serie-a-boulogne-suivez-la-rencontre\" target=\"_blank\" rel=\"noopener\">3-1<\/a>), chez une \u00e9quipe mal class\u00e9e. Le GF38 doit donc se m\u00e9fier de ce d\u00e9placement en Corse car, m\u00eame si Bastia est la lanterne rouge (8 points), les hommes de R\u00e9ginald Ray, pass\u00e9 sur le banc du FCS Rumilly (ex-GFA Rumilly Valli\u00e8res), ont r\u00e9cemment fait grandement douter l&rsquo;ASSE dans le Chaudron (<a href=\"https:\/\/www.ledauphine.com\/sport\/2025\/12\/13\/sans-ame-l-asse-cale-encore\" target=\"_blank\" rel=\"noopener\">2-2<\/a>).<\/p>\n<p><a href=\"https:\/\/www.ledauphine.com\/sport\/calendrier-resultats\/football\/national-ligue-2\" target=\"_blank\" rel=\"noopener\"><strong>&gt;&gt;\u00a0Les r\u00e9sultats, le classement et le calendrier de Ligue 2<\/strong><\/a><\/p>\n<p>Lors du match aller dans la capitale des Alpes, la rencontre s&rsquo;\u00e9tait sold\u00e9e par <a href=\"https:\/\/www.ledauphine.com\/sport\/2025\/09\/26\/le-match-de-la-peur-entre-le-gf38-et-le-sc-bastia-suivez-la-rencontre\" target=\"_blank\" rel=\"noopener\">un match nul et vierge<\/a>. L&rsquo;an pass\u00e9 pour la derni\u00e8re rencontre jou\u00e9e au stade Armand Cesari, les Grenoblois \u00e9taient venus \u00e0 bout des Bastiais (<a href=\"https:\/\/www.ledauphine.com\/sport\/2025\/04\/25\/le-gf38-pour-l-honneur-a-bastia-suivez-la-rencontre\" target=\"_blank\" rel=\"noopener\">3-2<\/a>) gr\u00e2ce \u00e0 un but d&rsquo;Eddy Sylvestre dans les arr\u00eats de jeu.<\/p>\n<p>La rencontre sera \u00e0 suivre sur\u00a0beIN Sports 9\u00a0et en direct comment\u00e9 sur notre site internet.<\/p>\n","protected":false},"excerpt":{"rendered":"La Ligue 2 reprend ses droits. Et pour son premier match de 2026, le GF38 se d\u00e9place ce&hellip;\n","protected":false},"author":2,"featured_media":627899,"comment_status":"","ping_status":"","sticky":false,"template":"","format":"standard","meta":{"footnotes":""},"categories":[9566],"tags":[1111,11,2430,112,1777,674,1701,63,1011,27,12637,2731,2732,108,12636,12,25,517,1947,2205],"class_list":{"0":"post-627898","1":"post","2":"type-post","3":"status-publish","4":"format-standard","5":"has-post-thumbnail","7":"category-grenoble","8":"tag-actu","9":"tag-actualites","10":"tag-auvergne-rhone-alpes","11":"tag-edition-grenoble-agglomeration","12":"tag-eu","13":"tag-europe","14":"tag-fil-info-sport","15":"tag-football","16":"tag-fr","17":"tag-france","18":"tag-gf38-grenoble-foot-38","19":"tag-grenoble","20":"tag-grenoble-bassin","21":"tag-isere","22":"tag-ligue-2-football","23":"tag-news","24":"tag-republique-francaise","25":"tag-sport","26":"tag-sport-national","27":"tag-television-medias"},"share_on_mastodon":{"url":"https:\/\/pubeurope.com\/@fr\/115803661583489229","error":""},"_links":{"self":[{"href":"https:\/\/www.europesays.com\/fr\/wp-json\/wp\/v2\/posts\/627898","targetHints":{"allow":["GET"]}}],"collection":[{"href":"https:\/\/www.europesays.com\/fr\/wp-json\/wp\/v2\/posts"}],"about":[{"href":"https:\/\/www.europesays.com\/fr\/wp-json\/wp\/v2\/types\/post"}],"author":[{"embeddable":true,"href":"https:\/\/www.europesays.com\/fr\/wp-json\/wp\/v2\/users\/2"}],"replies":[{"embeddable":true,"href":"https:\/\/www.europesays.com\/fr\/wp-json\/wp\/v2\/comments?post=627898"}],"version-history":[{"count":0,"href":"https:\/\/www.europesays.com\/fr\/wp-json\/wp\/v2\/posts\/627898\/revisions"}],"wp:featuredmedia":[{"embeddable":true,"href":"https:\/\/www.europesays.com\/fr\/wp-json\/wp\/v2\/media\/627899"}],"wp:attachment":[{"href":"https:\/\/www.europesays.com\/fr\/wp-json\/wp\/v2\/media?parent=627898"}],"wp:term":[{"taxonomy":"category","embeddable":true,"href":"https:\/\/www.europesays.com\/fr\/wp-json\/wp\/v2\/categories?post=627898"},{"taxonomy":"post_tag","embeddable":true,"href":"https:\/\/www.europesays.com\/fr\/wp-json\/wp\/v2\/tags?post=627898"}],"curies":[{"name":"wp","href":"https:\/\/api.w.org\/{rel}","templated":true}]}}