{"id":627900,"date":"2025-12-29T15:53:20","date_gmt":"2025-12-29T15:53:20","guid":{"rendered":"https:\/\/www.europesays.com\/fr\/627900\/"},"modified":"2025-12-29T15:53:20","modified_gmt":"2025-12-29T15:53:20","slug":"apres-un-tres-gros-mandat-a-pace-le-maire-herve-depouez-est-candidat-a-sa-reelection","status":"publish","type":"post","link":"https:\/\/www.europesays.com\/fr\/627900\/","title":{"rendered":"apr\u00e8s \u00ab\u00a0un tr\u00e8s gros mandat\u00a0\u00bb \u00e0 Pac\u00e9, le maire, Herv\u00e9 Depouez est candidat \u00e0 sa r\u00e9\u00e9lection"},"content":{"rendered":"<p>                    Par<br \/>\n        <strong><br \/>\n            <a href=\"https:\/\/actu.fr\/auteur\/clemence-pays02-actu-fr\" title=\"Consulter tous les articles de Cl\u00e9mence Pays\" target=\"_blank\" rel=\"noopener\">Cl\u00e9mence Pays<\/a><br \/>\n                    <\/strong><\/p>\n<p>        Publi\u00e9 le<\/p>\n<p>            29 d\u00e9c. 2025 \u00e0 5h56        <\/p>\n<p>\u00ab\u2009C\u2019est une demande de certains coll\u00e8gues et de la population.\u2009\u00bb Apr\u00e8s un premier mandat de maire \u00ab\u2009dense\u2009\u00bb, <strong>Herv\u00e9 Depouez est candidat \u00e0 sa r\u00e9\u00e9lection en 2026.<\/strong> Ce Pac\u00e9en de toujours souhaite conserver son si\u00e8ge \u00e0 la mairie \u00ab\u2009par <strong>amour de la commune<\/strong> et pour servir les autres\u2009\u00bb.<\/p>\n<p>Moins d\u2019investissements \u00e0 venir<\/p>\n<p class=\" wall-content\">Si le programme d\u00e9taill\u00e9 du maire-candidat n\u2019est pas encore finalis\u00e9, Herv\u00e9 Depouez annonce d\u2019ores et d\u00e9j\u00e0<strong> \u00ab\u2009moins d\u2019investissements\u2009\u00bb<\/strong> que durant le mandat en cours. \u00ab\u2009Il y a moins de besoins et il faut <strong>rembourser<\/strong> les emprunts\u2009\u00bb, annonce avec lucidit\u00e9 l\u2019expert-comptable et commissaire aux comptes.<\/p>\n<p class=\" wall-content\">En effet, malgr\u00e9 un \u00ab\u2009d\u00e9but de mandat tr\u00e8s particulier\u2009\u00bb avec la mise en place du confinement 48\u00a0heures apr\u00e8s sa premi\u00e8re \u00e9lection, Herv\u00e9 Depouez a souhait\u00e9<strong> investir dans des \u00e9quipements<\/strong> pour la commune. Ainsi, il y a eu \u00ab\u2009la construction d\u2019une salle de sport en d\u00e9but de mandat\u2009\u00bb. Ont suivi, la r\u00e9novation et l\u2019agrandissement de la m\u00e9diath\u00e8que\u2009; la r\u00e9novation de l\u2019\u00e9cole Guy-G\u00e9rard ou encore <a href=\"https:\/\/actu.fr\/bretagne\/pace_35210\/photos-pres-de-rennes-un-centre-aquatique-ouvre-ses-portes-apres-20-ans-de-debats_62850704.html\" target=\"_blank\" rel=\"noopener\">l\u2019aboutissement du projet de piscine intercommunale qui animait le d\u00e9bat depuis 20\u00a0ans<\/a>.<\/p>\n<p class=\" wall-content\">Face \u00e0 <strong>l\u2019augmentation du nombre d\u2019habitants,<\/strong> la municipalit\u00e9 a \u00e9galement engag\u00e9 des projets immobiliers avec la construction d\u2019un lotissement \u00e0 la Clais et <a href=\"https:\/\/actu.fr\/bretagne\/pace_35210\/pres-de-rennes-cette-commune-vend-des-terrains-constructibles-en-dessous-des-prix-du-marche_61154787.html\" target=\"_blank\" rel=\"noopener\">celui de la Touraudi\u00e8re (qui doit d\u00e9marrer prochainement)<\/a>.<\/p>\n<blockquote class=\"ac-article-quote wall-content\">\n<p>C&rsquo;\u00e9tait un tr\u00e8s gros mandat. Aux Pac\u00e9ens d&rsquo;appr\u00e9cier le travail qu&rsquo;on a fait. On a prouv\u00e9 ce qu&rsquo;on \u00e9tait capable de faire.<\/p>\n<p>    <strong>Herv\u00e9 Depouez<\/strong><br \/>\n        Maire de Pac\u00e9, candidat aux \u00e9lections municipales 2026    <\/p><\/blockquote>\n<p>\u00ab\u2009Il faut du sang neuf\u2009\u00bb<\/p>\n<p class=\" wall-content\">S\u2019il est \u00e9lu en mars prochain, Herv\u00e9 Depouez compte surtout <strong>\u00ab\u2009am\u00e9liorer les conditions du bien vivre ensemble\u2009\u00bb,<\/strong> une mission \u00ab\u2009commenc\u00e9e sur ce mandat\u2009\u00bb. Et pour marquer cette continuit\u00e9, la liste d\u2019Herv\u00e9 Depouez se nomme<strong> Pac\u00e9 ensemble 2026.<\/strong> \u00ab\u2009On a gard\u00e9 le m\u00eame nom et ajout\u00e9 la date\u2009\u00bb, sourit-il.<\/p>\n<p class=\" wall-content\">Cette<strong> liste \u00ab\u2009bien avanc\u00e9e\u2009\u00bb<\/strong> est presque compl\u00e8te. Mais le maire veut prendre son temps avant de l\u2019officialiser\u2009: \u00ab\u2009On n\u2019est pas l\u00e0 pour faire du remplissage. On cherche un recrutement de qualit\u00e9, avec des comp\u00e9tences.\u2009\u00bb<\/p>\n<p>Votre r\u00e9gion, votre actu !<\/p>\n<p>Recevez chaque jour les infos qui comptent pour vous.<\/p>\n<p>\t<a href=\"https:\/\/actu.fr\/newsletter\" class=\"ac-btn ac-btn--corner ac-btn--medium ac-btn--blue800\" target=\"_blank\" rel=\"noopener\">S&rsquo;incrire<\/a><\/p>\n<blockquote class=\"ac-article-quote wall-content\">\n<p>Une partie des \u00e9lus actuels rejoignent la liste pour 2026. Mais il faut aussi du sang neuf pour se renouveler et correspondre \u00e0 la nouvelle population. <\/p>\n<p>    <strong>Herv\u00e9 Depouez<\/strong><br \/>\n        Maire de Pac\u00e9, candidat aux \u00e9lections municipales 2026    <\/p><\/blockquote>\n<p class=\" wall-content\">Herv\u00e9 Depouez qui n\u2019est <strong>encart\u00e9 aupr\u00e8s d\u2019aucun parti politique<\/strong> ne demande pas non plus aux colistiers de l\u2019\u00eatre. \u00ab\u2009On recherche des gens qui ont du bon sens.\u2009\u00bb<\/p>\n<p>\u00catre \u00ab\u2009en contact permanent\u2009\u00bb avec les habitants<\/p>\n<p class=\" wall-content\">Avant d\u2019\u00eatre \u00e9lu maire de la commune en 2020, Herv\u00e9 Depouez faisait d\u00e9j\u00e0 partie du conseil municipal en tant qu\u2019<strong>adjoint<\/strong> et ce durant <strong>quatre mandats.<\/strong> Malgr\u00e9 cette exp\u00e9rience, \u00ab\u2009on d\u00e9couvre des responsabilit\u00e9s et des d\u00e9cisions dont on ne mesure pas l\u2019importance tant qu\u2019on n\u2019y a pas \u00e9t\u00e9 confront\u00e9\u2009\u00bb, d\u00e9voile l\u2019\u00e9dile.<\/p>\n<blockquote class=\"ac-article-quote wall-content\">\n<p>Le r\u00f4le de maire c&rsquo;est d&rsquo;\u00eatre proche de ses \u00e9lecteurs, en contact permanent avec eux. On est souvent sollicit\u00e9, m\u00eame pour des choses qui ne sont pas de notre ressort. <\/p>\n<p>    <strong>Herv\u00e9 Depouez<\/strong><br \/>\n        Maire de Pac\u00e9, candidat aux \u00e9lections municipales 2026    <\/p><\/blockquote>\n<p class=\" wall-content\">Mais c\u2019est ce <strong>\u00ab\u2009contact avec la population\u2009\u00bb<\/strong>\u00a0qu\u2019aime Herv\u00e9 Depouez, qui s\u2019estime chanceux d\u2019\u00eatre dans \u00ab\u2009une commune assez calme\u2009\u00bb. \u00ab\u2009J\u2019aime rendre service \u00e0 la population et essayer de <strong>r\u00e9pondre au maximum aux attentes.<\/strong> Parfois, il y a des choses compliqu\u00e9es \u00e0 g\u00e9rer, mais par rapport \u00e0 d\u2019autres communes, c\u2019est moindre. Je n\u2019ai jamais \u00e9t\u00e9 agress\u00e9 par exemple.\u2009\u00bb<\/p>\n<p class=\" wall-content\">Mais il a tout de m\u00eame d\u00fb faire face \u00e0 des <strong>\u00e9v\u00e9nements inattendus,<\/strong> avec la pand\u00e9mie de Covid, mais aussi <a href=\"https:\/\/actu.fr\/bretagne\/rennes_35238\/inondations-en-ille-et-vilaine-600-personnes-evacuees-depuis-48-heures_62177180.html\" target=\"_blank\" rel=\"noopener\">les inondations qui ont touch\u00e9 Rennes et sa m\u00e9tropole \u2013 dont Pac\u00e9 \u2013<\/a> en janvier\u00a02025, ou encore <a href=\"https:\/\/actu.fr\/bretagne\/pace_35210\/j-ai-senti-une-odeur-de-plastique-brule-stupeur-apres-l-incendie-de-la-galerie-commerciale-de-pace_63271257.html\" target=\"_blank\" rel=\"noopener\">\u00ab\u2009le sinistre du centre commercial en octobre\u2009\u00bb apr\u00e8s un incendie dans le bourg de la commune<\/a>.<\/p>\n<p class=\" wall-content\">Malgr\u00e9 tout, le septuag\u00e9naire, issu d\u2019une longue g\u00e9n\u00e9ration de Pac\u00e9ens, est pr\u00eat \u00e0 briguer un second mandat. \u00ab\u2009Mes parents et mes grands-parents m\u2019ont appris<strong> l\u2019amour de la commune.<\/strong> C\u2019est <strong>une valeur<\/strong> que je veux conserver.\u2009\u00bb<\/p>\n<p class=\" wall-content\">Personnalisez votre actualit\u00e9 en ajoutant vos villes et m\u00e9dias en favori avec <a href=\"https:\/\/moncompte.actu.fr\" title=\"D\u00e9couvez Mon Actu\" rel=\"nofollow noopener\" data-trk=\"{&quot;cta&quot;:{&quot;action&quot;:&quot;https:\\\/\\\/moncompte.actu.fr&quot;,&quot;category&quot;:&quot;mon compte&quot;,&quot;from&quot;:&quot;article footer&quot;,&quot;name&quot;:&quot;Mon actu&quot;,&quot;type&quot;:&quot;cta&quot;}}\" target=\"_blank\">Mon Actu<\/a>.<\/p>\n","protected":false},"excerpt":{"rendered":"Par Cl\u00e9mence Pays Publi\u00e9 le 29 d\u00e9c. 2025 \u00e0 5h56 \u00ab\u2009C\u2019est une demande de certains coll\u00e8gues et de&hellip;\n","protected":false},"author":2,"featured_media":627901,"comment_status":"","ping_status":"","sticky":false,"template":"","format":"standard","meta":{"footnotes":""},"categories":[2821],"tags":[1111,11,829,4188,1777,674,1011,27,3434,12,316,584,25],"class_list":{"0":"post-627900","1":"post","2":"type-post","3":"status-publish","4":"format-standard","5":"has-post-thumbnail","7":"category-rennes","8":"tag-actu","9":"tag-actualites","10":"tag-bretagne","11":"tag-elections-municipales","12":"tag-eu","13":"tag-europe","14":"tag-fr","15":"tag-france","16":"tag-municipales-2026","17":"tag-news","18":"tag-politique","19":"tag-rennes","20":"tag-republique-francaise"},"share_on_mastodon":{"url":"https:\/\/pubeurope.com\/@fr\/115803665786149228","error":""},"_links":{"self":[{"href":"https:\/\/www.europesays.com\/fr\/wp-json\/wp\/v2\/posts\/627900","targetHints":{"allow":["GET"]}}],"collection":[{"href":"https:\/\/www.europesays.com\/fr\/wp-json\/wp\/v2\/posts"}],"about":[{"href":"https:\/\/www.europesays.com\/fr\/wp-json\/wp\/v2\/types\/post"}],"author":[{"embeddable":true,"href":"https:\/\/www.europesays.com\/fr\/wp-json\/wp\/v2\/users\/2"}],"replies":[{"embeddable":true,"href":"https:\/\/www.europesays.com\/fr\/wp-json\/wp\/v2\/comments?post=627900"}],"version-history":[{"count":0,"href":"https:\/\/www.europesays.com\/fr\/wp-json\/wp\/v2\/posts\/627900\/revisions"}],"wp:featuredmedia":[{"embeddable":true,"href":"https:\/\/www.europesays.com\/fr\/wp-json\/wp\/v2\/media\/627901"}],"wp:attachment":[{"href":"https:\/\/www.europesays.com\/fr\/wp-json\/wp\/v2\/media?parent=627900"}],"wp:term":[{"taxonomy":"category","embeddable":true,"href":"https:\/\/www.europesays.com\/fr\/wp-json\/wp\/v2\/categories?post=627900"},{"taxonomy":"post_tag","embeddable":true,"href":"https:\/\/www.europesays.com\/fr\/wp-json\/wp\/v2\/tags?post=627900"}],"curies":[{"name":"wp","href":"https:\/\/api.w.org\/{rel}","templated":true}]}}