{"id":627904,"date":"2025-12-29T15:55:11","date_gmt":"2025-12-29T15:55:11","guid":{"rendered":"https:\/\/www.europesays.com\/fr\/627904\/"},"modified":"2025-12-29T15:55:11","modified_gmt":"2025-12-29T15:55:11","slug":"en-plein-choeur-naura-jamais-demerite","status":"publish","type":"post","link":"https:\/\/www.europesays.com\/fr\/627904\/","title":{"rendered":"\u201cEn Plein Ch\u0153ur\u201d n\u2019aura jamais d\u00e9m\u00e9rit\u00e9"},"content":{"rendered":"<p>Elle \u00e9tait <a href=\"https:\/\/www.dna.fr\/culture-loisirs\/2025\/12\/20\/en-plein-choeur-parmi-les-dix-finalistes-de-la-plus-belle-chorale-de-france\" target=\"_blank\" rel=\"noopener\">qualifi\u00e9e pour la finale de \u201cLa meilleure chorale de France\u201d<\/a> , et elle n\u2019a pas d\u00e9\u00e7u\u00a0: la chorale inclusive strasbourgeoise \u201cEn Plein Ch\u0153ur\u201d, compos\u00e9e de non voyants, de malvoyants et de voyants, a livr\u00e9 une tr\u00e8s jolie prestation le vendredi 26\u00a0d\u00e9cembre durant l\u2019\u00e9mission de France 3, parvenant m\u00eame \u00e0 se hisser parmi les sept derni\u00e8res formations en lice pour le titre cette ann\u00e9e. Le troph\u00e9e lui a h\u00e9las \u00e9chapp\u00e9, revenant pour cette \u00e9dition aux Ch\u00e9rubins Gospel d\u2019\u00cele-de-France.<\/p>\n<p>Ce contenu est bloqu\u00e9 car vous n&rsquo;avez pas accept\u00e9 les cookies et autres traceurs.<\/p>\n<p>En cliquant sur \u00ab J\u2019accepte \u00bb, les cookies et autres traceurs seront d\u00e9pos\u00e9s et vous pourrez visualiser les contenus  (<a href=\"\" class=\"consentModule_policy\" target=\"_blank\" title=\"Consulter la politique de protection des donn\u00e9es du fournisseur\">plus d&rsquo;informations<\/a>).<\/p>\n<p>En cliquant sur \u00ab J\u2019accepte tous les cookies \u00bb, vous autorisez des d\u00e9p\u00f4ts de cookies et autres traceurs pour le stockage de vos donn\u00e9es sur nos sites et applications \u00e0 des fins de personnalisation et de ciblage publicitaire.<\/p>\n<p class=\"consentModule_secondaryText\">Vous gardez la possibilit\u00e9 de retirer votre consentement \u00e0 tout moment en consultant notre <a href=\"https:\/\/www.dna.fr\/protection-des-donnees\" target=\"_blank\" title=\"Consulter notre politique de protection des donn\u00e9es\" rel=\"noopener\">politique de protection des donn\u00e9es<\/a>. <br \/>&#13;<br \/>\n            <a href=\"https:\/\/www.dna.fr\/culture-loisirs\/2025\/12\/29\/javascript:Didomi.notice.show()\" class=\"consentModule_cmp\" target=\"_blank\" rel=\"noopener\">G\u00e9rer mes choix<\/a>&#13;\n        <\/p>\n<p>&#13;<br \/>\n                        J&rsquo;accepte&#13;<br \/>\n            J&rsquo;accepte tous les cookies&#13;\n        <\/p>\n<p>Petite consolation, l\u2019ensemble <a href=\"https:\/\/www.dna.fr\/culture-loisirs\/2023\/07\/12\/mireille-loeffler-ou-la-musique-sans-barriere-ni-handicap\" target=\"_blank\" rel=\"noopener\">dirig\u00e9 par Mireille Loeffler<\/a> a fait l\u2019unanimit\u00e9 dans les rangs du public du Royal Palace de Kirrwiller, <a href=\"https:\/\/www.dna.fr\/culture-loisirs\/2025\/12\/18\/tournee-au-royal-palace-l-emission-la-meilleure-chorale-de-france-diffusee-ce-vendredi\" target=\"_blank\" rel=\"noopener\">o\u00f9 \u00e9tait enregistr\u00e9e l\u2019\u00e9mission<\/a>. Les 25 choristes et leur cheffe de ch\u0153ur ont \u00e9mu, d\u2019abord, avec leur interpr\u00e9tation d\u2019une enthousiasmante version fran\u00e7aise du classique Hallelujah de Leonard Cohen, qui aura d\u2019ailleurs valu \u00e0 Mireille Loeffler un bref moment de complicit\u00e9 et de chanson sur sc\u00e8ne avec Chim\u00e8ne Badi. Puis, en deuxi\u00e8me partie de soir\u00e9e, la formation a encore \u00e9lev\u00e9 le niveau en reprenant Le dernier jour du disco de Juliette Armanet, dans une version particuli\u00e8rement ma\u00eetris\u00e9e &#8211; et dans\u00e9e\u00a0! Une prestation remarqu\u00e9e, salu\u00e9e par le jury et largement ovationn\u00e9e. Peu importe que la chorale alsacienne reparte sans le titre, elle avait, \u00e0 cet instant, d\u00e9j\u00e0 tout gagn\u00e9\u2026<\/p>\n","protected":false},"excerpt":{"rendered":"Elle \u00e9tait qualifi\u00e9e pour la finale de \u201cLa meilleure chorale de France\u201d , et elle n\u2019a pas d\u00e9\u00e7u\u00a0:&hellip;\n","protected":false},"author":2,"featured_media":627905,"comment_status":"","ping_status":"","sticky":false,"template":"","format":"standard","meta":{"footnotes":""},"categories":[2820],"tags":[1111,11,2389,1687,2880,1777,674,107,1011,27,775,873,12,25,71,104,640,2879,12846,2205],"class_list":{"0":"post-627904","1":"post","2":"type-post","3":"status-publish","4":"format-standard","5":"has-post-thumbnail","7":"category-strasbourg","8":"tag-actu","9":"tag-actualites","10":"tag-alsace","11":"tag-culture-loisirs","12":"tag-edition-strasbourg","13":"tag-eu","14":"tag-europe","15":"tag-fil-info","16":"tag-fr","17":"tag-france","18":"tag-grand-est","19":"tag-musique","20":"tag-news","21":"tag-republique-francaise","22":"tag-sante","23":"tag-societe","24":"tag-strasbourg","25":"tag-strasbourg-ville","26":"tag-telethon","27":"tag-television-medias"},"share_on_mastodon":{"url":"https:\/\/pubeurope.com\/@fr\/115803673490795445","error":""},"_links":{"self":[{"href":"https:\/\/www.europesays.com\/fr\/wp-json\/wp\/v2\/posts\/627904","targetHints":{"allow":["GET"]}}],"collection":[{"href":"https:\/\/www.europesays.com\/fr\/wp-json\/wp\/v2\/posts"}],"about":[{"href":"https:\/\/www.europesays.com\/fr\/wp-json\/wp\/v2\/types\/post"}],"author":[{"embeddable":true,"href":"https:\/\/www.europesays.com\/fr\/wp-json\/wp\/v2\/users\/2"}],"replies":[{"embeddable":true,"href":"https:\/\/www.europesays.com\/fr\/wp-json\/wp\/v2\/comments?post=627904"}],"version-history":[{"count":0,"href":"https:\/\/www.europesays.com\/fr\/wp-json\/wp\/v2\/posts\/627904\/revisions"}],"wp:featuredmedia":[{"embeddable":true,"href":"https:\/\/www.europesays.com\/fr\/wp-json\/wp\/v2\/media\/627905"}],"wp:attachment":[{"href":"https:\/\/www.europesays.com\/fr\/wp-json\/wp\/v2\/media?parent=627904"}],"wp:term":[{"taxonomy":"category","embeddable":true,"href":"https:\/\/www.europesays.com\/fr\/wp-json\/wp\/v2\/categories?post=627904"},{"taxonomy":"post_tag","embeddable":true,"href":"https:\/\/www.europesays.com\/fr\/wp-json\/wp\/v2\/tags?post=627904"}],"curies":[{"name":"wp","href":"https:\/\/api.w.org\/{rel}","templated":true}]}}