{"id":627908,"date":"2025-12-29T15:57:16","date_gmt":"2025-12-29T15:57:16","guid":{"rendered":"https:\/\/www.europesays.com\/fr\/627908\/"},"modified":"2025-12-29T15:57:16","modified_gmt":"2025-12-29T15:57:16","slug":"un-city-stade-est-en-cours-de-construction-dans-ce-village-pres-de-nice","status":"publish","type":"post","link":"https:\/\/www.europesays.com\/fr\/627908\/","title":{"rendered":"Un city-stade est en cours de construction dans ce village pr\u00e8s de Nice"},"content":{"rendered":"<p class=\"fs-5 \">Un <strong>city-stade<\/strong> est en construction \u00e0 <strong>La Penne<\/strong> depuis environ deux mois, sur une parcelle communale situ\u00e9e route de La Para, pr\u00e8s de l\u2019\u00e9cole primaire C\u00e9lestin Freinet.<\/p>\n<p class=\"fs-5 \">Le chantier, qui doit \u00eatre achev\u00e9 au printemps 2026, a pour objectif de doter la commune d\u2019une infrastructure sportive accessible \u00e0 tous, y compris aux <strong>personnes \u00e0 mobilit\u00e9 r\u00e9duite (PMR)<\/strong>.<\/p>\n<p class=\"fs-5 \">Des engins de terrassement, camions et pelles m\u00e9caniques sont mobilis\u00e9s quotidiennement sur le site.<\/p>\n<p class=\"fs-5 \">Le futur \u00e9quipement sera un terrain multi-sports ext\u00e9rieur et cl\u00f4tur\u00e9. Des plages horaires seront r\u00e9serv\u00e9es aux \u00e9l\u00e8ves de l\u2019\u00e9cole afin qu\u2019ils puissent l\u2019utiliser pendant les cours d\u2019EPS.<\/p>\n<p class=\"fs-5 \">Les abords seront \u00e9galement am\u00e9nag\u00e9s avec des bancs, des tables et d\u2019autres \u00e9quipements.<\/p>\n<p class=\"fs-5 \">Ce projet s\u2019inscrit dans la politique locale de promotion de l\u2019activit\u00e9 sportive. Il fait suite \u00e0 l\u2019obtention par la Commune, en ao\u00fbt 2023, du label \u00ab\u00a0Terres de Jeux\u00a0\u00bb, remis par Philippe Manassero, pr\u00e9sident du Comit\u00e9 D\u00e9partemental Olympique et Sportif des Alpes-Maritimes (CDOS06), \u00e0 la veille des Jeux olympiques 2024.<\/p>\n<p class=\"fs-5 \">Motiv\u00e9s par cette distinction, la plupart des \u00e9lus ont vot\u00e9 en faveur de la cr\u00e9ation du city-stade, afin de r\u00e9pondre aux besoins d\u2019une commune jusqu\u2019ici d\u00e9pourvue d\u2019infrastructures sportives.<\/p>\n<p class=\"fs-5 \">Le projet a b\u00e9n\u00e9fici\u00e9 du soutien du pr\u00e9sident du CDOS06, du D\u00e9partement, de la R\u00e9gion PACA-SUD et de l\u2019Agence Nationale du Sport (ANS).<\/p>\n","protected":false},"excerpt":{"rendered":"Un city-stade est en construction \u00e0 La Penne depuis environ deux mois, sur une parcelle communale situ\u00e9e route&hellip;\n","protected":false},"author":2,"featured_media":627909,"comment_status":"","ping_status":"","sticky":false,"template":"","format":"standard","meta":{"footnotes":""},"categories":[2819],"tags":[1111,11,1777,674,1011,27,12,2401,882,25],"class_list":{"0":"post-627908","1":"post","2":"type-post","3":"status-publish","4":"format-standard","5":"has-post-thumbnail","7":"category-nice","8":"tag-actu","9":"tag-actualites","10":"tag-eu","11":"tag-europe","12":"tag-fr","13":"tag-france","14":"tag-news","15":"tag-nice","16":"tag-provence-alpes-cote-dazur","17":"tag-republique-francaise"},"share_on_mastodon":{"url":"https:\/\/pubeurope.com\/@fr\/115803681284465630","error":""},"_links":{"self":[{"href":"https:\/\/www.europesays.com\/fr\/wp-json\/wp\/v2\/posts\/627908","targetHints":{"allow":["GET"]}}],"collection":[{"href":"https:\/\/www.europesays.com\/fr\/wp-json\/wp\/v2\/posts"}],"about":[{"href":"https:\/\/www.europesays.com\/fr\/wp-json\/wp\/v2\/types\/post"}],"author":[{"embeddable":true,"href":"https:\/\/www.europesays.com\/fr\/wp-json\/wp\/v2\/users\/2"}],"replies":[{"embeddable":true,"href":"https:\/\/www.europesays.com\/fr\/wp-json\/wp\/v2\/comments?post=627908"}],"version-history":[{"count":0,"href":"https:\/\/www.europesays.com\/fr\/wp-json\/wp\/v2\/posts\/627908\/revisions"}],"wp:featuredmedia":[{"embeddable":true,"href":"https:\/\/www.europesays.com\/fr\/wp-json\/wp\/v2\/media\/627909"}],"wp:attachment":[{"href":"https:\/\/www.europesays.com\/fr\/wp-json\/wp\/v2\/media?parent=627908"}],"wp:term":[{"taxonomy":"category","embeddable":true,"href":"https:\/\/www.europesays.com\/fr\/wp-json\/wp\/v2\/categories?post=627908"},{"taxonomy":"post_tag","embeddable":true,"href":"https:\/\/www.europesays.com\/fr\/wp-json\/wp\/v2\/tags?post=627908"}],"curies":[{"name":"wp","href":"https:\/\/api.w.org\/{rel}","templated":true}]}}