{"id":627912,"date":"2025-12-29T15:59:39","date_gmt":"2025-12-29T15:59:39","guid":{"rendered":"https:\/\/www.europesays.com\/fr\/627912\/"},"modified":"2025-12-29T15:59:39","modified_gmt":"2025-12-29T15:59:39","slug":"tentative-de-cambriolage-en-pleine-nuit-dans-un-centre-commercial-au-sud-de-nantes","status":"publish","type":"post","link":"https:\/\/www.europesays.com\/fr\/627912\/","title":{"rendered":"Tentative de cambriolage en pleine nuit dans un centre commercial au sud de Nantes"},"content":{"rendered":"<tr wp_automatic_readability=\"2.9243697478992\">\n<td valign=\"middle\" align=\"center\" class=\"col-logo\">\n    <img decoding=\"async\" src=\"https:\/\/www.europesays.com\/fr\/wp-content\/uploads\/2025\/04\/presse-ocean.gif\" alt=\"logo Presse-Oc\u00e9an\" height=\"66\"\/><\/p>\n<\/td>\n<td class=\"col-titre\">\n\t\t\tDimanche 28 d\u00e9cembre 2025 17:34<br \/>\n\t\t\t<a class=\"icon-bulle sizeL count\" href=\"#ancreAvis\"><br \/>\n\t&#8230;<br \/>\n<\/a><\/td>\n<\/tr>\n<p>\t\t<a class=\"mavillebox2 elmt-photo\" href=\"https:\/\/maville.com\/photosmvi\/2025\/12\/28\/P35662887D7126563G.jpg\" title=\" Trois hommes ont \u00e9t\u00e9 surpris \u00e0 tenter de p\u00e9n\u00e9trer dans le centre commercial P\u00f4le sud, dimanche 28\u00a0d\u00e9cembre 2025.  \u00a9  Photo archives CO-MD  \" rel=\"galerie_actu noopener\" target=\"_blank\"><br \/>\n\t<img decoding=\"async\" src=\"https:\/\/www.europesays.com\/fr\/wp-content\/uploads\/2025\/12\/P35662887D7126563G_crop_640-330_.jpg\" alt=\"photo  trois hommes ont \u00e9t\u00e9 surpris \u00e0 tenter de p\u00e9n\u00e9trer dans le centre commercial p\u00f4le sud, dimanche 28\u00a0d\u00e9cembre 2025.  \u00a9  photo archives co-md \"\/><br \/>\n\t1<br \/>\n<\/a><\/p>\n<p class=\"elmt-legende\"> Trois hommes ont \u00e9t\u00e9 surpris \u00e0 tenter de p\u00e9n\u00e9trer dans le centre commercial P\u00f4le sud, dimanche 28\u00a0d\u00e9cembre 2025.  \u00a9  Photo archives CO-MD  <\/p>\n<p>\t\tLes gendarmes sont intervenus sur une tentative de cambriolage au niveau du centre commercial P\u00f4le Sud \u00e0 Basse-Goulaine, dans la nuit de samedi\u00a027 \u00e0 dimanche 28\u00a0d\u00e9cembre 2025. Un homme a \u00e9t\u00e9 interpell\u00e9, deux autres sont en fuite.<\/p>\n<p><b>Cet article est r\u00e9serv\u00e9 aux abonn\u00e9s<\/b><\/p>\n<p>Pour un acc\u00e8s imm\u00e9diat, abonnez-vous<\/p>\n<p><b>1\u00e8re semaine offerte<\/b><\/p>\n<p>\t\tPresse-Oc\u00e9an<\/p>\n<p>Retrouvez d&rsquo;autres actus sur la commune de :<\/p>\n<p>\t\t&#13;<\/p>\n","protected":false},"excerpt":{"rendered":"Dimanche 28 d\u00e9cembre 2025 17:34 &#8230; 1 Trois hommes ont \u00e9t\u00e9 surpris \u00e0 tenter de p\u00e9n\u00e9trer dans le&hellip;\n","protected":false},"author":2,"featured_media":627913,"comment_status":"","ping_status":"","sticky":false,"template":"","format":"standard","meta":{"footnotes":""},"categories":[2818],"tags":[1111,11,1174,3335,744,1777,674,1011,27,766,12,293,2636,19940,25,7053,7451],"class_list":{"0":"post-627912","1":"post","2":"type-post","3":"status-publish","4":"format-standard","5":"has-post-thumbnail","7":"category-nantes","8":"tag-actu","9":"tag-actualites","10":"tag-cambriolage","11":"tag-centre","12":"tag-commercial","13":"tag-eu","14":"tag-europe","15":"tag-fr","16":"tag-france","17":"tag-nantes","18":"tag-news","19":"tag-nuit","20":"tag-pays-de-la-loire","21":"tag-pleine","22":"tag-republique-francaise","23":"tag-sud","24":"tag-tentative"},"share_on_mastodon":{"url":"https:\/\/pubeurope.com\/@fr\/115803689167293210","error":""},"_links":{"self":[{"href":"https:\/\/www.europesays.com\/fr\/wp-json\/wp\/v2\/posts\/627912","targetHints":{"allow":["GET"]}}],"collection":[{"href":"https:\/\/www.europesays.com\/fr\/wp-json\/wp\/v2\/posts"}],"about":[{"href":"https:\/\/www.europesays.com\/fr\/wp-json\/wp\/v2\/types\/post"}],"author":[{"embeddable":true,"href":"https:\/\/www.europesays.com\/fr\/wp-json\/wp\/v2\/users\/2"}],"replies":[{"embeddable":true,"href":"https:\/\/www.europesays.com\/fr\/wp-json\/wp\/v2\/comments?post=627912"}],"version-history":[{"count":0,"href":"https:\/\/www.europesays.com\/fr\/wp-json\/wp\/v2\/posts\/627912\/revisions"}],"wp:featuredmedia":[{"embeddable":true,"href":"https:\/\/www.europesays.com\/fr\/wp-json\/wp\/v2\/media\/627913"}],"wp:attachment":[{"href":"https:\/\/www.europesays.com\/fr\/wp-json\/wp\/v2\/media?parent=627912"}],"wp:term":[{"taxonomy":"category","embeddable":true,"href":"https:\/\/www.europesays.com\/fr\/wp-json\/wp\/v2\/categories?post=627912"},{"taxonomy":"post_tag","embeddable":true,"href":"https:\/\/www.europesays.com\/fr\/wp-json\/wp\/v2\/tags?post=627912"}],"curies":[{"name":"wp","href":"https:\/\/api.w.org\/{rel}","templated":true}]}}