{"id":627916,"date":"2025-12-29T16:01:13","date_gmt":"2025-12-29T16:01:13","guid":{"rendered":"https:\/\/www.europesays.com\/fr\/627916\/"},"modified":"2025-12-29T16:01:13","modified_gmt":"2025-12-29T16:01:13","slug":"pres-de-bordeaux-opposition-et-majorite-se-retrouvent-sur-une-liste-dunion-pour-2026","status":"publish","type":"post","link":"https:\/\/www.europesays.com\/fr\/627916\/","title":{"rendered":"Pr\u00e8s de Bordeaux, opposition et majorit\u00e9 se retrouvent sur une liste d\u2019union pour 2026"},"content":{"rendered":"<p>\u00ab\u00a0Depuis deux ans, nous discutions avec \u00c9tienne Cristofoli (opposant issu en 2020 de la&#8230;<\/p>\n<p>\u00ab\u00a0Depuis deux ans, nous discutions avec \u00c9tienne Cristofoli (opposant issu en 2020 de la liste Diana qui a connu aussi des d\u00e9missions) pour rassembler\u00a0\u00bb, explique Jean-Fran\u00e7ois Auby, \u00e9lu c\u00e9nacais depuis douze\u00a0ans aux c\u00f4t\u00e9s de Catherine Veyssy. \u00ab\u00a0Cadre tr\u00e8s occup\u00e9 chez Suez pour lui, pr\u00e9sident du <a href=\"https:\/\/www.semoctom.com\/\" target=\"_blank\" rel=\"nofollow noopener\">Semoctom<\/a> et \u00e9lu \u00e0 <a href=\"https:\/\/www.cdc-portesentredeuxmers.fr\/\" target=\"_blank\" rel=\"nofollow noopener\">la Communaut\u00e9 de communes<\/a> pour moi\u00a0: nous ne souhaitions pas prendre la t\u00eate de liste.\u00a0\u00bb<\/p>\n<p>Cette derni\u00e8re sera assur\u00e9e par Charles Aris-Brosou, 38\u00a0ans et habitant de C\u00e9nac depuis trois\u00a0ans et demi mais toujours conseiller municipal d\u00e9l\u00e9gu\u00e9 aux sports et \u00e0 la culture \u00e0 Carignan. \u00ab\u00a0J\u2019ai rencontr\u00e9 \u00c9tienne Cristofoli en 2024 au Salon des maires et le courant est pass\u00e9, comme avec Jean-Fran\u00e7ois\u00a0\u00bb, raconte le proth\u00e9siste dentaire.<\/p>\n<p>Ce dimanche 28\u00a0d\u00e9cembre matin, on les rencontre en compagnie de Jean-Yves Agassy dont c\u2019est la premi\u00e8re candidature et J\u00e9r\u00f4me Subra, nouvel agriculteur sur les terres familiales du hameau des Graves.<\/p>\n<p>        <img decoding=\"async\" id=\"21983090\" src=\"https:\/\/www.europesays.com\/fr\/wp-content\/uploads\/2025\/12\/cenac-31-octobre-2024-groupe-scolaire-de-la-pimpine-rehabagrandissement-nichoir-dans-la-cour-vegetal.jpeg\" alt=\"Le groupe scolaire de la Pimpine, enti\u00e8rement r\u00e9nov\u00e9 au cours du mandat qui s\u2019ach\u00e8ve.\" itemprop=\"contentURL\"\/><\/p>\n<p>    Le groupe scolaire de la Pimpine, enti\u00e8rement r\u00e9nov\u00e9 au cours du mandat qui s\u2019ach\u00e8ve.<\/p>\n<p>Y. D.\u00a0\/\u00a0SO<\/p>\n<p>    Am\u00e9nagement du centre-bourg<\/p>\n<p><a href=\"https:\/\/www.sudouest.fr\/gironde\/cenac\/a-cenac-l-ecole-de-la-pimpine-fait-peau-neuve-21981781.php\" target=\"_blank\" rel=\"follow noopener\">R\u00e9novation compl\u00e8te de l\u2019\u00e9cole<\/a> et de l\u2019accueil p\u00e9riscolaire\u00a0: \u00ab\u00a0Catherine Veyssy a fait le job\u00a0\u00bb, r\u00e9sume Jean-Fran\u00e7ois Auby, ne taisant pas les difficult\u00e9s relationnelles. Parmi les 19\u00a0\u00e9lus actuels, une petite dizaine r\u00e9fl\u00e9chit avec les nouveaux venus. Choix des pistes d\u2019am\u00e9nagement du centre-bourg (et de leur financement), mutualisation d\u2019un poste de police municipale, soutien \u00e0 la vie associative, d\u00e9veloppement de l\u2019animation apr\u00e8s la r\u00e9cente cr\u00e9ation d\u2019un comit\u00e9 des f\u00eates, ralentir la vitesse sur la D240, faire des cheminements doux entre les hameaux de la commune sont au menu des intentions affich\u00e9es par Charles\u00a0Aris-Brosou.<\/p>\n","protected":false},"excerpt":{"rendered":"\u00ab\u00a0Depuis deux ans, nous discutions avec \u00c9tienne Cristofoli (opposant issu en 2020 de la&#8230; \u00ab\u00a0Depuis deux ans, nous&hellip;\n","protected":false},"author":2,"featured_media":627917,"comment_status":"","ping_status":"","sticky":false,"template":"","format":"standard","meta":{"footnotes":""},"categories":[2817],"tags":[1111,11,1997,1777,674,1011,27,12,2219,25],"class_list":{"0":"post-627916","1":"post","2":"type-post","3":"status-publish","4":"format-standard","5":"has-post-thumbnail","7":"category-bordeaux","8":"tag-actu","9":"tag-actualites","10":"tag-bordeaux","11":"tag-eu","12":"tag-europe","13":"tag-fr","14":"tag-france","15":"tag-news","16":"tag-nouvelle-aquitaine","17":"tag-republique-francaise"},"share_on_mastodon":{"url":"https:\/\/pubeurope.com\/@fr\/115803697026616901","error":""},"_links":{"self":[{"href":"https:\/\/www.europesays.com\/fr\/wp-json\/wp\/v2\/posts\/627916","targetHints":{"allow":["GET"]}}],"collection":[{"href":"https:\/\/www.europesays.com\/fr\/wp-json\/wp\/v2\/posts"}],"about":[{"href":"https:\/\/www.europesays.com\/fr\/wp-json\/wp\/v2\/types\/post"}],"author":[{"embeddable":true,"href":"https:\/\/www.europesays.com\/fr\/wp-json\/wp\/v2\/users\/2"}],"replies":[{"embeddable":true,"href":"https:\/\/www.europesays.com\/fr\/wp-json\/wp\/v2\/comments?post=627916"}],"version-history":[{"count":0,"href":"https:\/\/www.europesays.com\/fr\/wp-json\/wp\/v2\/posts\/627916\/revisions"}],"wp:featuredmedia":[{"embeddable":true,"href":"https:\/\/www.europesays.com\/fr\/wp-json\/wp\/v2\/media\/627917"}],"wp:attachment":[{"href":"https:\/\/www.europesays.com\/fr\/wp-json\/wp\/v2\/media?parent=627916"}],"wp:term":[{"taxonomy":"category","embeddable":true,"href":"https:\/\/www.europesays.com\/fr\/wp-json\/wp\/v2\/categories?post=627916"},{"taxonomy":"post_tag","embeddable":true,"href":"https:\/\/www.europesays.com\/fr\/wp-json\/wp\/v2\/tags?post=627916"}],"curies":[{"name":"wp","href":"https:\/\/api.w.org\/{rel}","templated":true}]}}