{"id":627918,"date":"2025-12-29T16:02:12","date_gmt":"2025-12-29T16:02:12","guid":{"rendered":"https:\/\/www.europesays.com\/fr\/627918\/"},"modified":"2025-12-29T16:02:12","modified_gmt":"2025-12-29T16:02:12","slug":"poitiers-un-vol-en-provenance-de-lyon-deroute-vers-bordeaux","status":"publish","type":"post","link":"https:\/\/www.europesays.com\/fr\/627918\/","title":{"rendered":"Poitiers\u00a0: un vol en provenance de Lyon d\u00e9rout\u00e9 vers Bordeaux"},"content":{"rendered":"<p>Un vol de la nouvelle liaison Lyon-Poitiers n&rsquo;a pas pu atterrir comme pr\u00e9vu ce lundi matin\u00a0: l&rsquo;appareil a \u00e9t\u00e9 d\u00e9rout\u00e9 vers Bordeaux. Un autre avion qui devait d\u00e9coller de Poitiers sur la m\u00eame ligne n&rsquo;a pu d\u00e9coller qu&rsquo;avec plus de quatre heures de retard.<\/p>\n<p>C&rsquo;est une matin\u00e9e compliqu\u00e9e qui s&rsquo;est d\u00e9roul\u00e9e ce lundi pour les passagers de la liaison a\u00e9rienne entre Poitiers et Lyon. En raison de la mauvaise m\u00e9t\u00e9o, <strong>le vol cens\u00e9 atterrir \u00e0 Poitiers-Biard aux alentours de 8 heures du matin a pass\u00e9 pr\u00e8s de trois quart d&rsquo;heure \u00e0 tourner<\/strong> sans pouvoir se poser, malgr\u00e9 une tentative avec une descente de l&rsquo;appareil jusqu&rsquo;\u00e0 160 m\u00e8tres d&rsquo;altitude\u00a0<a target=\"_blank\" rel=\"nofollow noopener noreferrer\" class=\"IciLink ici-link IciArticleLink g-ici-body-regular-1 underline brand svelte-1chfe2s\" href=\"https:\/\/www.flightradar24.com\/data\/flights\/v72006#3db0fb86\">selon le site FlightRadar<\/a>. Il a <strong>finalement \u00e9t\u00e9 d\u00e9rout\u00e9 vers Bordeaux<\/strong>, o\u00f9 les passagers ont pu atterrir une heure plus tard, comme l&rsquo;ont rep\u00e9r\u00e9\u00a0<a target=\"_blank\" rel=\"nofollow noopener noreferrer\" class=\"IciLink ici-link IciArticleLink g-ici-body-regular-1 underline brand svelte-1chfe2s\" href=\"https:\/\/www.lanouvellerepublique.fr\/vienne\/commune\/biard\/ligne-lyon-poitiers-un-airbus-deroute-vers-bordeaux-a-cause-du-brouillard-1767009433\">nos confr\u00e8res de la Nouvelle R\u00e9publique<\/a>, alert\u00e9s par un lecteur.<\/p>\n<p>L&rsquo;autre vol de la journ\u00e9e sur cette ligne, cens\u00e9 d\u00e9coller de Poitiers \u00e0 8h30, n&rsquo;a finalement pu partir qu&rsquo;\u00e0 12h20, avec plus de quatre heures de retard. La liaison Poitiers-Lyon a \u00e9t\u00e9 relanc\u00e9e en grande pompe mi-octobre, apr\u00e8s avoir \u00e9t\u00e9\u00a0<a class=\"IciLink ici-link IciArticleLink g-ici-body-regular-1 underline brand svelte-1chfe2s\" href=\"https:\/\/www.francebleu.fr\/emissions\/l-info-d-ici-ici-poitou\/la-ligne-aerienne-poitiers-lyon-redemarre-le-17-octobre-prochain-6559259\" target=\"_blank\" rel=\"noopener\">suspendue en 2023.<\/a><\/p>\n","protected":false},"excerpt":{"rendered":"Un vol de la nouvelle liaison Lyon-Poitiers n&rsquo;a pas pu atterrir comme pr\u00e9vu ce lundi matin\u00a0: l&rsquo;appareil a&hellip;\n","protected":false},"author":2,"featured_media":627919,"comment_status":"","ping_status":"","sticky":false,"template":"","format":"standard","meta":{"footnotes":""},"categories":[2817],"tags":[1111,11,1997,1777,674,1011,27,12,2219,25],"class_list":{"0":"post-627918","1":"post","2":"type-post","3":"status-publish","4":"format-standard","5":"has-post-thumbnail","7":"category-bordeaux","8":"tag-actu","9":"tag-actualites","10":"tag-bordeaux","11":"tag-eu","12":"tag-europe","13":"tag-fr","14":"tag-france","15":"tag-news","16":"tag-nouvelle-aquitaine","17":"tag-republique-francaise"},"share_on_mastodon":{"url":"https:\/\/pubeurope.com\/@fr\/115803700864520294","error":""},"_links":{"self":[{"href":"https:\/\/www.europesays.com\/fr\/wp-json\/wp\/v2\/posts\/627918","targetHints":{"allow":["GET"]}}],"collection":[{"href":"https:\/\/www.europesays.com\/fr\/wp-json\/wp\/v2\/posts"}],"about":[{"href":"https:\/\/www.europesays.com\/fr\/wp-json\/wp\/v2\/types\/post"}],"author":[{"embeddable":true,"href":"https:\/\/www.europesays.com\/fr\/wp-json\/wp\/v2\/users\/2"}],"replies":[{"embeddable":true,"href":"https:\/\/www.europesays.com\/fr\/wp-json\/wp\/v2\/comments?post=627918"}],"version-history":[{"count":0,"href":"https:\/\/www.europesays.com\/fr\/wp-json\/wp\/v2\/posts\/627918\/revisions"}],"wp:featuredmedia":[{"embeddable":true,"href":"https:\/\/www.europesays.com\/fr\/wp-json\/wp\/v2\/media\/627919"}],"wp:attachment":[{"href":"https:\/\/www.europesays.com\/fr\/wp-json\/wp\/v2\/media?parent=627918"}],"wp:term":[{"taxonomy":"category","embeddable":true,"href":"https:\/\/www.europesays.com\/fr\/wp-json\/wp\/v2\/categories?post=627918"},{"taxonomy":"post_tag","embeddable":true,"href":"https:\/\/www.europesays.com\/fr\/wp-json\/wp\/v2\/tags?post=627918"}],"curies":[{"name":"wp","href":"https:\/\/api.w.org\/{rel}","templated":true}]}}