{"id":627920,"date":"2025-12-29T16:03:10","date_gmt":"2025-12-29T16:03:10","guid":{"rendered":"https:\/\/www.europesays.com\/fr\/627920\/"},"modified":"2025-12-29T16:03:10","modified_gmt":"2025-12-29T16:03:10","slug":"pourquoi-brigitte-bardot-dit-ca-de-moi-la-mauvaise-aventure-vecue-par-cette-dompteuse-de-lions-creatrice-dun-parc-zoologique-pres-de-toulouse","status":"publish","type":"post","link":"https:\/\/www.europesays.com\/fr\/627920\/","title":{"rendered":"\u00ab\u00a0Pourquoi Brigitte Bardot dit \u00e7a de moi\u00a0?\u00a0\u00bb La mauvaise aventure v\u00e9cue par cette dompteuse de lions cr\u00e9atrice d\u2019un parc zoologique pr\u00e8s de Toulouse"},"content":{"rendered":"<p>\n                                                                    l&rsquo;essentiel<br \/>\n                                                                \u00c0 Buzet-sur-Tarn (Haute-Garonne), au nord de Toulouse, un parc zoologique a attir\u00e9 les curieux pendant 25 ans. Sa cr\u00e9atrice, la dompteuse de lions Jeannette Mac Donald, a\u00a0eu affaire \u00e0 Brigitte Bardot\u2026 mais pas dans les conditions qui en ont fait r\u00eaver beaucoup.\n                            <\/p>\n<p>Si la Fondation Brigitte Bardot a longtemps \u0153uvr\u00e9 en faveur d\u2019associations d\u00e9fendant la cause animale, son embl\u00e9matique patronne a laiss\u00e9 un tout autre souvenir en Haute-Garonne. On est alors en 1987, en mars pr\u00e9cis\u00e9ment, au nord de Toulouse dans le joli village de Buzet-sur-Tarn. C\u2019est l\u00e0 que s\u2019est install\u00e9e Jeannette Mac Donald, ancienne figure du cirque et c\u00e9l\u00e8bre dompteuse de lions.<\/p>\n<p class=\"std-elt__inline\">\n        <strong>\u00c0 lire aussi :<\/strong><br \/>\n        <a href=\"https:\/\/www.ladepeche.fr\/article\/2015\/09\/24\/2183738-joel-faure-zoo-lions-jeannette-deuxieme-maman.html\" target=\"_blank\" rel=\"noopener\">Jo\u00ebl Faur\u00e9 : \u00abLe zoo, les lions\u2026 et Jeannette ma deuxi\u00e8me maman\u00bb<\/a>\n    <\/p>\n<p>Celle qui fut \u00e9galement l\u2019\u00e9pouse d\u2019un des fr\u00e8res Amar, Sh\u00e9riff, y a construit un parc zoologique o\u00f9 elle h\u00e9berge divers animaux abandonn\u00e9s ou qu\u2019on lui offre aussi. Mais une dizaine d\u2019ann\u00e9es apr\u00e8s sa cr\u00e9ation, faute de moyens, le site est sur le d\u00e9clin. Il ne reste alors autour de Jeannette qu\u2019un vieux lion, un l\u00e9opard, des poneys et des chiens.<\/p>\n<p>\u00ab\u00a0C\u2019est un mouroir\u00a0\u00bb<\/p>\n<p>Le parc a en effet perdu de sa superbe et, aux yeux des passants, il peut parfois m\u00eame para\u00eetre \u00e0 l\u2019abandon bien que plein de vie. Cela suffit \u00e0 Brigitte Bardot de profiter de son aura m\u00e9diatique pour intenter un proc\u00e8s contre la dompteuse pour mauvais traitements. L\u2019actrice alertera \u00e9galement plusieurs hauts responsables de l\u2019\u00e9poque dont Alain Carignon, ministre d\u00e9l\u00e9gu\u00e9 \u00e0 l\u2019Environnement de Jacques Chirac.<\/p>\n<p>\u00ab\u00a0C\u2019est une honte, cet endroit est un mouroir\u00a0\u00bb, estime alors BB qui n\u2019h\u00e9site pas \u00e0 accuser la dompteuse de nourrir son lion avec\u2026 ses chiens\u00a0! La D\u00e9p\u00eache se saisit alors de l\u2019affaire et enqu\u00eate aux c\u00f4t\u00e9s d\u2019autres journalistes de quotidiens nationaux. Tous y rencontrent Jeannette Mac Donald, une femme \u00ab\u00a0effondr\u00e9e\u00a0\u00bb qui \u00ab\u00a0ne comprend pas pourquoi on lui veut du mal\u00a0\u00bb et qui s\u2019interroge\u00a0: \u00ab\u00a0Pourquoi Brigitte Bardot dit \u00e7a de moi\u00a0? Je ne fais que du bien \u00e0 mes animaux\u2026\u00a0\u00bb<\/p>\n<p>Les habitants du village et des alentours, qui connaissent bien Jeannette Mac Donald, n\u2019auront de cesse de la soutenir. Ils l\u2019aident en apportant de la nourriture et lancent m\u00eame une p\u00e9tition en sa faveur. Personne au solide caract\u00e8re, Jeannette d\u00e9cide de ne pas se laisser marcher sur les pieds. Elle n\u2019h\u00e9site pas \u00e0 faire appel au c\u00e9l\u00e8bre avocat Ma\u00eetre Collard qui lui apportera son soutien financier.<\/p>\n<p class=\"std-elt__inline\">\n        <strong>\u00c0 lire aussi :<\/strong><br \/>\n        <a href=\"https:\/\/www.ladepeche.fr\/article\/2017\/02\/04\/2510474-aujourd-hui-sur-arte-la-vie-de-jeannette-mac-donald.html\" target=\"_blank\" rel=\"noopener\">Aujourd&rsquo;hui sur Arte, la vie  de Jeannette Mac Donald<\/a>\n    <\/p>\n<p>Cette histoire n\u2019emp\u00eachera pas Jeannette Mac Donald de vivre 25 ans entour\u00e9e de ses animaux sans cependant jamais retrouver sa gloire d\u2019antan lorsqu\u2019elle brillait devant un public \u00e9merveill\u00e9. Sa m\u00e9nagerie n\u2019a finalement jamais vraiment fait r\u00eaver au-del\u00e0 du village. C\u2019est dans une totale indiff\u00e9rence, en 1999, qu\u2019elle s\u2019\u00e9teint dans son lit, un lion en peluche pos\u00e9 sur le c\u0153ur.<\/p>\n","protected":false},"excerpt":{"rendered":"l&rsquo;essentiel \u00c0 Buzet-sur-Tarn (Haute-Garonne), au nord de Toulouse, un parc zoologique a attir\u00e9 les curieux pendant 25 ans.&hellip;\n","protected":false},"author":2,"featured_media":627921,"comment_status":"","ping_status":"","sticky":false,"template":"","format":"standard","meta":{"footnotes":""},"categories":[2816],"tags":[1111,11,73742,7196,872,1777,674,1011,27,2722,73743,12,2680,25,2312],"class_list":{"0":"post-627920","1":"post","2":"type-post","3":"status-publish","4":"format-standard","5":"has-post-thumbnail","7":"category-toulouse","8":"tag-actu","9":"tag-actualites","10":"tag-buzetsurtarn","11":"tag-cinu00e9ma","12":"tag-culture-et-loisirs","13":"tag-eu","14":"tag-europe","15":"tag-fr","16":"tag-france","17":"tag-haute-garonne","18":"tag-mort-de-brigitte-bardot","19":"tag-news","20":"tag-occitanie","21":"tag-republique-francaise","22":"tag-toulouse"},"share_on_mastodon":{"url":"https:\/\/pubeurope.com\/@fr\/115803704952725777","error":""},"_links":{"self":[{"href":"https:\/\/www.europesays.com\/fr\/wp-json\/wp\/v2\/posts\/627920","targetHints":{"allow":["GET"]}}],"collection":[{"href":"https:\/\/www.europesays.com\/fr\/wp-json\/wp\/v2\/posts"}],"about":[{"href":"https:\/\/www.europesays.com\/fr\/wp-json\/wp\/v2\/types\/post"}],"author":[{"embeddable":true,"href":"https:\/\/www.europesays.com\/fr\/wp-json\/wp\/v2\/users\/2"}],"replies":[{"embeddable":true,"href":"https:\/\/www.europesays.com\/fr\/wp-json\/wp\/v2\/comments?post=627920"}],"version-history":[{"count":0,"href":"https:\/\/www.europesays.com\/fr\/wp-json\/wp\/v2\/posts\/627920\/revisions"}],"wp:featuredmedia":[{"embeddable":true,"href":"https:\/\/www.europesays.com\/fr\/wp-json\/wp\/v2\/media\/627921"}],"wp:attachment":[{"href":"https:\/\/www.europesays.com\/fr\/wp-json\/wp\/v2\/media?parent=627920"}],"wp:term":[{"taxonomy":"category","embeddable":true,"href":"https:\/\/www.europesays.com\/fr\/wp-json\/wp\/v2\/categories?post=627920"},{"taxonomy":"post_tag","embeddable":true,"href":"https:\/\/www.europesays.com\/fr\/wp-json\/wp\/v2\/tags?post=627920"}],"curies":[{"name":"wp","href":"https:\/\/api.w.org\/{rel}","templated":true}]}}