{"id":627924,"date":"2025-12-29T16:05:18","date_gmt":"2025-12-29T16:05:18","guid":{"rendered":"https:\/\/www.europesays.com\/fr\/627924\/"},"modified":"2025-12-29T16:05:18","modified_gmt":"2025-12-29T16:05:18","slug":"lille-au-pied-du-palais-rihour-la-bac-ne-manque-pas-une-miette-dune-transaction-suspecte","status":"publish","type":"post","link":"https:\/\/www.europesays.com\/fr\/627924\/","title":{"rendered":"Lille. Au pied du Palais Rihour, la BAC ne manque pas une miette d&rsquo;une transaction suspecte"},"content":{"rendered":"<p>                    Par<br \/>\n        <strong><br \/>\n            <a href=\"https:\/\/actu.fr\/auteur\/margot-nicodeme\" title=\"Consulter tous les articles de Margot Nicod\u00e8me\" target=\"_blank\" rel=\"noopener\">Margot Nicod\u00e8me<\/a><br \/>\n                    <\/strong><\/p>\n<p>        Publi\u00e9 le<\/p>\n<p>            29 d\u00e9c. 2025 \u00e0 12h08        <\/p>\n<p>Le lieu n\u2019\u00e9tait pas vraiment le plus confidentiel de <a href=\"https:\/\/actu.fr\/hauts-de-france\/lille_59350\" target=\"_blank\" rel=\"noopener\">Lille<\/a> (Nord), et cela a jou\u00e9 un r\u00f4le d\u00e9terminant dans l\u2019interpellation de deux individus. <b>Les policiers de la <a href=\"https:\/\/actu.fr\/hauts-de-france\/lille_59350\/lille-le-sauvetage-heroique-dun-etudiant-rue-du-gand-par-trois-policiers-de-la-bac_63463356.html\" target=\"_blank\" rel=\"noopener\">BAC<\/a><\/b>, de passage du c\u00f4t\u00e9 du<b> Palais Rihour<\/b>, n\u2019ont pas manqu\u00e9 une miette de l\u2019interaction entre ces hommes. Ils <b>s\u2019\u00e9changeaient en fait des stup\u00e9fiants<\/b>, dans la soir\u00e9e du jeudi 25 d\u00e9cembre.<\/p>\n<p>La BAC observe une transaction entre deux hommes au pied du Palais Rihour \u00e0 Lille<\/p>\n<p class=\" wall-content\">Le soir de <a href=\"https:\/\/actu.fr\/hauts-de-france\/lille_59350\/apres-le-deces-dune-femme-a-noel-a-lille-son-conjoint-mis-en-examen-pour-meurtre_63627927.html\" target=\"_blank\" rel=\"noopener\">No\u00ebl<\/a>, donc, ces deux hommes d\u2019environ 25 ans sont vus \u00e0 proximit\u00e9 du monument qui h\u00e9berge l\u2019office de tourisme lillois. Les policiers observent la sc\u00e8ne : l\u2019un est en voiture, l\u2019autre \u00e0 pied. Ce dernier finit par poursuivre sa route, avant d\u2019\u00eatre rattrap\u00e9. Il avoue aux fonctionnaires qu\u2019il vient d\u2019acheter pour 50 \u20ac d\u2019herbe de cannabis.<\/p>\n<p class=\" wall-content\">L\u2019automobiliste, lui, est intercept\u00e9 rue des Foss\u00e9s. Il a, dans son v\u00e9hicule, trois sachets d\u2019herbe de cannabis. Tous les deux ont \u00e9t\u00e9 interpell\u00e9s et plac\u00e9s en garde \u00e0 vue.<\/p>\n<p class=\" wall-content\">Personnalisez votre actualit\u00e9 en ajoutant vos villes et m\u00e9dias en favori avec <a href=\"https:\/\/moncompte.actu.fr\" title=\"D\u00e9couvez Mon Actu\" rel=\"nofollow noopener\" data-trk=\"{&quot;cta&quot;:{&quot;action&quot;:&quot;https:\\\/\\\/moncompte.actu.fr&quot;,&quot;category&quot;:&quot;mon compte&quot;,&quot;from&quot;:&quot;article footer&quot;,&quot;name&quot;:&quot;Mon actu&quot;,&quot;type&quot;:&quot;cta&quot;}}\" target=\"_blank\">Mon Actu<\/a>.<\/p>\n","protected":false},"excerpt":{"rendered":"Par Margot Nicod\u00e8me Publi\u00e9 le 29 d\u00e9c. 2025 \u00e0 12h08 Le lieu n\u2019\u00e9tait pas vraiment le plus confidentiel&hellip;\n","protected":false},"author":2,"featured_media":627925,"comment_status":"","ping_status":"","sticky":false,"template":"","format":"standard","meta":{"footnotes":""},"categories":[2815],"tags":[1111,11,1052,1777,674,118,1011,27,811,1307,12,1072,25],"class_list":{"0":"post-627924","1":"post","2":"type-post","3":"status-publish","4":"format-standard","5":"has-post-thumbnail","7":"category-lille","8":"tag-actu","9":"tag-actualites","10":"tag-drogue","11":"tag-eu","12":"tag-europe","13":"tag-faits-divers","14":"tag-fr","15":"tag-france","16":"tag-hauts-de-france","17":"tag-lille","18":"tag-news","19":"tag-police","20":"tag-republique-francaise"},"share_on_mastodon":{"url":"https:\/\/pubeurope.com\/@fr\/115803712786197189","error":""},"_links":{"self":[{"href":"https:\/\/www.europesays.com\/fr\/wp-json\/wp\/v2\/posts\/627924","targetHints":{"allow":["GET"]}}],"collection":[{"href":"https:\/\/www.europesays.com\/fr\/wp-json\/wp\/v2\/posts"}],"about":[{"href":"https:\/\/www.europesays.com\/fr\/wp-json\/wp\/v2\/types\/post"}],"author":[{"embeddable":true,"href":"https:\/\/www.europesays.com\/fr\/wp-json\/wp\/v2\/users\/2"}],"replies":[{"embeddable":true,"href":"https:\/\/www.europesays.com\/fr\/wp-json\/wp\/v2\/comments?post=627924"}],"version-history":[{"count":0,"href":"https:\/\/www.europesays.com\/fr\/wp-json\/wp\/v2\/posts\/627924\/revisions"}],"wp:featuredmedia":[{"embeddable":true,"href":"https:\/\/www.europesays.com\/fr\/wp-json\/wp\/v2\/media\/627925"}],"wp:attachment":[{"href":"https:\/\/www.europesays.com\/fr\/wp-json\/wp\/v2\/media?parent=627924"}],"wp:term":[{"taxonomy":"category","embeddable":true,"href":"https:\/\/www.europesays.com\/fr\/wp-json\/wp\/v2\/categories?post=627924"},{"taxonomy":"post_tag","embeddable":true,"href":"https:\/\/www.europesays.com\/fr\/wp-json\/wp\/v2\/tags?post=627924"}],"curies":[{"name":"wp","href":"https:\/\/api.w.org\/{rel}","templated":true}]}}