{"id":627926,"date":"2025-12-29T16:06:23","date_gmt":"2025-12-29T16:06:23","guid":{"rendered":"https:\/\/www.europesays.com\/fr\/627926\/"},"modified":"2025-12-29T16:06:23","modified_gmt":"2025-12-29T16:06:23","slug":"des-danseurs-de-breakdance-internationaux-bientot-reunis-a-lille-pour-la-competition-lille-world-battle","status":"publish","type":"post","link":"https:\/\/www.europesays.com\/fr\/627926\/","title":{"rendered":"Des danseurs de breakdance internationaux bient\u00f4t r\u00e9unis \u00e0 Lille pour la comp\u00e9tition Lille World Battle"},"content":{"rendered":"<p>                    Par<br \/>\n        <strong><br \/>\n            <a href=\"https:\/\/actu.fr\/auteur\/amandine-vachez\" title=\"Consulter tous les articles de Amandine Vachez\" target=\"_blank\" rel=\"noopener\">Amandine Vachez<\/a><br \/>\n                    <\/strong><\/p>\n<p>        Publi\u00e9 le<\/p>\n<p>            29 d\u00e9c. 2025 \u00e0 12h19        <\/p>\n<p>Voil\u00e0 qui devrait attirer les foules\u2009! Une <b>comp\u00e9tition internationale de breakdance <\/b>arrive \u00e0 <a href=\"https:\/\/actu.fr\/lille\/\" target=\"_blank\" rel=\"noopener\">Lille<\/a> (Nord). Baptis\u00e9e<b> Lille World Battle<\/b>, elle va r\u00e9unir des <b>danseurs de plusieurs pays <\/b>pour une r\u00e9compense de prestige\u2009! L\u2019\u00e9v\u00e9nement, dont Lille actu est partenaire, a \u00e9t\u00e9 pens\u00e9 par<b> Lille cultures urbaines<\/b>. Cette association, port\u00e9e par le champion de breakdance <a href=\"https:\/\/www.tiktok.com\/@lilleactu\/video\/7588583249853631766\" target=\"_blank\" rel=\"noopener\">Ilyes Zoo<\/a>, a pour objectif d\u2019organiser des \u00e9v\u00e9nements dans la Capitale des Flandres, et plus g\u00e9n\u00e9ralement de<b> mettre en avant tout ce qui touche aux cultures urbaines.<\/b><\/p>\n<p class=\" wall-content\"><a href=\"https:\/\/www.instagram.com\/p\/DSw-Q2YjRWN\/embed\" title=\"Ouvrir le lien sur Instagram\" target=\"_blank\" rel=\"noopener\">Visualiser le contenu sur Instagram<\/a><\/p>\n<p>Un \u00ab\u2009moment incroyable\u2009\u00bb avec des champions internationaux r\u00e9unis<\/p>\n<p class=\" wall-content\">Le 28\u00a0mars au Palais des sports Saint-Sauveur, des champions de breakdance, qui a pour rappel \u00e9t\u00e9 <a href=\"https:\/\/actu.fr\/ile-de-france\/paris_75056\/video-le-breakdance-aux-jo-de-paris-entre-visibilite-de-ouf-pour-le-sport-et-peur-pour-l-art_52812210.html\" target=\"_blank\" rel=\"noopener\">pour la premi\u00e8re fois discipline olympique \u00e0 Paris 2024<\/a>, s\u2019affronteront. L\u2019objectif pour ces pointures venues du Japon, de Hollande ou encore d\u2019Espagne\u2009: remporter le titre de champion du monde du LWB, en un contre un.<\/p>\n<blockquote class=\"ac-article-quote wall-content\">\n<p>Si tu veux vivre un moment incroyable en famille, entre amis\u2026 Le Lille World Battle\u2009!<\/p>\n<p>Ilyes Zoo, cr\u00e9ateur de Lille cultures urbaines.<\/p><\/blockquote>\n<p>Bient\u00f4t un lieu o\u00f9 danser, suivre des ateliers et se retrouver \u00e0 Lille<\/p>\n<p class=\" wall-content\">Au-del\u00e0 de cet \u00e9v\u00e9nement, qui lance officiellement le projet de LCU, l\u2019association a pour ambition de d\u00e9velopper les cultures urbaines pour tous, avec en ligne directrice \u00ab\u2009chacun son rythme, vers la r\u00e9ussite\u2009\u00bb. Ilyes Zoo annonce qu\u2019<b>en septembre\u00a02026, un lieu sera ouvert au public.<\/b> \u00ab\u2009On ouvrira officiellement <b>des cours, des ateliers, des conf\u00e9rences, des \u00e9v\u00e9nements<\/b>\u2009\u00bb, dans un local situ\u00e9 au 3, rue de Mulhouse, pr\u00e8s du m\u00e9tro porte de Douai et de la fac de droit \u00e0 Moulins.<\/p>\n<p class=\" wall-content\">Un espace pour danser, un espace de musculation et un autre pour se poser ont \u00e9t\u00e9 am\u00e9nag\u00e9s dans un local \u00e0 l\u2019impressionnante hauteur sous plafond, dans l\u2019ancienne filature du quartier. \u00ab\u2009On a essay\u00e9 de bien penser l\u2019endroit pour qu\u2019il vive. Par exemple si les enfants viennent suivre un cours, les parents peuvent rester et se poser \u00e0 c\u00f4t\u00e9. On fera du breakdance, du double dutch**\u2026\u00bb, annonce Ilyes. Il y a m\u00eame de quoi s\u2019installer pour jouer \u00e0 des jeux vid\u00e9o\u2009!<\/p>\n<p class=\" wall-content\">Un lieu qui s\u2019annonce id\u00e9al pour <b>favoriser les rencontres et cr\u00e9er une vraie dynamique de quartier <\/b>autour des cultures urbaines. Vivement la rentr\u00e9e\u2009!<\/p>\n<p class=\" wall-content\">Pour suivre les actualit\u00e9s de Lille cultures urbaines, consultez r\u00e9guli\u00e8rement <a href=\"https:\/\/www.instagram.com\/lilleculturesurbaines\/?hl=fr\" target=\"_blank\" rel=\"noopener\">le site officiel de l\u2019asso<\/a> (avec lien pour r\u00e9server vos places au LWB) ou <a href=\"https:\/\/www.instagram.com\/lilleculturesurbaines\/?hl=fr\" target=\"_blank\" rel=\"noopener\">suivez son compte Instagram<\/a>.<\/p>\n<p>Votre r\u00e9gion, votre actu !<\/p>\n<p>Recevez chaque jour les infos qui comptent pour vous.<\/p>\n<p>\t<a href=\"https:\/\/actu.fr\/newsletter\" class=\"ac-btn ac-btn--corner ac-btn--medium ac-btn--blue800\" target=\"_blank\" rel=\"noopener\">S&rsquo;incrire<\/a><br \/>\n**Sport de saut \u00e0 la corde m\u00ealant acrobaties, chor\u00e9graphie, technique de corde et puissance athl\u00e9tique. <a href=\"https:\/\/www.doubledutch.fr\/dd.html\" target=\"_blank\" rel=\"noopener\">Infos<\/a>.<\/p>\n<p class=\" wall-content\">Personnalisez votre actualit\u00e9 en ajoutant vos villes et m\u00e9dias en favori avec <a href=\"https:\/\/moncompte.actu.fr\" title=\"D\u00e9couvez Mon Actu\" rel=\"nofollow noopener\" data-trk=\"{&quot;cta&quot;:{&quot;action&quot;:&quot;https:\\\/\\\/moncompte.actu.fr&quot;,&quot;category&quot;:&quot;mon compte&quot;,&quot;from&quot;:&quot;article footer&quot;,&quot;name&quot;:&quot;Mon actu&quot;,&quot;type&quot;:&quot;cta&quot;}}\" target=\"_blank\">Mon Actu<\/a>.<\/p>\n<p>                    <script async src=\"\/\/www.instagram.com\/embed.js\"><\/script><script async src=\"\/\/www.tiktok.com\/embed.js\"><\/script><\/p>\n","protected":false},"excerpt":{"rendered":"Par Amandine Vachez Publi\u00e9 le 29 d\u00e9c. 2025 \u00e0 12h19 Voil\u00e0 qui devrait attirer les foules\u2009! Une comp\u00e9tition&hellip;\n","protected":false},"author":2,"featured_media":627927,"comment_status":"","ping_status":"","sticky":false,"template":"","format":"standard","meta":{"footnotes":""},"categories":[2815],"tags":[1111,11,5972,1777,674,1011,27,811,1307,1652,12,25],"class_list":{"0":"post-627926","1":"post","2":"type-post","3":"status-publish","4":"format-standard","5":"has-post-thumbnail","7":"category-lille","8":"tag-actu","9":"tag-actualites","10":"tag-danse","11":"tag-eu","12":"tag-europe","13":"tag-fr","14":"tag-france","15":"tag-hauts-de-france","16":"tag-lille","17":"tag-loisirs-culture","18":"tag-news","19":"tag-republique-francaise"},"share_on_mastodon":{"url":"https:\/\/pubeurope.com\/@fr\/115803716618712323","error":""},"_links":{"self":[{"href":"https:\/\/www.europesays.com\/fr\/wp-json\/wp\/v2\/posts\/627926","targetHints":{"allow":["GET"]}}],"collection":[{"href":"https:\/\/www.europesays.com\/fr\/wp-json\/wp\/v2\/posts"}],"about":[{"href":"https:\/\/www.europesays.com\/fr\/wp-json\/wp\/v2\/types\/post"}],"author":[{"embeddable":true,"href":"https:\/\/www.europesays.com\/fr\/wp-json\/wp\/v2\/users\/2"}],"replies":[{"embeddable":true,"href":"https:\/\/www.europesays.com\/fr\/wp-json\/wp\/v2\/comments?post=627926"}],"version-history":[{"count":0,"href":"https:\/\/www.europesays.com\/fr\/wp-json\/wp\/v2\/posts\/627926\/revisions"}],"wp:featuredmedia":[{"embeddable":true,"href":"https:\/\/www.europesays.com\/fr\/wp-json\/wp\/v2\/media\/627927"}],"wp:attachment":[{"href":"https:\/\/www.europesays.com\/fr\/wp-json\/wp\/v2\/media?parent=627926"}],"wp:term":[{"taxonomy":"category","embeddable":true,"href":"https:\/\/www.europesays.com\/fr\/wp-json\/wp\/v2\/categories?post=627926"},{"taxonomy":"post_tag","embeddable":true,"href":"https:\/\/www.europesays.com\/fr\/wp-json\/wp\/v2\/tags?post=627926"}],"curies":[{"name":"wp","href":"https:\/\/api.w.org\/{rel}","templated":true}]}}