{"id":627928,"date":"2025-12-29T16:07:11","date_gmt":"2025-12-29T16:07:11","guid":{"rendered":"https:\/\/www.europesays.com\/fr\/627928\/"},"modified":"2025-12-29T16:07:11","modified_gmt":"2025-12-29T16:07:11","slug":"deux-seismes-enregistres-au-large-de-marseille-et-ressentis-jusque-sur-les-cotes","status":"publish","type":"post","link":"https:\/\/www.europesays.com\/fr\/627928\/","title":{"rendered":"Deux s\u00e9ismes enregistr\u00e9s au large de Marseille et ressentis jusque sur les c\u00f4tes"},"content":{"rendered":"<p>                    Par<br \/>\n        <strong><br \/>\n            <a href=\"https:\/\/actu.fr\/auteur\/fabien-binacchi\" title=\"Consulter tous les articles de Fabien Binacchi\" target=\"_blank\" rel=\"noopener\">Fabien Binacchi<\/a><br \/>\n                    <\/strong><\/p>\n<p>        Publi\u00e9 le<\/p>\n<p>            29 d\u00e9c. 2025 \u00e0 15h43        <\/p>\n<p>Des secousses similaires \u00e0 33\u00a0minutes d\u2019intervalle. Deux <a href=\"https:\/\/actu.fr\/tag\/seismes\" target=\"_blank\" rel=\"noopener\">s\u00e9ismes<\/a> <strong>de magnitude \u00e9quivalente (3.6) et localis\u00e9es au m\u00eame endroit,<\/strong> au large de <a href=\"https:\/\/actu.fr\/marseille\/\" target=\"_blank\" rel=\"noopener\">Marseille,<\/a> ont secou\u00e9 le nord de la M\u00e9diterran\u00e9e ce lundi 29\u00a0d\u00e9cembre 2025 en d\u00e9but de matin\u00e9e.<\/p>\n<p>Enregistr\u00e9s de la Sardaigne \u00e0 la Catalogne<\/p>\n<p class=\" wall-content\">Si vous avez senti le sol vibrer sous vos pieds, vous n\u2019\u00e9tiez pas mal r\u00e9veill\u00e9. <strong>\u00c0 7h39 et 36 secondes<\/strong> puis, \u00e0 nouveau, <strong>\u00e0 8h12 et 20 secondes,<\/strong> la terre a trembl\u00e9.<\/p>\n<p>    <img   decoding=\"async\" loading=\"lazy\" src=\"https:\/\/www.europesays.com\/fr\/wp-content\/uploads\/2025\/12\/seisme-29-decembre-2025-marseille-960x640.jpg\" alt=\"seisme 29 de\u0301cembre 2025 marseille\" width=\"960\" height=\"640\"\/><br \/>\n    De nombreux sismographes (les petits triangles sur l\u2019image) ont enregistr\u00e9 les deux s\u00e9ismes survenus ce lundi matin. (\u00a9Capture d\u2019\u00e9cran Sismoazur \/ Laboratoire G\u00e9oazur)<\/p>\n<p class=\" wall-content\">Selon les donn\u00e9es de Sismoazur, les sismographes de tout le bassin m\u00e9diterran\u00e9en, de Carcassonne \u00e0 Grasse en passant par la Sardaigne et la Catalogne, se sont affol\u00e9s.<\/p>\n<p class=\" wall-content\">Localis\u00e9es <strong>\u00e0 85km au sud-est du d\u00e9partement des Bouches-du-Rh\u00f4ne,<\/strong> les secousses ont pu \u00eatre ressenties sur une large partie du littoral des r\u00e9gions Paca et Occitanie.<\/p>\n<p>    <a href=\"https:\/\/www.google.com\/maps\/embed?pb=!1m17!1m12!1m3!1d910056.7302820854!2d5.021171309423333!3d42.598780443841235!2m3!1f0!2f0!3f0!3m2!1i1024!2i768!4f13.1!3m2!1m1!2zNDLCsDI3JzM2LjAiTiA1wrAyMic0OC4wIkU!5e1!3m2!1sfr!2sfr!4v1767017475922!5m2!1sfr!2sfr\" title=\"Ouvrie le lien\" target=\"_blank\" rel=\"noopener\">Cliquez ici pour visualiser le contenu<\/a><\/p>\n<p>Notamment ressentis \u00e0 Marseille et La Ciotat<\/p>\n<p class=\" wall-content\">Le Bureau central sismologique fran\u00e7ais (BCSF) a notamment valid\u00e9 le signalement d\u2019un habitant de la commune de La Ciotat au moment du deuxi\u00e8me s\u00e9isme.<\/p>\n<p>Votre r\u00e9gion, votre actu !<\/p>\n<p>Recevez chaque jour les infos qui comptent pour vous.<\/p>\n<p>\t<a href=\"https:\/\/actu.fr\/newsletter\" class=\"ac-btn ac-btn--corner ac-btn--medium ac-btn--blue800\" target=\"_blank\" rel=\"noopener\">S&rsquo;incrire<\/a><\/p>\n<p class=\" wall-content\">Sur le r\u00e9seau social X, la pr\u00e9fecture voisine du d\u00e9partement du Var a d\u2019ailleurs insist\u00e9 sur le fait que l\u2019organisme appelait \u00ab\u2009les personnes qui ont ressenti le s\u00e9isme \u00e0 t\u00e9moigner\u2009\u00bb via son site Internet. \u00ab\u2009Quelques personnes l\u2019ont d\u00e9j\u00e0 fait et l\u2019ont <strong>un peu ressenti \u00e0 Marseille<\/strong>\u2009\u00bb, a assur\u00e9 un sp\u00e9cialiste du BCSF, interrog\u00e9 par <a href=\"https:\/\/www.laprovence.com\/article\/ecoplanete\/7556277154236714\/deux-seismes-ont-ete-enregistres-au-large-a-85-kilometres-de-la-ciotat\" target=\"_blank\" rel=\"noopener\">La Provence<\/a>. Pour ce scientifique, ces deux s\u00e9ismes repr\u00e9sentent une premi\u00e8re de cette intensit\u00e9 dans ce secteur.<\/p>\n<p class=\" wall-content\">Le 30\u00a0janvier 2025, <a href=\"https:\/\/actu.fr\/provence-alpes-cote-d-azur\/marseille_13055\/marseille-un-tremblement-de-terre-a-secoue-les-cotes-mediterraneennes_62189267.html\" target=\"_blank\" rel=\"noopener\">un s\u00e9isme de magnitude moindre (2,8)<\/a> mais situ\u00e9 un peu plus proche des c\u00f4tes marseillaises, \u00e0 une cinquantaine de kilom\u00e8tres, avait d\u00e9j\u00e0 \u00e9t\u00e9 enregistr\u00e9.<\/p>\n<p class=\" wall-content\">Personnalisez votre actualit\u00e9 en ajoutant vos villes et m\u00e9dias en favori avec <a href=\"https:\/\/moncompte.actu.fr\" title=\"D\u00e9couvez Mon Actu\" rel=\"nofollow noopener\" data-trk=\"{&quot;cta&quot;:{&quot;action&quot;:&quot;https:\\\/\\\/moncompte.actu.fr&quot;,&quot;category&quot;:&quot;mon compte&quot;,&quot;from&quot;:&quot;article footer&quot;,&quot;name&quot;:&quot;Mon actu&quot;,&quot;type&quot;:&quot;cta&quot;}}\" target=\"_blank\">Mon Actu<\/a>.<\/p>\n","protected":false},"excerpt":{"rendered":"Par Fabien Binacchi Publi\u00e9 le 29 d\u00e9c. 2025 \u00e0 15h43 Des secousses similaires \u00e0 33\u00a0minutes d\u2019intervalle. Deux s\u00e9ismes&hellip;\n","protected":false},"author":2,"featured_media":627929,"comment_status":"","ping_status":"","sticky":false,"template":"","format":"standard","meta":{"footnotes":""},"categories":[2814],"tags":[1111,11,1777,674,1011,27,884,12,882,25,2631,18565],"class_list":{"0":"post-627928","1":"post","2":"type-post","3":"status-publish","4":"format-standard","5":"has-post-thumbnail","7":"category-marseille","8":"tag-actu","9":"tag-actualites","10":"tag-eu","11":"tag-europe","12":"tag-fr","13":"tag-france","14":"tag-marseille","15":"tag-news","16":"tag-provence-alpes-cote-dazur","17":"tag-republique-francaise","18":"tag-sciences-technologie","19":"tag-seismes"},"share_on_mastodon":{"url":"https:\/\/pubeurope.com\/@fr\/115803720514159736","error":""},"_links":{"self":[{"href":"https:\/\/www.europesays.com\/fr\/wp-json\/wp\/v2\/posts\/627928","targetHints":{"allow":["GET"]}}],"collection":[{"href":"https:\/\/www.europesays.com\/fr\/wp-json\/wp\/v2\/posts"}],"about":[{"href":"https:\/\/www.europesays.com\/fr\/wp-json\/wp\/v2\/types\/post"}],"author":[{"embeddable":true,"href":"https:\/\/www.europesays.com\/fr\/wp-json\/wp\/v2\/users\/2"}],"replies":[{"embeddable":true,"href":"https:\/\/www.europesays.com\/fr\/wp-json\/wp\/v2\/comments?post=627928"}],"version-history":[{"count":0,"href":"https:\/\/www.europesays.com\/fr\/wp-json\/wp\/v2\/posts\/627928\/revisions"}],"wp:featuredmedia":[{"embeddable":true,"href":"https:\/\/www.europesays.com\/fr\/wp-json\/wp\/v2\/media\/627929"}],"wp:attachment":[{"href":"https:\/\/www.europesays.com\/fr\/wp-json\/wp\/v2\/media?parent=627928"}],"wp:term":[{"taxonomy":"category","embeddable":true,"href":"https:\/\/www.europesays.com\/fr\/wp-json\/wp\/v2\/categories?post=627928"},{"taxonomy":"post_tag","embeddable":true,"href":"https:\/\/www.europesays.com\/fr\/wp-json\/wp\/v2\/tags?post=627928"}],"curies":[{"name":"wp","href":"https:\/\/api.w.org\/{rel}","templated":true}]}}