{"id":627930,"date":"2025-12-29T16:08:11","date_gmt":"2025-12-29T16:08:11","guid":{"rendered":"https:\/\/www.europesays.com\/fr\/627930\/"},"modified":"2025-12-29T16:08:11","modified_gmt":"2025-12-29T16:08:11","slug":"marseille-ludi-apporte-son-soutien-a-martine-vassal","status":"publish","type":"post","link":"https:\/\/www.europesays.com\/fr\/627930\/","title":{"rendered":"MARSEILLE : L\u2019UDI apporte son soutien \u00e0 Martine VASSAL"},"content":{"rendered":"<p><strong>Les valeurs de l\u2019UDI reposent sur le refus des oppositions st\u00e9riles, la recherche de solutions pragmatiques et la volont\u00e9 de r\u00e9concilier l\u2019efficacit\u00e9 de l\u2019action publique avec la justice sociale. <\/strong><\/p>\n<p><strong>B\u00e2tir sur ce qui rassemble, voil\u00e0 le projet de l\u2019UDI dont Sophie Joissans<\/strong> (maire d\u2019Aix-en-Provence et 1\u00e8re Vice-pr\u00e9sidente de la r\u00e9gion Sud) est Vice-pr\u00e9sidente et Pr\u00e9sidente de la f\u00e9d\u00e9ration des Bouches-du-Rh\u00f4ne, <strong>Brigitte Devesa <\/strong>la<strong> s\u00e9natrice <\/strong>et<strong> Herv\u00e9 Liberman <\/strong>(conseiller r\u00e9gional) le d\u00e9l\u00e9gu\u00e9 d\u00e9partemental.<\/p>\n<p>Plus que partout ailleurs, <strong>ce centrisme humaniste qui s\u2019inscrit dans l\u2019h\u00e9ritage de Jean-Louis Borloo et de Simone Veil prend tout son sens \u00e0 Marseille<\/strong>, cit\u00e9 riche de ses contrastes.<\/p>\n<p><strong>L\u2019ambition de l\u2019UDI pour Marseille s\u2019articule autour de quatre axes\u00a0:<\/strong><\/p>\n<ul>\n<li><strong>restaurer l\u2019ordre r\u00e9publicain et prot\u00e9ger les libert\u00e9s<\/strong>, en luttant avec intransigeance contre l\u2019ins\u00e9curit\u00e9 et le narcotrafic pour garantir la libert\u00e9 de circuler, de travailler et de vivre paisiblement\u00a0;<\/li>\n<li><strong>investir dans tous les quartiers sans exception<\/strong>, garantir l\u2019acc\u00e8s \u00e0 un logement digne, \u00e0 une \u00e9ducation de qualit\u00e9, \u00e0 une mobilit\u00e9 choisie et \u00e0 des services publics pr\u00e9sents et efficaces\u00a0;<\/li>\n<li><strong>faire de Marseille une ville d\u2019opportunit\u00e9s<\/strong>, notamment pour sa jeunesse, en favorisant l\u2019esprit d\u2019entreprise et soutenir commer\u00e7ants, artisans, ind\u00e9pendants, PME, start-ups en acteurs de l\u2019\u00e9conomie cr\u00e9ative\u00a0;<\/li>\n<li><strong>faire de Marseille une grande cit\u00e9 portuaire, europ\u00e9enne et internationale<\/strong>, en lui redonnant l\u2019ambition et les moyens de devenir la capitale de la M\u00e9diterran\u00e9e.<\/li>\n<\/ul>\n<p>Quand tant d\u2019autres formations politiques se nourrissent de clivages qu\u2019elles cr\u00e9ent et alimentent pour prosp\u00e9rer, <strong>\u00e0 l\u2019UDI, nous avons la certitude qu\u2019il faut rassembler les Marseillais sur ce qui les unit<\/strong>.<\/p>\n<p><strong>Pour r\u00e9ussir ce rassemblement, l\u2019UDI d\u00e9signe<\/strong> <strong>Fr\u00e9deric Guelle <\/strong>(conseiller m\u00e9tropolitain et conseiller d\u2019arrondissements du 9\/10) <strong>r\u00e9f\u00e9rent UDI pour Marseille et apporte son soutien \u00e0 la candidature de Martine Vassal<\/strong>, Pr\u00e9sidente de la M\u00e9tropole Aix-Marseille-Provence et du D\u00e9partement des Bouches-du-Rh\u00f4ne.<\/p>\n<ul>\n<li><strong>En soutenant Martine Vassal, l\u2019UDI affirme sa volont\u00e9 de rassembler le centre et la droite autour d\u2019un projet pour Marseille fond\u00e9 sur le respect des libert\u00e9s fondamentales, la fraternit\u00e9, la justice territoriale, la cr\u00e9ativit\u00e9 et la prosp\u00e9rit\u00e9 partag\u00e9e.<\/strong><\/li>\n<\/ul>\n","protected":false},"excerpt":{"rendered":"Les valeurs de l\u2019UDI reposent sur le refus des oppositions st\u00e9riles, la recherche de solutions pragmatiques et la&hellip;\n","protected":false},"author":2,"featured_media":627931,"comment_status":"","ping_status":"","sticky":false,"template":"","format":"standard","meta":{"footnotes":""},"categories":[2814],"tags":[1111,11,1777,674,1011,27,884,12,882,25],"class_list":{"0":"post-627930","1":"post","2":"type-post","3":"status-publish","4":"format-standard","5":"has-post-thumbnail","7":"category-marseille","8":"tag-actu","9":"tag-actualites","10":"tag-eu","11":"tag-europe","12":"tag-fr","13":"tag-france","14":"tag-marseille","15":"tag-news","16":"tag-provence-alpes-cote-dazur","17":"tag-republique-francaise"},"share_on_mastodon":{"url":"https:\/\/pubeurope.com\/@fr\/115803724435918432","error":""},"_links":{"self":[{"href":"https:\/\/www.europesays.com\/fr\/wp-json\/wp\/v2\/posts\/627930","targetHints":{"allow":["GET"]}}],"collection":[{"href":"https:\/\/www.europesays.com\/fr\/wp-json\/wp\/v2\/posts"}],"about":[{"href":"https:\/\/www.europesays.com\/fr\/wp-json\/wp\/v2\/types\/post"}],"author":[{"embeddable":true,"href":"https:\/\/www.europesays.com\/fr\/wp-json\/wp\/v2\/users\/2"}],"replies":[{"embeddable":true,"href":"https:\/\/www.europesays.com\/fr\/wp-json\/wp\/v2\/comments?post=627930"}],"version-history":[{"count":0,"href":"https:\/\/www.europesays.com\/fr\/wp-json\/wp\/v2\/posts\/627930\/revisions"}],"wp:featuredmedia":[{"embeddable":true,"href":"https:\/\/www.europesays.com\/fr\/wp-json\/wp\/v2\/media\/627931"}],"wp:attachment":[{"href":"https:\/\/www.europesays.com\/fr\/wp-json\/wp\/v2\/media?parent=627930"}],"wp:term":[{"taxonomy":"category","embeddable":true,"href":"https:\/\/www.europesays.com\/fr\/wp-json\/wp\/v2\/categories?post=627930"},{"taxonomy":"post_tag","embeddable":true,"href":"https:\/\/www.europesays.com\/fr\/wp-json\/wp\/v2\/tags?post=627930"}],"curies":[{"name":"wp","href":"https:\/\/api.w.org\/{rel}","templated":true}]}}