{"id":627934,"date":"2025-12-29T16:10:11","date_gmt":"2025-12-29T16:10:11","guid":{"rendered":"https:\/\/www.europesays.com\/fr\/627934\/"},"modified":"2025-12-29T16:10:11","modified_gmt":"2025-12-29T16:10:11","slug":"des-plans-de-derniere-minute-pour-faire-la-fete-et-samuser-le-31-decembre","status":"publish","type":"post","link":"https:\/\/www.europesays.com\/fr\/627934\/","title":{"rendered":"des plans de derni\u00e8re minute pour faire la f\u00eate et s\u2019amuser le 31\u00a0d\u00e9cembre"},"content":{"rendered":"<p>Et si, avant d\u2019entrer en 2026, vous aviez envie de plonger dans la nostalgie et de danser sur les sons qui ont marqu\u00e9 vos d\u00e9cennies pr\u00e9f\u00e9r\u00e9es\u00a0? <a href=\"%20https:\/\/mamashelter.com\/lyon\/calendar\/#event=6645\" target=\"_blank\">Mama Shelter<\/a> organise sa \u00ab\u00a0Flashback Party\u00a0\u00bb, de 19h \u00e0 2h30. Le concept\u00a0: chaque heure, une nouvelle d\u00e9cennie musicale, avec les plus grands hits pour vous faire voyager dans le temps jusqu\u2019\u00e0 minuit. L\u2019entr\u00e9e est libre, et des menus sp\u00e9ciaux peuvent \u00eatre r\u00e9serv\u00e9s \u00e0 l\u2019avance en les contactant directement.<\/p>\n<p>Un peu plus loin, \u00e9galement dans le 7\u1d49, <a href=\"https:\/\/yp.events\/7eae1cbc-b519-4417-9e5a-e2314c9e7f77\/Nouvel-an-2026-back-to-80-s?from=event-fb&amp;fbclid=IwZXh0bgNhZW0CMTAAYnJpZBExbGwwSVlvU1EyTzFtd1ZZVXNydGMGYXBwX2lkEDIyMjAzOTE3ODgyMDA4OTIAAR7iX9db4Smeb6L7AR3dhVetRKVRQ4g8EtASU4VWBeRkqIzHQ6qtvi8CrUuY7A_aem_k5e671L4CUqkWFQgim4QXQ\" target=\"_blank\" rel=\"noopener\">Livestation DIY Guilloti\u00e8re<\/a> organise une soir\u00e9e \u00ab\u00a0Back to the 80\u2019s\u00a0\u00bb. Les billets pour la soir\u00e9e et le d\u00eener sont d\u00e9j\u00e0 \u00e9puis\u00e9s, mais l\u2019entr\u00e9e est libre \u00e0 partir de 23h. Juste \u00e0 c\u00f4t\u00e9, La Marquise propose une soir\u00e9e <a href=\"https:\/\/shotgun.live\/fr\/events\/back-to-90-s-2000-s-nouvel-an-a-la-marquise\" target=\"_blank\" rel=\"noopener\">\u00ab\u00a0Back to 90\u2019s\/2000\u2019s\u00a0\u00bb<\/a>. Les billets sont pour l\u2019instant \u00e9puis\u00e9s, mais une liste d\u2019attente est ouverte\u00a0: vous serez automatiquement pr\u00e9venu si des places se lib\u00e8rent. En clair, si vous aimez les soir\u00e9es r\u00e9tro, c\u2019est le quartier \u00e0 viser.<\/p>\n<p>  Le dancefloor en fusion<\/p>\n<p>Dans le premier arrondissement, <a href=\"https:\/\/yp.events\/00a38def-5ba5-401f-bf24-979a28473dd4\/Nouvel-an-PROVOK?from=instagram%20\" target=\"_blank\" rel=\"noopener\">The People<\/a> (anciennement Pilo) c\u00e9l\u00e8bre le Nouvel An avec sa soir\u00e9e NOUVEL AN PROVOK, en collaboration avec le collectif Provok. Au programme\u00a0: shows de feu, robots LED, \u00e9chassiers, canons \u00e0 confettis et DJ sets. L\u2019\u00e9v\u00e9nement est payant, sur billetterie, avec des offres sur les derniers tickets encore disponibles via leurs r\u00e9seaux sociaux.<\/p>\n<p>\u00c0 proximit\u00e9, <a href=\"https:\/\/www.opera-lyon.com\/fr\/programmation\/saison-2025-2026\/evenement\/club-opera-nye-party\" target=\"_blank\" rel=\"noopener\">le Club Op\u00e9ra<\/a> mise sur une grosse soir\u00e9e \u00e9lectro pour le passage \u00e0 la nouvelle ann\u00e9e. Complet\u2026 mais pas totalement inaccessible. Des billets de derni\u00e8re minute seront propos\u00e9s sur place, et des entr\u00e9es pourront se lib\u00e9rer au fil de la nuit. Si vous \u00eates dans le coin et que vous aimez jouer avec votre chance, \u00e7a peut valoir le d\u00e9tour.<\/p>\n<p>Un peu plus \u00e9loign\u00e9, mais incontournable pour ceux qui veulent un r\u00e9veillon hors norme\u00a0: l\u2019Hippodrome de Parilly accueille <a href=\"https:\/\/www.belamourmusic.com\/billetterie\/%20\" target=\"_blank\" rel=\"noopener\">le \u00ab\u00a0Amour Festival\u00a0\u00bb<\/a> les 31\u00a0d\u00e9cembre et 1er\u00a0janvier avec une trentaine d\u2019artistes proposant House, Disco-house, Techno, Trance, Rave et Hard Music. Les billets sont toujours disponibles, parfait pour terminer l\u2019ann\u00e9e en musique.<\/p>\n<p>  Le r\u00e9veillon c\u00f4t\u00e9 spectacle<\/p>\n<p>Si danser jusqu\u2019au petit matin n\u2019est pas vraiment votre plan, mais que vous cherchez quand m\u00eame une fa\u00e7on fun de dire au revoir \u00e0 2025, pensez spectacles. Dans le 1er, <a href=\"https:\/\/speaker-lyon.com\/#ancrebilletterie%20\" target=\"_blank\" rel=\"noopener\">The Speaker<\/a> encha\u00eene les shows de stand-up toute la soir\u00e9e, id\u00e9ale pour encha\u00eener les fous rires jusqu\u2019\u00e0 minuit.<\/p>\n<p>Dans le 3e, <a href=\"https:\/\/www.espacegerson.com\/reveillon-2025%20%20\" target=\"_blank\" rel=\"noopener\">la Salle \u00c9douard Herriot\/Palais de la Mutualit\u00e9<\/a> accueille une soir\u00e9e humour avec Micka\u00ebl Bi\u00e8che et Arnaud Cosson, avec encore quelques places \u00e0 saisir. Et pour ceux qui aiment les r\u00e9veillons un peu plus piquants, la Salle Paul Garcin propose <a href=\"https:\/\/ouragan-du-rire.placeminute.com\/event\/humour\/putain-de-reveillon,46818.html?_locale=fr%20\" target=\"_blank\" rel=\"noopener\"> \u00ab\u00a0Putain de R\u00e9veillon\u00a0!\u00a0\u00bb<\/a> \u00a0: un cabaret audacieux, sensuel et festif, entre danse, musique et com\u00e9die.<\/p>\n<p>Et si vous avez vraiment envie de sortir le grand jeu pour votre 31\u00a0d\u00e9cembre, direction le Grand H\u00f4tel-Dieu. Le Grand R\u00e9fectoire et L\u2019Officine s\u2019associent pour un r\u00e9veillon d\u2019exception avec leur <a href=\"https:\/\/yp.events\/7eeed050-9f12-4da2-bfd3-52e6177d2755\/Circus-Show-31-12?from=site\" target=\"_blank\" rel=\"noopener\">\u00ab\u00a0Circus Show\u00a0\u00bb<\/a> , un double \u00e9v\u00e9nement immersif autour de l\u2019univers du cirque, combinant d\u00eener gastronomique et spectacle.<\/p>\n<p>  Un Lyon lumineux pour finir l\u2019ann\u00e9e<\/p>\n<p>Pour f\u00eater Lyon comme il se doit avant le Nouvel An, grimpez \u00e0 Fourvi\u00e8re et profitez du son et lumi\u00e8re\u00a0: La R\u00e9gion des Lumi\u00e8res rallume la basilique avec le spectacle \u00ab\u00a0Fourvi\u00e8re en voix\u00a0\u00bb\u00a0! Le 31\u00a0d\u00e9cembre sera la derni\u00e8re repr\u00e9sentation, jusqu\u2019\u00e0 21h45.<\/p>\n<p>Que vous poursuiviez ensuite votre exploration nocturne de la ville, vous posiez pour un verre ou un bon d\u00eener, ou rentriez simplement pour f\u00eater la nouvelle ann\u00e9e au calme avec vos proches, c\u2019est un pr\u00e9lude lumineux qui met Lyon \u00e0 l\u2019honneur avant le passage en 2026.<\/p>\n","protected":false},"excerpt":{"rendered":"Et si, avant d\u2019entrer en 2026, vous aviez envie de plonger dans la nostalgie et de danser sur&hellip;\n","protected":false},"author":2,"featured_media":627935,"comment_status":"","ping_status":"","sticky":false,"template":"","format":"standard","meta":{"footnotes":""},"categories":[1889],"tags":[1111,11,2430,1687,2757,1777,674,1011,27,2428,2756,12,4043,25,2429,953],"class_list":{"0":"post-627934","1":"post","2":"type-post","3":"status-publish","4":"format-standard","5":"has-post-thumbnail","7":"category-lyon","8":"tag-actu","9":"tag-actualites","10":"tag-auvergne-rhone-alpes","11":"tag-culture-loisirs","12":"tag-edition-lyon-villeurbanne","13":"tag-eu","14":"tag-europe","15":"tag-fr","16":"tag-france","17":"tag-lyon","18":"tag-lyon-bassin","19":"tag-news","20":"tag-repas-et-the-dansant","21":"tag-republique-francaise","22":"tag-rhone","23":"tag-soiree"},"share_on_mastodon":{"url":"https:\/\/pubeurope.com\/@fr\/115803732245045777","error":""},"_links":{"self":[{"href":"https:\/\/www.europesays.com\/fr\/wp-json\/wp\/v2\/posts\/627934","targetHints":{"allow":["GET"]}}],"collection":[{"href":"https:\/\/www.europesays.com\/fr\/wp-json\/wp\/v2\/posts"}],"about":[{"href":"https:\/\/www.europesays.com\/fr\/wp-json\/wp\/v2\/types\/post"}],"author":[{"embeddable":true,"href":"https:\/\/www.europesays.com\/fr\/wp-json\/wp\/v2\/users\/2"}],"replies":[{"embeddable":true,"href":"https:\/\/www.europesays.com\/fr\/wp-json\/wp\/v2\/comments?post=627934"}],"version-history":[{"count":0,"href":"https:\/\/www.europesays.com\/fr\/wp-json\/wp\/v2\/posts\/627934\/revisions"}],"wp:featuredmedia":[{"embeddable":true,"href":"https:\/\/www.europesays.com\/fr\/wp-json\/wp\/v2\/media\/627935"}],"wp:attachment":[{"href":"https:\/\/www.europesays.com\/fr\/wp-json\/wp\/v2\/media?parent=627934"}],"wp:term":[{"taxonomy":"category","embeddable":true,"href":"https:\/\/www.europesays.com\/fr\/wp-json\/wp\/v2\/categories?post=627934"},{"taxonomy":"post_tag","embeddable":true,"href":"https:\/\/www.europesays.com\/fr\/wp-json\/wp\/v2\/tags?post=627934"}],"curies":[{"name":"wp","href":"https:\/\/api.w.org\/{rel}","templated":true}]}}