{"id":627940,"date":"2025-12-29T16:14:15","date_gmt":"2025-12-29T16:14:15","guid":{"rendered":"https:\/\/www.europesays.com\/fr\/627940\/"},"modified":"2025-12-29T16:14:15","modified_gmt":"2025-12-29T16:14:15","slug":"lexplosion-dune-machine-a-soda-dans-un-bagage-a-la-gare-de-lyon-seme-la-panique","status":"publish","type":"post","link":"https:\/\/www.europesays.com\/fr\/627940\/","title":{"rendered":"l\u2019explosion d\u2019une machine \u00e0 soda dans un bagage \u00e0 la gare de Lyon s\u00e8me la panique"},"content":{"rendered":"<p>\n    Un p\u00e9rim\u00e8tre de s\u00e9curit\u00e9 a \u00e9t\u00e9 \u00e9tabli autour des d\u00e9bris de la valise et les d\u00e9mineurs ont effectu\u00e9 une lev\u00e9e de doute. La SNCF a indiqu\u00e9 que tout risque \u00e9tait d\u00e9sormais \u00e9cart\u00e9.<\/p>\n<p class=\"fig-paragraph\">Panique en pleine p\u00e9riode de vacances de fin d\u2019ann\u00e9e. Ce lundi, la\u00a0<a href=\"http:\/\/www.lefigaro.fr\/lyon\/pres-de-lyon-deux-jeunes-hommes-percutes-par-un-train-en-gare-dans-des-circonstances-mysterieuses-20250819\" target=\"_blank\" data-fig-type=\"NewsFlash\" rel=\"noopener\" data-gtm-custom-categorie=\"navigation\" data-gtm-custom-action=\"crossclick\" data-gtm-custom-label=\"Contextuel\" data-gtm-event=\"customEventSPE\" data-fig-domain=\"LEFIGARO\">gare de Lyon<\/a>\u00a0a \u00e9t\u00e9 partiellement \u00e9vacu\u00e9e apr\u00e8s l\u2019explosion d\u2019une bouteille de gaz d\u2019une machine \u00e0 soda qui se trouvait dans le bagage d\u2019un voyageur, a appris Le Figaro. La d\u00e9flagration a surpris les vacanciers qui se trouvaient dans le hall 1 de la gare, vers 11h45. Certains ont pris la fuite abandonnant leurs bagages, par peur d\u2019\u00eatre pris dans un attentat.<\/p>\n<p class=\"fig-paragraph\">L\u2019art\u00e8re a \u00e9t\u00e9 \u00e9vacu\u00e9e par la Brigade des r\u00e9seaux franciliens\u00a0qui a \u00e9tabli un p\u00e9rim\u00e8tre de s\u00e9curit\u00e9 autour des d\u00e9bris de la valise. Son propri\u00e9taire s\u2019est pr\u00e9sent\u00e9 aux fonctionnaires leur expliquant qu\u2019il transportait une bouteille de gaz pour machine \u00e0 soda. Apr\u00e8s la mise en place d\u2019un p\u00e9rim\u00e8tre de s\u00e9curit\u00e9 et une lev\u00e9e de doute, l\u2019origine accidentelle de l\u2019explosion a \u00e9t\u00e9 confirm\u00e9e\u00a0: il s\u2019agissait d\u2019une cartouche de CO2 type Sodastream, selon nos informations.<\/p>\n<p>                                            <a class=\"fig-a11y-skip\" href=\"#fig-a11y-skip-main-inarticle\" data-module=\"a11y-skip\" data-context=\"was @visible\"><br \/>\n    Passer la publicit\u00e9<br \/>\n<\/a>            <\/p>\n<p class=\"fig-paragraph\">Peu avant 13 heures, la SNCF a fait savoir que le dispositif de s\u00e9curit\u00e9 \u00e9tait lev\u00e9 et qu\u2019il \u00abn\u2019y avait rien \u00e0 signaler\u00bb, selon\u00a0<a href=\"https:\/\/www.leparisien.fr\/faits-divers\/la-gare-de-lyon-partiellement-evacuee-apres-lexplosion-dune-machine-a-soda-dans-un-bagage-29-12-2025-5R27XZX5BJB4DPYCQTDHMMQXGY.php\" target=\"_blank\" rel=\"sponsored noopener\" data-gtm-custom-categorie=\"navigation\" data-gtm-custom-action=\"crossclick\" data-gtm-custom-label=\"Contextuel\" data-gtm-event=\"customEventSPE\">Le Parisien<\/a> . Aucun voyageur n\u2019a \u00e9t\u00e9 bless\u00e9 et l\u2019impact sur la circulation des trains est rest\u00e9 mineur.<\/p>\n","protected":false},"excerpt":{"rendered":"Un p\u00e9rim\u00e8tre de s\u00e9curit\u00e9 a \u00e9t\u00e9 \u00e9tabli autour des d\u00e9bris de la valise et les d\u00e9mineurs ont effectu\u00e9&hellip;\n","protected":false},"author":2,"featured_media":627941,"comment_status":"","ping_status":"","sticky":false,"template":"","format":"standard","meta":{"footnotes":""},"categories":[1888],"tags":[1111,1928,11,1927,1777,674,2688,1011,27,3338,12,1926,626,1925,25],"class_list":{"0":"post-627940","1":"post","2":"type-post","3":"status-publish","4":"format-standard","5":"has-post-thumbnail","7":"category-paris","8":"tag-actu","9":"tag-actu-paris","10":"tag-actualites","11":"tag-actualites-paris","12":"tag-eu","13":"tag-europe","14":"tag-explosion","15":"tag-fr","16":"tag-france","17":"tag-gare-de-lyon","18":"tag-news","19":"tag-news-paris","20":"tag-paris","21":"tag-paris-news","22":"tag-republique-francaise"},"share_on_mastodon":{"url":"https:\/\/pubeurope.com\/@fr\/115803748265435277","error":""},"_links":{"self":[{"href":"https:\/\/www.europesays.com\/fr\/wp-json\/wp\/v2\/posts\/627940","targetHints":{"allow":["GET"]}}],"collection":[{"href":"https:\/\/www.europesays.com\/fr\/wp-json\/wp\/v2\/posts"}],"about":[{"href":"https:\/\/www.europesays.com\/fr\/wp-json\/wp\/v2\/types\/post"}],"author":[{"embeddable":true,"href":"https:\/\/www.europesays.com\/fr\/wp-json\/wp\/v2\/users\/2"}],"replies":[{"embeddable":true,"href":"https:\/\/www.europesays.com\/fr\/wp-json\/wp\/v2\/comments?post=627940"}],"version-history":[{"count":0,"href":"https:\/\/www.europesays.com\/fr\/wp-json\/wp\/v2\/posts\/627940\/revisions"}],"wp:featuredmedia":[{"embeddable":true,"href":"https:\/\/www.europesays.com\/fr\/wp-json\/wp\/v2\/media\/627941"}],"wp:attachment":[{"href":"https:\/\/www.europesays.com\/fr\/wp-json\/wp\/v2\/media?parent=627940"}],"wp:term":[{"taxonomy":"category","embeddable":true,"href":"https:\/\/www.europesays.com\/fr\/wp-json\/wp\/v2\/categories?post=627940"},{"taxonomy":"post_tag","embeddable":true,"href":"https:\/\/www.europesays.com\/fr\/wp-json\/wp\/v2\/tags?post=627940"}],"curies":[{"name":"wp","href":"https:\/\/api.w.org\/{rel}","templated":true}]}}