{"id":627942,"date":"2025-12-29T16:15:17","date_gmt":"2025-12-29T16:15:17","guid":{"rendered":"https:\/\/www.europesays.com\/fr\/627942\/"},"modified":"2025-12-29T16:15:17","modified_gmt":"2025-12-29T16:15:17","slug":"la-trentieme-edition-du-marche-de-noel-de-la-defense-signe-une-frequentation-record","status":"publish","type":"post","link":"https:\/\/www.europesays.com\/fr\/627942\/","title":{"rendered":"La trenti\u00e8me \u00e9dition du March\u00e9 de No\u00ebl de La D\u00e9fense signe une fr\u00e9quentation record"},"content":{"rendered":"<p>Pari tenu pour Paris La D\u00e9fense et 2A Organisation. Apr\u00e8s quarante-cinq jours de festivit\u00e9s, la trenti\u00e8me \u00e9dition du March\u00e9 de No\u00ebl de La D\u00e9fense s\u2019est referm\u00e9 ce dimanche 28 d\u00e9cembre avec une forte fr\u00e9quentation.<\/p>\n<p>Ouvert le 13 novembre dernier, le plus grand village de No\u00ebl de la r\u00e9gion parisienne aura attir\u00e9 2,217 millions de visiteurs (contre 1,5 million l\u2019ann\u00e9e derni\u00e8re), avec des pics de fr\u00e9quentation les samedis 13 et 20 d\u00e9cembre, o\u00f9 85 000 personnes ont arpent\u00e9 les all\u00e9es, annonce 2A Organisation.<\/p>\n<p>Cette ann\u00e9e, le village a pu profiter d\u2019une m\u00e9t\u00e9o cl\u00e9mente et de plusieurs \u00e9v\u00e9nements \u00e0 la Paris La D\u00e9fense Arena, comme <a href=\"https:\/\/www.defense-92.fr\/sport\/supercross-de-paris-2025-malcolm-stewart-sacre-king-of-paris-anthony-bourdon-prince-of-paris-85511\" target=\"_blank\" rel=\"noopener\">le Supercross<\/a>, <a href=\"https:\/\/www.defense-92.fr\/musique\/gims-survole-paris-la-defense-arena-avec-un-show-xxl-85858\" target=\"_blank\" rel=\"noopener\">les cinq concerts de Gims<\/a> ou encore <a href=\"https:\/\/www.defense-92.fr\/musique\/jean-louis-aubert-celebre-cinquante-ans-de-carriere-a-la-paris-la-defense-arena-85802\" target=\"_blank\" rel=\"noopener\">le show de Jean-Louis Aubert<\/a>.<\/p>\n<p><a href=\"https:\/\/www.defense-92.fr\/wp-content\/uploads\/2025\/12\/DSC_3531-scaled.jpg\" data-rel=\"lightbox-gallery-0\" data-rl_title=\"\" data-rl_caption=\"\" title=\"\" target=\"_blank\" rel=\"noopener\"><img loading=\"lazy\" decoding=\"async\" class=\"size-large wp-image-85944\" src=\"https:\/\/www.europesays.com\/fr\/wp-content\/uploads\/2025\/12\/DSC_3531-1024x683.jpg\" alt=\"\" width=\"696\" height=\"464\"  \/><\/a>Thibault Delourme est le dirigeant de 2A Organisation \u2013 Defense-92.fr<\/p>\n<p data-start=\"990\" data-end=\"1191\">\u00ab C\u2019est une tr\u00e8s belle \u00e9dition, nous avons battu tous les records de fr\u00e9quentation \u00bb, se f\u00e9licite Thibault Delourme, le PDG de 2A Organisation, aux commandes du march\u00e9 depuis 2022.<\/p>\n<p data-start=\"990\" data-end=\"1191\">\u00ab C\u2019est ph\u00e9nom\u00e9nal. Nous avons eu un No\u00ebl exceptionnel \u00e0 La D\u00e9fense \u00bb, s\u2019enthousiasme Franck Boucher, directeur de l\u2019attractivit\u00e9 de Paris La D\u00e9fense, dont l\u2019\u00e9tablissement a per\u00e7u une redevance d\u2019environ 600 000 euros pour la tenue de l\u2019\u00e9v\u00e9nement cette ann\u00e9e. \u00ab La D\u00e9fense devient l\u2019une des destinations phares du tourisme et des loisirs du Grand Paris. D\u2019un quartier d\u00e9di\u00e9 uniquement au travail, le tournant engag\u00e9 pour devenir un quartier de vie et de loisirs se concr\u00e9tise \u00bb, ajoute Pierre-Yves Guice, directeur de l\u2019\u00e9tablissement.<\/p>\n<p data-start=\"1193\" data-end=\"1644\">\u00c0 l\u2019heure de la remballe, certains ont le sourire. \u00ab Cette ann\u00e9e est un bon cru, c\u2019est l\u2019une de nos meilleures ann\u00e9es \u00bb, s\u2019enthousiasme Jean-Claude Fix, l\u2019historique santonnier, pr\u00e9sent dans le village depuis sa cr\u00e9ation en 1995 par l\u2019ancien organisateur Codecom. Quelques all\u00e9es plus loin, les peluches bouillottes de fabrication fran\u00e7aise ont s\u00e9duit les visiteurs. \u00ab C\u2019est un bon bilan \u00bb, dresse pour sa part Katy, vendeuse pr\u00e9sente depuis deux ans.<\/p>\n<p><a href=\"https:\/\/www.defense-92.fr\/wp-content\/uploads\/2025\/12\/DSC_7503-scaled.jpg\" data-rel=\"lightbox-gallery-0\" data-rl_title=\"\" data-rl_caption=\"\" title=\"\" target=\"_blank\" rel=\"noopener\"><img loading=\"lazy\" decoding=\"async\" class=\"size-large wp-image-85943\" src=\"https:\/\/www.europesays.com\/fr\/wp-content\/uploads\/2025\/12\/DSC_7503-1024x682.jpg\" alt=\"\" width=\"696\" height=\"464\"  \/><\/a>Le santonnier Jean-Claude Fix est pr\u00e9sent au March\u00e9 de No\u00ebl de La D\u00e9fense depuis sa cr\u00e9ation en 1995 \u2013 Defense-92.fr<\/p>\n<p data-start=\"1646\" data-end=\"1948\">Mais d\u2019autres ont un peu moins le sourire, notamment dans la zone artisanale. \u00ab \u00c7a a \u00e9t\u00e9 difficile. Je ne rentre pas dans mes frais \u00bb, se d\u00e9sole \u00c9ric, qui proposait des petits bijoux en origami fabriqu\u00e9s artisanalement par son fils. Pas s\u00fbr, donc, que le commer\u00e7ant d\u00e9cide de revenir l\u2019ann\u00e9e prochaine.<\/p>\n<p data-start=\"1646\" data-end=\"1948\">Si chaque ann\u00e9e a son lot de probl\u00e9matiques, cette ann\u00e9e, plus que d\u2019autres, la baisse du budget des m\u00e9nages a pes\u00e9 sur le chiffre d\u2019affaires de pas mal de commer\u00e7ants, et m\u00eame sur celui de l\u2019organisateur. Exploit\u00e9e en direct par 2A Organisation, la vaste boutique, renfermant sur pr\u00e8s d\u2019un millier de m\u00e8tres carr\u00e9s tout un ensemble de d\u00e9corations, n\u2019a en revanche pas trouv\u00e9 son seuil de rentabilit\u00e9. \u00ab Nous sommes en n\u00e9gatif sur le chiffre d\u2019affaires. Nous avons fait moins que l\u2019an dernier alors que la boutique \u00e9tait plus grande. Il y a une v\u00e9ritable probl\u00e9matique de pouvoir d\u2019achat \u00bb, temp\u00e8re Thibault Delourme.<\/p>\n<p data-start=\"1646\" data-end=\"1948\">D\u00e9barqu\u00e9 d\u2019Alsace pour la premi\u00e8re fois dans un vaste espace de 200 m\u00e8tres carr\u00e9s, Fortwenger a su s\u00e9duire avec ses pains d\u2019\u00e9pices. \u00ab C\u2019est un bilan tr\u00e8s positif et ce fut une belle premi\u00e8re ann\u00e9e m\u00eame si nous avons d\u00fb adapter notre offre aux clients de La D\u00e9fense en proposant des produits qui leur parlent le plus. L\u2019exposition \u00e0 La D\u00e9fense a \u00e9t\u00e9 top, \u00e7a nous a offert une super visibilit\u00e9. On reviendra l\u2019ann\u00e9e prochaine \u00bb, indique Steve Risch, dirigeant de Fortwenger, dont l\u2019exploitation de la boutique du March\u00e9 de No\u00ebl de La D\u00e9fense a \u00e9t\u00e9 op\u00e9r\u00e9e par 2A Organisation.<\/p>\n<p><a href=\"https:\/\/www.defense-92.fr\/wp-content\/uploads\/2025\/12\/DSC_3509-scaled.jpg\" data-rel=\"lightbox-gallery-0\" data-rl_title=\"\" data-rl_caption=\"\" title=\"\" target=\"_blank\" rel=\"noopener\"><img loading=\"lazy\" decoding=\"async\" class=\"size-large wp-image-85950\" src=\"https:\/\/www.europesays.com\/fr\/wp-content\/uploads\/2025\/12\/DSC_3509-1024x683.jpg\" alt=\"\" width=\"696\" height=\"464\"  \/><\/a>Steve Risch est le dirigeant de Fortwenger, qui a propos\u00e9 pour la premi\u00e8re ann\u00e9e ses pains d\u2019\u00e9pices dans un vaste espace de vente \u2013 Defense-92.fr<\/p>\n<p data-start=\"1950\" data-end=\"2218\">C\u00f4t\u00e9 restauration, le bilan semble en revanche positif. \u00ab C\u2019est correct compte tenu de la conjoncture actuelle. Nous rentrons dans nos frais, m\u00eame si on ne sera pas riches \u00bb, confie Julien Buob, le g\u00e9rant du vaste restaurant alsacien, pr\u00e9sent depuis une grosse quinzaine d\u2019ann\u00e9es.<\/p>\n<p data-start=\"2220\" data-end=\"2767\">Stars du village depuis plusieurs ann\u00e9es d\u00e9j\u00e0, les Qu\u00e9b\u00e9cois sont revenus cette ann\u00e9e encore en force avec leurs nombreux restaurants et espaces de vente, le tout accompagn\u00e9 d\u2019une \u00e9quipe de trente-sept vendeurs. Et la bonne humeur des cousins d\u2019Am\u00e9rique du Nord a de nouveau s\u00e9duit. \u00ab Le bilan pour la boutique est tr\u00e8s, tr\u00e8s bon. C\u2019est meilleur que l\u2019an dernier. Pour la restauration, le bilan est assez similaire \u00e0 2024 \u00bb, admet Sylvie C\u00f4t\u00e9, responsable des diff\u00e9rents espaces de vente de La D\u00e9fense, qui se dit tr\u00e8s \u00ab heureuse \u00bb de ce cru 2025.<\/p>\n<p data-start=\"2769\" data-end=\"3172\">Fortement concurrenc\u00e9 par les churros, les gaufres et les cr\u00eapes, Sylvain a aussi le sourire apr\u00e8s avoir \u00e9coul\u00e9 ses petits rochers coco, tous cuisin\u00e9s sur place. \u00ab Pour une premi\u00e8re ann\u00e9e, \u00e7a va. On est assez contents car les gens sont revenus \u00bb, explique l\u2019entrepreneur venu tout droit du sud du Portugal apr\u00e8s avoir v\u00e9cu pas mal d\u2019ann\u00e9es en France. Revenir l\u2019ann\u00e9e prochaine ? \u00ab Oui \u00bb, esp\u00e8re Sylvain.<\/p>\n<p><a href=\"https:\/\/www.defense-92.fr\/wp-content\/uploads\/2025\/12\/DSC_9796-scaled.jpg\" data-rel=\"lightbox-gallery-0\" data-rl_title=\"\" data-rl_caption=\"\" title=\"\" target=\"_blank\" rel=\"noopener\"><img loading=\"lazy\" decoding=\"async\" class=\"size-large wp-image-85942\" src=\"https:\/\/www.europesays.com\/fr\/wp-content\/uploads\/2025\/12\/DSC_9796-1024x683.jpg\" alt=\"\" width=\"696\" height=\"464\"  \/><\/a>Sylvain a \u00e9coul\u00e9 ses petits rochers coco pour la premi\u00e8re fois au village de No\u00ebl de La D\u00e9fense \u2013 Defense-92.fr<\/p>\n<p>Apr\u00e8s ces quatre ann\u00e9es \u00e0 avoir chapeaut\u00e9 le village de No\u00ebl de La D\u00e9fense, 2A Organisation va devoir repasser par la case appel d\u2019offres -qui sera lanc\u00e9 prochainement- pour les prochaines \u00e9ditions. La PME nantaise, qui a investi pr\u00e8s de 4 millions d\u2019euros dans l\u2019\u00e9v\u00e9nement depuis 2022, tentera de le conserver. \u00ab Nous sommes encore loin des projets que nous avons en t\u00eate \u00bb, indique Thibault Delourme. En cas de renouvellement, le PDG de 2A Organisation promet \u00ab beaucoup d\u2019id\u00e9es de d\u00e9veloppement \u00bb, avec l\u2019objectif de viser le niveau europ\u00e9en pour concurrencer l\u2019historique village de Strasbourg.<\/p>\n<p>Mais pour l\u2019instant, le dirigeant reste tr\u00e8s discret sur les nouveaut\u00e9s qu\u2019il souhaiterait apporter, notamment en mati\u00e8re d\u2019animations. Car si la patinoire a attir\u00e9 de nombreux adeptes de la glisse, l\u2019\u00e9quipement n\u2019a pas \u00e9t\u00e9 rentable pour 2A Organisation, qui n\u2019a pas encore d\u00e9cid\u00e9 de son \u00e9ventuel avenir.<\/p>\n<p><a href=\"https:\/\/www.defense-92.fr\/wp-content\/uploads\/2025\/12\/DSC_7591-scaled.jpg\" data-rel=\"lightbox-gallery-0\" data-rl_title=\"\" data-rl_caption=\"\" title=\"\" target=\"_blank\" rel=\"noopener\"><img loading=\"lazy\" decoding=\"async\" class=\"size-large wp-image-85946\" src=\"https:\/\/www.europesays.com\/fr\/wp-content\/uploads\/2025\/12\/DSC_7591-1024x683.jpg\" alt=\"\" width=\"696\" height=\"464\"  \/><\/a>En cas de victoire au prochain appel d\u2019offres, 2A Organisation n\u2019a pas encore d\u00e9cid\u00e9 du retour de la patinoire \u2013 Defense-92.fr<\/p>\n","protected":false},"excerpt":{"rendered":"Pari tenu pour Paris La D\u00e9fense et 2A Organisation. Apr\u00e8s quarante-cinq jours de festivit\u00e9s, la trenti\u00e8me \u00e9dition du&hellip;\n","protected":false},"author":2,"featured_media":627943,"comment_status":"","ping_status":"","sticky":false,"template":"","format":"standard","meta":{"footnotes":""},"categories":[1888],"tags":[11,1777,674,1011,27,12,626,25],"class_list":{"0":"post-627942","1":"post","2":"type-post","3":"status-publish","4":"format-standard","5":"has-post-thumbnail","7":"category-paris","8":"tag-actualites","9":"tag-eu","10":"tag-europe","11":"tag-fr","12":"tag-france","13":"tag-news","14":"tag-paris","15":"tag-republique-francaise"},"share_on_mastodon":{"url":"https:\/\/pubeurope.com\/@fr\/115803752149273978","error":""},"_links":{"self":[{"href":"https:\/\/www.europesays.com\/fr\/wp-json\/wp\/v2\/posts\/627942","targetHints":{"allow":["GET"]}}],"collection":[{"href":"https:\/\/www.europesays.com\/fr\/wp-json\/wp\/v2\/posts"}],"about":[{"href":"https:\/\/www.europesays.com\/fr\/wp-json\/wp\/v2\/types\/post"}],"author":[{"embeddable":true,"href":"https:\/\/www.europesays.com\/fr\/wp-json\/wp\/v2\/users\/2"}],"replies":[{"embeddable":true,"href":"https:\/\/www.europesays.com\/fr\/wp-json\/wp\/v2\/comments?post=627942"}],"version-history":[{"count":0,"href":"https:\/\/www.europesays.com\/fr\/wp-json\/wp\/v2\/posts\/627942\/revisions"}],"wp:featuredmedia":[{"embeddable":true,"href":"https:\/\/www.europesays.com\/fr\/wp-json\/wp\/v2\/media\/627943"}],"wp:attachment":[{"href":"https:\/\/www.europesays.com\/fr\/wp-json\/wp\/v2\/media?parent=627942"}],"wp:term":[{"taxonomy":"category","embeddable":true,"href":"https:\/\/www.europesays.com\/fr\/wp-json\/wp\/v2\/categories?post=627942"},{"taxonomy":"post_tag","embeddable":true,"href":"https:\/\/www.europesays.com\/fr\/wp-json\/wp\/v2\/tags?post=627942"}],"curies":[{"name":"wp","href":"https:\/\/api.w.org\/{rel}","templated":true}]}}