{"id":627945,"date":"2025-12-29T16:17:11","date_gmt":"2025-12-29T16:17:11","guid":{"rendered":"https:\/\/www.europesays.com\/fr\/627945\/"},"modified":"2025-12-29T16:17:11","modified_gmt":"2025-12-29T16:17:11","slug":"vladimir-poutine-pascal-praud-et-le-mossad-nos-dix-grands-recits-et-enquetes-qui-ont-marque-2025-lexpress","status":"publish","type":"post","link":"https:\/\/www.europesays.com\/fr\/627945\/","title":{"rendered":"Vladimir Poutine, Pascal Praud et le Mossad&#8230; Nos dix grands r\u00e9cits et enqu\u00eates qui ont marqu\u00e9 2025 \u2013 L&rsquo;Express"},"content":{"rendered":"<p class=\"paragraph article-body-paragraph article__item   article-body-paragraph--first \">Enqu\u00eates au long cours, grands r\u00e9cits, r\u00e9v\u00e9lations exclusives : cette ann\u00e9e encore, <a href=\"https:\/\/www.lexpress.fr\/\" target=\"_self\" rel=\"noopener\" title=\"https:\/\/www.lexpress.fr\/\">L\u2019Express<\/a> a pris le temps d\u2019explorer l\u2019actualit\u00e9 en profondeur. <a href=\"https:\/\/www.lexpress.fr\/monde\/europe\/comment-la-flotte-fantome-russe-sert-a-espionner-leurope-IOTPGRU4UNEELEB7R7C4VX7SBM\/\" target=\"_self\" rel=\"noopener\" title=\"https:\/\/www.lexpress.fr\/monde\/europe\/comment-la-flotte-fantome-russe-sert-a-espionner-leurope-IOTPGRU4UNEELEB7R7C4VX7SBM\/\">Des services secrets<\/a> aux laboratoires de pointe, de l\u2019influence <a href=\"https:\/\/www.lexpress.fr\/monde\/europe\/l-ukraine-hesite-entre-est-et-ouest_1302698.html\" target=\"_self\" rel=\"noopener\" title=\"https:\/\/www.lexpress.fr\/monde\/europe\/l-ukraine-hesite-entre-est-et-ouest_1302698.html\">des puissances \u00e9trang\u00e8res<\/a> aux d\u00e9rives \u00e9conomiques, des figures d\u2019influence de la tech aux grandes fractures de notre \u00e9poque, ces articles racontent les grands bouleversements g\u00e9opolitiques et \u00e9conomiques \u00e0 l\u2019\u0153uvre en 2025.<\/p>\n<p class=\"paragraph article-body-paragraph article__item   \">Pour mieux comprendre le monde d\u2019aujourd\u2019hui, mais aussi celui de demain. Voici notre s\u00e9lection :<\/p>\n<p>Les 13 agressions de Poutine en France<\/p>\n<p class=\"paragraph article-body-paragraph article__item   \">C\u2019est un document in\u00e9dit de 16 pages que L\u2019Express s\u2019est procur\u00e9. R\u00e9dig\u00e9e par la <a href=\"https:\/\/www.lexpress.fr\/societe\/les-espions-russes-au-coeur-de-lelysee-nos-revelations-comment-la-dgsi-protege-les-presidents-CMNXQSLFEJBXZJBM2T5KXIHXL4\/\" rel=\"noopener\" target=\"_blank\">DGSI<\/a>, la <a href=\"https:\/\/www.lexpress.fr\/societe\/dgse-cia-le-match-du-renseignement-leurope-peut-elle-se-passer-des-americains-HPEIWL4FURFHDLMMP3M7NDB5MY\/\" rel=\"noopener\" target=\"_blank\">DGSE<\/a>, la Direction du renseignement militaire, la Direction du renseignement et de la s\u00e9curit\u00e9 de la d\u00e9fense et compil\u00e9e par le Secr\u00e9tariat g\u00e9n\u00e9ral de la d\u00e9fense et de la s\u00e9curit\u00e9 nationale (SGDSN), cette note, \u00e0 destination exclusive des ministres tant son contenu est jug\u00e9 sensible, s\u2019intitule \u00ab\u00a0Menaces et actions russes contre la France\u00a0\u00bb. Son contenu est vertigineux : vol d\u2019ordinateurs, menace nucl\u00e9aire, pannes \u00e9lectriques, espionnage \u00e0 Polytechnique\u2026<\/p>\n<p><strong class=\"article-body-link-list__item text-gray-800 article-body-link-list__item--one-item\">A lire ici : <a class=\"article-body-link-list__item-link\" href=\"https:\/\/www.lexpress.fr\/politique\/exclusif-les-13-agressions-de-poutine-en-france-leffrayante-note-des-services-secrets-E5C7PGIFWBG6NBRDGP6L4GLNRI\/\" target=\"_blank\" rel=\"noopener\">EXCLUSIF. Les 13 agressions de Poutine en France : l\u2019effrayante note des services secrets<\/a><\/strong>Nicolas Puech, les derniers secrets d\u2019un h\u00e9ritier ruin\u00e9<\/p>\n<p class=\"paragraph article-body-paragraph article__item   \">L\u2019\u00e9pop\u00e9e pourrait se r\u00e9sumer en une question : <a href=\"https:\/\/www.lexpress.fr\/economie\/entreprises\/hermes-lheritier-et-les-milliards-convoites-enquete-sur-une-affaire-rocambolesque-NGW3XUZS5FDZLF2F2DDFLWMZA4\/\" rel=\"noopener\" target=\"_blank\">o\u00f9 sont pass\u00e9s les quelque six millions d\u2019actions de la soci\u00e9t\u00e9 Herm\u00e8s<\/a>, repr\u00e9sentant 5,7 % du capital, d\u00e9tenus par Nicolas Puech, descendant d\u2019une des trois dynasties fondatrices de l\u2019empire ? Aujourd\u2019hui, il se dit totalement ruin\u00e9. Tous ses titres lui auraient \u00e9t\u00e9 subtilis\u00e9s. Et il porte plainte \u00e0 Paris. Enqu\u00eate.<\/p>\n<p><strong class=\"article-body-link-list__item text-gray-800 article-body-link-list__item--one-item\">A lire ici : <a class=\"article-body-link-list__item-link\" href=\"https:\/\/www.lexpress.fr\/economie\/hermes-enquete-sur-le-casse-du-siecle-nicolas-puech-itineraire-dun-heritier-ruine-R2IAAA6J2JGPTJMJWT6FYFXPWU\/\" target=\"_blank\" rel=\"noopener\">Herm\u00e8s et le \u00ab\u00a0casse du si\u00e8cle\u00a0\u00bb : Nicolas Puech, les derniers secrets d&rsquo;un h\u00e9ritier ruin\u00e9<\/a><\/strong>Dipl\u00f4mes, enqu\u00eate sur le krach qui vient<\/p>\n<p class=\"paragraph article-body-paragraph article__item   \">\u00ab\u00a0Les dipl\u00f4m\u00e9s d\u2019aujourd\u2019hui sont fichus\u00a0\u00bb. En juin, le magazine The Economist choisissait un titre choc pour alerter sur une tendance de fond : dans de nombreux pays, <a href=\"https:\/\/www.lexpress.fr\/societe\/education\/emploi-les-jeunes-diplomes-ont-toujours-plus-de-mal-a-trouver-un-travail-6OU6VML735A23L6CVKX5QT6G2E\/\" target=\"_self\" rel=\"noopener\" title=\"https:\/\/www.lexpress.fr\/societe\/education\/emploi-les-jeunes-diplomes-ont-toujours-plus-de-mal-a-trouver-un-travail-6OU6VML735A23L6CVKX5QT6G2E\/\">les dipl\u00f4m\u00e9s<\/a> sont en train de perdre leur position privil\u00e9gi\u00e9e, alors m\u00eame que la r\u00e9volution de l\u2019IA n\u2019en est qu\u2019\u00e0 ses d\u00e9buts. Les cons\u00e9quences sociales pourraient \u00eatre majeures.<\/p>\n<p><strong class=\"article-body-link-list__item text-gray-800 article-body-link-list__item--one-item\">A lire ici : <a class=\"article-body-link-list__item-link\" href=\"https:\/\/www.lexpress.fr\/idees-et-debats\/diplomes-le-krach-qui-vient-enquete-sur-une-revolution-en-cours-TXEQF6Z2QFAIJGQXBEL6UJWZFA\/\" target=\"_blank\" rel=\"noopener\">Dipl\u00f4mes, enqu\u00eate sur le krach qui vient : \u00ab\u00a0Nous devrions nous en inqui\u00e9ter s\u00e9rieusement\u00a0\u00bb<\/a><\/strong>Pascal Praud, le journaliste le plus influent de France<\/p>\n<p class=\"paragraph article-body-paragraph article__item   \">La vedette <a href=\"https:\/\/www.lexpress.fr\/politique\/lr\/bruno-retailleau-laurent-wauquiez-enquete-sur-les-liaisons-dangereuses-entre-la-droite-et-le-groupe-ZSPUESFY5RGJTNOHRHTTQUQHYQ\/\" target=\"_self\" rel=\"noopener\" title=\"https:\/\/www.lexpress.fr\/politique\/lr\/bruno-retailleau-laurent-wauquiez-enquete-sur-les-liaisons-dangereuses-entre-la-droite-et-le-groupe-ZSPUESFY5RGJTNOHRHTTQUQHYQ\/\">de CNews<\/a> \u00e9crase la concurrence. Depuis ses audiences de l\u2019\u00e9t\u00e9, le sexag\u00e9naire surexpos\u00e9 passe pour le journaliste le plus influent du paysage m\u00e9diatique. Portrait d\u2019un fumeur de cigares convaincu de fabriquer l\u2019opinion de droite. Ses derniers \u00e9clats ont \u00e9lectris\u00e9 l\u2019Elys\u00e9e. Qui d\u00e9sormais ne lui parle plus.<\/p>\n<p><strong class=\"article-body-link-list__item text-gray-800 article-body-link-list__item--one-item\">A lire ici  : <a class=\"article-body-link-list__item-link\" href=\"https:\/\/www.lexpress.fr\/societe\/pascal-praud-les-secrets-du-journaliste-le-plus-influent-de-france-ses-coups-de-fil-aux-politiques-JCL6CMQHKVFNVCFEQLX7SHAHLM\/\" target=\"_blank\" rel=\"noopener\">Pascal Praud, le journaliste le plus influent de France : la proposition de BFM, ses appels avec les politiques<\/a><\/strong>Rapha\u00ebl Rodriguez, le chercheur qui a trouv\u00e9 la faille des m\u00e9tastases<\/p>\n<p class=\"paragraph article-body-paragraph article__item   \">Rapha\u00ebl Rodriguez a rat\u00e9 la premi\u00e8re ann\u00e9e de m\u00e9decine, mais il n\u2019a pas renonc\u00e9 \u00e0 sauver des vies humaines. Beaucoup de vies, m\u00eame. Ce chimiste \u00e0 l\u2019Institut Curie a mis au point une mol\u00e9cule qui pourrait d\u00e9truire ces tumeurs secondaires \u00e0 l\u2019origine de 70 % des d\u00e9c\u00e8s <a href=\"https:\/\/www.lexpress.fr\/sciences-sante\/cancers-chez-les-jeunes-role-des-pesticides-les-verites-scientifiques-de-lepidemiologiste-catherine-7UKDLKMUXNCP3HAQDDXFCYXHEQ\/\" target=\"_self\" rel=\"noopener\" title=\"https:\/\/www.lexpress.fr\/sciences-sante\/cancers-chez-les-jeunes-role-des-pesticides-les-verites-scientifiques-de-lepidemiologiste-catherine-7UKDLKMUXNCP3HAQDDXFCYXHEQ\/\">par cancer.<\/a> Ses travaux suscitent un immense int\u00e9r\u00eat dans la communaut\u00e9 scientifique.<\/p>\n<p><strong class=\"article-body-link-list__item text-gray-800 article-body-link-list__item--one-item\">A lire ici  : <a class=\"article-body-link-list__item-link\" href=\"https:\/\/www.lexpress.fr\/sciences-sante\/cancer-raphael-rodriguez-le-chercheur-qui-a-trouve-la-faille-des-metastases-CB3O4KLAGBEDFD7QFSFUQBFAJE\/\" target=\"_blank\" rel=\"noopener\">Cancer : Rapha\u00ebl Rodriguez, le chercheur qui a trouv\u00e9 la faille des m\u00e9tastases<\/a><\/strong>Mossad &#8211; DGSE, nos r\u00e9v\u00e9lations sur leurs liaisons<\/p>\n<p class=\"paragraph article-body-paragraph article__item   \">Depuis 1948, les services secrets fran\u00e7ais et isra\u00e9liens cultivent une relation sp\u00e9ciale, malgr\u00e9 des tensions fr\u00e9quentes. La France conna\u00eet bien la zone, son expertise est sollicit\u00e9e. <a href=\"https:\/\/www.lexpress.fr\/monde\/proche-moyen-orient\/attaque-du-hamas-israel-de-nouveau-en-guerre-contre-gaza-5HUCJ5IEKVD6FHMPYLBZMFZ6NQ\/\" rel=\"noopener\" title=\"https:\/\/www.lexpress.fr\/monde\/proche-moyen-orient\/attaque-du-hamas-israel-de-nouveau-en-guerre-contre-gaza-5HUCJ5IEKVD6FHMPYLBZMFZ6NQ\/\" target=\"_blank\">\u00ab\u00a0A Gaza,<\/a> les meilleurs capteurs sont ceux de <a href=\"https:\/\/www.lexpress.fr\/societe\/cest-un-quai-dorsay-une-dgse-occulte-ladit-ces-agents-tres-secrets-au-service-du-cac-40-G4NJYBWK45CXRBYHXZCD2N3KOY\/\" target=\"_self\" rel=\"noopener\" title=\"https:\/\/www.lexpress.fr\/societe\/cest-un-quai-dorsay-une-dgse-occulte-ladit-ces-agents-tres-secrets-au-service-du-cac-40-G4NJYBWK45CXRBYHXZCD2N3KOY\/\">la DGSE\u00a0\u00bb,<\/a> affirme un r\u00e9cent retrait\u00e9 du service secret. Un lien aujourd\u2019hui fragilis\u00e9 par la reconnaissance de la Palestine.<\/p>\n<p><strong class=\"article-body-link-list__item text-gray-800 article-body-link-list__item--one-item\">A lire ici  : <a class=\"article-body-link-list__item-link\" href=\"https:\/\/www.lexpress.fr\/societe\/mossad-dgse-entre-rivalite-fascination-et-coups-fourres-a-paris-israel-joue-a-domicile-4WJZJILCLFCELKIHZ7K4QNSXDY\/\" target=\"_blank\" rel=\"noopener\">Mossad &#8211; DGSE, nos r\u00e9v\u00e9lations : entre rendez-vous secrets \u00e0 Paris et informateurs \u00e0 Gaza<\/a><\/strong>Les fausses promesses de Naali<\/p>\n<p class=\"paragraph article-body-paragraph article__item   \">Cette start-up lyonnaise est sortie grande gagnante en f\u00e9vrier de l\u2019\u00e9mission phare de M6, Qui veut \u00eatre mon associ\u00e9 : ses fondateurs ont su convaincre un jury d\u2019entrepreneurs d\u2019investir plus de 600 000 euros dans leur aventure commerciale. Depuis, les ventes de la soci\u00e9t\u00e9 ont explos\u00e9, tout comme l\u2019int\u00e9r\u00eat autour de \u00ab\u00a0safranoth\u00e9rapie\u00a0\u00bb, l\u2019art de se soigner par le safran (sic) qu\u2019elle entend bien \u00ab\u00a0d\u00e9mocratiser\u00a0\u00bb.<\/p>\n<p><strong class=\"article-body-link-list__item text-gray-800 article-body-link-list__item--one-item\">A lire ici  : <a class=\"article-body-link-list__item-link\" href=\"https:\/\/www.lexpress.fr\/sciences-sante\/les-fausses-promesses-de-naali-grande-gagnante-de-qui-veut-etre-mon-associe-WFIW6BQE2NCRHDA6VRWD6WRCSA\/\" target=\"_blank\" rel=\"noopener\">Les fausses promesses de Naali, grande gagnante de \u00ab\u00a0Qui veut \u00eatre mon associ\u00e9\u00a0\u00bb<\/a><\/strong>Boualem Sansal graci\u00e9 par l&rsquo;Alg\u00e9rie : nos r\u00e9v\u00e9lations sur les tractations<\/p>\n<p class=\"paragraph article-body-paragraph article__item   \">L\u2019Elys\u00e9e a plusieurs fois cru \u00e0 la lib\u00e9ration de l\u2019\u00e9crivain, otage du r\u00e9gime <a href=\"https:\/\/www.lexpress.fr\/monde\/algerie-ce-double-revers-diplomatique-qui-lisole-plus-que-jamais-WEE3ETSG4JAD7EV6DMI2RX4THI\/\" target=\"_self\" rel=\"noopener\" title=\"https:\/\/www.lexpress.fr\/monde\/algerie-ce-double-revers-diplomatique-qui-lisole-plus-que-jamais-WEE3ETSG4JAD7EV6DMI2RX4THI\/\">d\u2019Abdelmadjid Tebboune<\/a>. Jusqu\u2019\u00e0 ce 12 novembre, date \u00e0 laquelle Alger l&rsquo;a graci\u00e9 et accept\u00e9 son transfert en Allemagne afin qu&rsquo;il puisse \u00eatre soign\u00e9. R\u00e9cit de douze mois de tractations secr\u00e8tes.<\/p>\n<p><strong class=\"article-body-link-list__item text-gray-800 article-body-link-list__item--one-item\">A lire ici  : <a class=\"article-body-link-list__item-link\" href=\"https:\/\/www.lexpress.fr\/societe\/boualem-sansal-comment-lalgerie-balade-la-france-nos-revelations-sur-un-an-de-tractations-tres-63XUFTYMEBDT3DSKMWYZ2WB6LA\/\" target=\"_blank\" rel=\"noopener\">Boualem Sansal graci\u00e9 par l&rsquo;Alg\u00e9rie : nos r\u00e9v\u00e9lations sur un an de tractations secr\u00e8tes<\/a><\/strong>La bulle de l&rsquo;IA est-elle sur le point d\u2019\u00e9clater ?<\/p>\n<p class=\"paragraph article-body-paragraph article__item   \">Tout le monde de a attrap\u00e9 <a href=\"https:\/\/www.lexpress.fr\/economie\/high-tech\/ia-generative-comment-la-bulle-pourrait-exploser-J75TQHI4CZAP3CRO2SPYLFE4UU\/\" rel=\"noopener\" title=\"https:\/\/www.lexpress.fr\/economie\/high-tech\/ia-generative-comment-la-bulle-pourrait-exploser-J75TQHI4CZAP3CRO2SPYLFE4UU\/\" target=\"_blank\">la fi\u00e8vre IA<\/a> ! Microsoft a pr\u00e9vu de d\u00e9penser 80 milliards de dollars sur la seule ann\u00e9e 2025 dans des <a href=\"https:\/\/www.lexpress.fr\/economie\/high-tech\/intelligence-artificielle-pourquoi-microsoft-investit-4-milliards-deuros-en-france-EQ5YHAWPXZCDRAUZXXPXAGKMQA\/\" rel=\"noopener\" title=\"https:\/\/www.lexpress.fr\/economie\/high-tech\/intelligence-artificielle-pourquoi-microsoft-investit-4-milliards-deuros-en-france-EQ5YHAWPXZCDRAUZXXPXAGKMQA\/\" target=\"_blank\">centres de donn\u00e9es<\/a>. Et <a href=\"https:\/\/www.lexpress.fr\/economie\/high-tech\/lila-ibrahim-google-deepmind-lia-montre-desormais-la-maniere-dont-elle-pense-NO7CHZWMI5ATFBXRQ5P2PPQAQU\/\" rel=\"noopener\" title=\"https:\/\/www.lexpress.fr\/economie\/high-tech\/lila-ibrahim-google-deepmind-lia-montre-desormais-la-maniere-dont-elle-pense-NO7CHZWMI5ATFBXRQ5P2PPQAQU\/\" target=\"_blank\">Alphabet<\/a>, 75 milliards. Le patient z\u00e9ro s\u2019appelle <a href=\"https:\/\/www.lexpress.fr\/economie\/high-tech\/gpt5-la-petite-astuce-derriere-les-grands-progres-de-lia-de-sam-altman-QECO3JRYRZHUZMG2XZXDA65KHI\/\" rel=\"noopener\" title=\"https:\/\/www.lexpress.fr\/economie\/high-tech\/gpt5-la-petite-astuce-derriere-les-grands-progres-de-lia-de-sam-altman-QECO3JRYRZHUZMG2XZXDA65KHI\/\" target=\"_blank\">Sam Altman<\/a>. Le cofondateur d\u2019OpenAI s\u2019est engag\u00e9 d\u00e8s janvier avec Oracle, SoftBank et MGX \u00e0 investir <a href=\"https:\/\/www.lexpress.fr\/economie\/high-tech\/ia-les-bonnes-affaires-de-masayoshi-son-le-discret-ami-de-donald-trump-UTRDVLYL75EDNOY6KG5AQN7SKU\/\" rel=\"noopener\" title=\"https:\/\/www.lexpress.fr\/economie\/high-tech\/ia-les-bonnes-affaires-de-masayoshi-son-le-discret-ami-de-donald-trump-UTRDVLYL75EDNOY6KG5AQN7SKU\/\" target=\"_blank\">500 milliards de dollars<\/a>pour construire aux Etats-Unis de gigantesques data centers. Mais derri\u00e8re les promesses r\u00e9volutionnaires se cache une r\u00e9alit\u00e9 \u00e9conomique alarmante. <\/p>\n<p><strong class=\"article-body-link-list__item text-gray-800 article-body-link-list__item--one-item\">A lire ici  : <a class=\"article-body-link-list__item-link\" href=\"https:\/\/www.lexpress.fr\/economie\/high-tech\/bulle-de-lia-la-silicon-valley-a-t-elle-perdu-la-raison-7WEITQLAQFCZJG2EPPJEQ5QOMM\/\" target=\"_blank\" rel=\"noopener\">La bulle de l&rsquo;IA est-elle sur le point d\u2019\u00e9clater ? Ces signaux qui prouvent que la Silicon Valley perd la raison<\/a><\/strong>Ce sc\u00e9nario sous-estim\u00e9 o\u00f9 l\u2019Europe se refroidit<\/p>\n<p class=\"paragraph article-body-paragraph article__item   \">Tandis que le sud de l\u2019Europe ne conna\u00eet presque plus d\u2019hivers <a href=\"https:\/\/www.lexpress.fr\/environnement\/climat-4-c-de-plus-dici-2100-voici-a-quoi-ressemblerait-la-france-MMPRLYROMZCKVGJIX2ANGLIDIM\/\" rel=\"noopener\" target=\"_blank\">en 2100<\/a>, subissant de plein fouet les effets du <a href=\"https:\/\/www.lexpress.fr\/economie\/changement-climatique-causes-consequences_1492154.html\" rel=\"noopener\" target=\"_blank\">changement climatique<\/a>, imaginez <a href=\"https:\/\/www.lexpress.fr\/monde\/face-a-donald-trump-et-elon-musk-londres-doit-rompre-sa-relation-speciale-avec-les-etats-unis-WVKVGJWEM5CCZDEO7LIWBOQPDI\/\" rel=\"noopener\" target=\"_blank\">Londres <\/a>grelotter sous des temp\u00e9ratures dignes du Canada \u2013 ou des pays scandinaves, au choix. <\/p>\n<p><strong class=\"article-body-link-list__item text-gray-800 article-body-link-list__item--one-item\">A lire ici  : <a class=\"article-body-link-list__item-link\" href=\"https:\/\/www.lexpress.fr\/environnement\/climat-ce-scenario-sous-estime-ou-une-grande-partie-de-leurope-se-refroidit-IJ5KREZZWVFYRASIX4HN4O4Y4I\/\" target=\"_blank\" rel=\"noopener\">Climat : ce sc\u00e9nario sous-estim\u00e9 o\u00f9 une grande partie de l\u2019Europe se refroidit<\/a><\/strong><\/p>\n<p class=\"paragraph article-body-paragraph article__item   \">La Tamise gel\u00e9e, les transports au ralenti, y compris le fameux Tube de la capitale. Tim Lenton, directeur du Global Systems Institute de l\u2019universit\u00e9 d\u2019Exeter, a particip\u00e9 \u00e0 l\u2019\u00e9laboration <a href=\"https:\/\/www.ippr.org\/articles\/security-blind-spot\" rel=\"noopener\" target=\"_blank\">d\u2019un rapport alarmant <\/a>outre-Manche&#8230; <\/p>\n","protected":false},"excerpt":{"rendered":"Enqu\u00eates au long cours, grands r\u00e9cits, r\u00e9v\u00e9lations exclusives : cette ann\u00e9e encore, L\u2019Express a pris le temps d\u2019explorer&hellip;\n","protected":false},"author":2,"featured_media":627946,"comment_status":"","ping_status":"","sticky":false,"template":"","format":"standard","meta":{"footnotes":""},"categories":[1591],"tags":[11,1887,5951,74,12,1885,1886,132],"class_list":{"0":"post-627945","1":"post","2":"type-post","3":"status-publish","4":"format-standard","5":"has-post-thumbnail","7":"category-russie","8":"tag-actualites","9":"tag-federation-de-russie","10":"tag-idees-et-debats","11":"tag-monde","12":"tag-news","13":"tag-russia","14":"tag-russian-federation","15":"tag-russie"},"share_on_mastodon":{"url":"https:\/\/pubeurope.com\/@fr\/115803759775955891","error":""},"_links":{"self":[{"href":"https:\/\/www.europesays.com\/fr\/wp-json\/wp\/v2\/posts\/627945","targetHints":{"allow":["GET"]}}],"collection":[{"href":"https:\/\/www.europesays.com\/fr\/wp-json\/wp\/v2\/posts"}],"about":[{"href":"https:\/\/www.europesays.com\/fr\/wp-json\/wp\/v2\/types\/post"}],"author":[{"embeddable":true,"href":"https:\/\/www.europesays.com\/fr\/wp-json\/wp\/v2\/users\/2"}],"replies":[{"embeddable":true,"href":"https:\/\/www.europesays.com\/fr\/wp-json\/wp\/v2\/comments?post=627945"}],"version-history":[{"count":0,"href":"https:\/\/www.europesays.com\/fr\/wp-json\/wp\/v2\/posts\/627945\/revisions"}],"wp:featuredmedia":[{"embeddable":true,"href":"https:\/\/www.europesays.com\/fr\/wp-json\/wp\/v2\/media\/627946"}],"wp:attachment":[{"href":"https:\/\/www.europesays.com\/fr\/wp-json\/wp\/v2\/media?parent=627945"}],"wp:term":[{"taxonomy":"category","embeddable":true,"href":"https:\/\/www.europesays.com\/fr\/wp-json\/wp\/v2\/categories?post=627945"},{"taxonomy":"post_tag","embeddable":true,"href":"https:\/\/www.europesays.com\/fr\/wp-json\/wp\/v2\/tags?post=627945"}],"curies":[{"name":"wp","href":"https:\/\/api.w.org\/{rel}","templated":true}]}}