{"id":627947,"date":"2025-12-29T16:18:11","date_gmt":"2025-12-29T16:18:11","guid":{"rendered":"https:\/\/www.europesays.com\/fr\/627947\/"},"modified":"2025-12-29T16:18:11","modified_gmt":"2025-12-29T16:18:11","slug":"guerre-en-ukraine-alors-que-les-negociations-continuent-vladimir-poutine-lassure-les-troupes-russes-avancent-avec-assurance","status":"publish","type":"post","link":"https:\/\/www.europesays.com\/fr\/627947\/","title":{"rendered":"Guerre en Ukraine\u00a0: alors que les n\u00e9gociations continuent, Vladimir Poutine l\u2019assure, les troupes russes \u00ab\u00a0avancent avec assurance\u00a0\u00bb"},"content":{"rendered":"<p>\n                                                                Le pr\u00e9sident russe Vladimir Poutine a affirm\u00e9 lundi 29\u00a0d\u00e9cembre que ses troupes progressent \u00ab\u00a0avec assurance\u00a0\u00bb sur l\u2019ensemble du front ukrainien. Lors d\u2019une r\u00e9union t\u00e9l\u00e9vis\u00e9e, le chef du Kremlin a assur\u00e9 que les forces russes parviennent \u00e0 percer les lignes de d\u00e9fense adverses dans le Donbass ainsi que dans les r\u00e9gions de Zaporijjia et de Kherson.\n                            <\/p>\n<p><a href=\"https:\/\/www.midilibre.fr\/2025\/12\/29\/guerre-en-ukraine-donald-trump-annonce-des-progres-apres-une-negociation-tres-difficile-avec-volodymyr-zelensky-13135053.php\" target=\"_blank\" rel=\"noopener\">Le pr\u00e9sident russe Vladimir Poutine<\/a> a affirm\u00e9 lundi 29\u00a0d\u00e9cembre <a href=\"https:\/\/www.midilibre.fr\/2025\/12\/28\/guerre-en-ukraine-vous-savez-quelle-est-ma-date-butoir-mettre-fin-a-la-guerre-assure-donald-trump-qui-recoit-zelensky-en-floride-13134487.php\" target=\"_blank\" rel=\"noopener\">que les forces russes<\/a> \u00ab\u00a0avancent avec assurance\u00a0\u00bb <a href=\"https:\/\/www.midilibre.fr\/2025\/12\/29\/guerre-en-ukraine-emmanuel-macron-annonce-lorganisation-dune-reunion-entre-allies-de-kiev-en-debut-dannee-a-paris-13135097.php\" target=\"_blank\" rel=\"noopener\">tout le long de la ligne de front en Ukraine,<\/a> notamment dans les r\u00e9gions du Donbass, de Zaporijjia et de Kherson.<\/p>\n<p>Les troupes \u00ab\u00a0avancent avec assurance, en per\u00e7ant les d\u00e9fenses de l\u2019ennemi. Les unit\u00e9s des Forces arm\u00e9es ukrainiennes se replient partout, sur l\u2019ensemble de la ligne de contact\u00a0\u00bb, a-t-il affirm\u00e9 lors d\u2019une r\u00e9union sur la situation <a href=\"https:\/\/www.midilibre.fr\/2025\/12\/27\/guerre-en-ukraine-un-drone-fpv-la-touche-le-neonazi-denis-kapustin-et-commandant-du-corps-des-volontaires-russes-tue-a-zaporijjia-13133163.php\" target=\"_blank\" rel=\"noopener\">sur le front ukrainien retransmise \u00e0 la t\u00e9l\u00e9vision<\/a>, disant aussi que la prise de territoires dans le Donbass (est) et dans les r\u00e9gions m\u00e9ridionales de Zaporijjia et Kherson se d\u00e9roule \u00ab\u00a0conform\u00e9ment au plan\u00a0\u00bb.<\/p>\n<p>\u00ab\u00a0D\u2019un c\u00f4t\u00e9 il dit au pr\u00e9sident des \u00c9tats-Unis qu\u2019il veut mettre fin \u00e0 la guerre\u2026\u00a0\u00bb<\/p>\n<p>Le pr\u00e9sident ukrainien Volodymyr Zelensky a estim\u00e9 lundi que les actes du pr\u00e9sident russe Vladimir Poutine en Ukraine, o\u00f9 se poursuivent bombardements et destructions, ne correspondent pas aux propos \u00ab\u00a0pacifiques\u00a0\u00bb tenus aupr\u00e8s de son homologue am\u00e9ricain Donald Trump.<\/p>\n<p>\u00ab\u00a0D\u2019un c\u00f4t\u00e9 il (Poutine, ndlr) dit au pr\u00e9sident des \u00c9tats-Unis qu\u2019il veut mettre fin \u00e0 la guerre\u00a0\u00bb, a dit M. Zelensky lors d\u2019une conf\u00e9rence de presse en ligne. \u00ab\u00a0De l\u2019autre, il communique ouvertement dans les m\u00e9dias sur le fait qu\u2019il veut poursuivre la guerre \u2014 il nous frappe avec des missiles, en parle ouvertement, c\u00e9l\u00e8bre la destruction des infrastructures civiles, donne des instructions \u00e0 ses g\u00e9n\u00e9raux sur les lieux o\u00f9 avancer. \u00ab\u00a0Ces actions ne correspondent pas \u00e0 la rh\u00e9torique soi-disant pacifique qu\u2019il emploie dans ses entretiens avec le pr\u00e9sident des \u00c9tats-Unis\u00a0\u00bb, a-t-il conclu.<\/p>\n","protected":false},"excerpt":{"rendered":"Le pr\u00e9sident russe Vladimir Poutine a affirm\u00e9 lundi 29\u00a0d\u00e9cembre que ses troupes progressent \u00ab\u00a0avec assurance\u00a0\u00bb sur l\u2019ensemble du&hellip;\n","protected":false},"author":2,"featured_media":627948,"comment_status":"","ping_status":"","sticky":false,"template":"","format":"standard","meta":{"footnotes":""},"categories":[1590],"tags":[1111,11,1777,674,131,74,12,220],"class_list":{"0":"post-627947","1":"post","2":"type-post","3":"status-publish","4":"format-standard","5":"has-post-thumbnail","7":"category-ukraine","8":"tag-actu","9":"tag-actualites","10":"tag-eu","11":"tag-europe","12":"tag-guerre-en-ukraine","13":"tag-monde","14":"tag-news","15":"tag-ukraine"},"share_on_mastodon":{"url":"","error":""},"_links":{"self":[{"href":"https:\/\/www.europesays.com\/fr\/wp-json\/wp\/v2\/posts\/627947","targetHints":{"allow":["GET"]}}],"collection":[{"href":"https:\/\/www.europesays.com\/fr\/wp-json\/wp\/v2\/posts"}],"about":[{"href":"https:\/\/www.europesays.com\/fr\/wp-json\/wp\/v2\/types\/post"}],"author":[{"embeddable":true,"href":"https:\/\/www.europesays.com\/fr\/wp-json\/wp\/v2\/users\/2"}],"replies":[{"embeddable":true,"href":"https:\/\/www.europesays.com\/fr\/wp-json\/wp\/v2\/comments?post=627947"}],"version-history":[{"count":0,"href":"https:\/\/www.europesays.com\/fr\/wp-json\/wp\/v2\/posts\/627947\/revisions"}],"wp:featuredmedia":[{"embeddable":true,"href":"https:\/\/www.europesays.com\/fr\/wp-json\/wp\/v2\/media\/627948"}],"wp:attachment":[{"href":"https:\/\/www.europesays.com\/fr\/wp-json\/wp\/v2\/media?parent=627947"}],"wp:term":[{"taxonomy":"category","embeddable":true,"href":"https:\/\/www.europesays.com\/fr\/wp-json\/wp\/v2\/categories?post=627947"},{"taxonomy":"post_tag","embeddable":true,"href":"https:\/\/www.europesays.com\/fr\/wp-json\/wp\/v2\/tags?post=627947"}],"curies":[{"name":"wp","href":"https:\/\/api.w.org\/{rel}","templated":true}]}}