{"id":627951,"date":"2025-12-29T16:20:10","date_gmt":"2025-12-29T16:20:10","guid":{"rendered":"https:\/\/www.europesays.com\/fr\/627951\/"},"modified":"2025-12-29T16:20:10","modified_gmt":"2025-12-29T16:20:10","slug":"au-royaume-uni-des-pubs-ferment-leurs-portes-aux-elus-travaillistes","status":"publish","type":"post","link":"https:\/\/www.europesays.com\/fr\/627951\/","title":{"rendered":"au Royaume-Uni, des pubs ferment leurs portes aux \u00e9lus travaillistes"},"content":{"rendered":"\n<p>De retour dans leurs circonscriptions pour No\u00ebl, les d\u00e9put\u00e9s travaillistes \u201cont pu esp\u00e9rer trouver du r\u00e9confort autour de quelques pintes roboratives\u201d, <a href=\"https:\/\/www.theguardian.com\/news\/ng-interactive\/2025\/dec\/21\/pubs-bar-politicians-business-rates-backlash-rural-communities\" target=\"_blank\" rel=\"noopener\">s\u2019amuse <strong>The Guardian<\/strong><\/a><strong>.<\/strong> Peine perdue. Au terme d\u2019une ann\u00e9e \u00e9prouvante pour la majorit\u00e9, marqu\u00e9e par l\u2019empilement de d\u00e9cisions impopulaires et des r\u00e9trop\u00e9dalages en s\u00e9rie, les \u00e9lus du Labour se retrouvent \u201cinterdits\u201d de pub un peu partout au Royaume-Uni.<\/p>\n<p>\u201cPas de d\u00e9put\u00e9s travaillistes ici\u201d, proclament ainsi des affiches coll\u00e9es en nombre ces derni\u00e8res semaines sur la devanture des d\u00e9bits de boissons, en signe de protestation contre la politique du gouvernement de Keir Starmer. \u201cChahut\u00e9s par la pand\u00e9mie, la hausse du co\u00fbt de la vie et les changements d\u2019habitudes de socialisation, en particulier chez les jeunes, les g\u00e9rants de pubs esp\u00e9raient un r\u00e9pit avec <a href=\"https:\/\/www.courrierinternational.com\/article\/politique-au-royaume-uni-un-budget-travailliste-de-la-derniere-chance-rempli-de-hausses-d-impots_237824\" target=\"_blank\" rel=\"noopener\">la pr\u00e9sentation du budget par la ministre des Finances fin novembre<\/a>, d\u00e9veloppe le journal de gauche. Mais leurs espoirs ont \u00e9t\u00e9 douch\u00e9s.\u201d<\/p>\n<p> Probl\u00e8mes en cascade <\/p>\n<p>Si Rachel Reeves (d\u00e9sormais persona non grata au Marsh Inn, dans son fief du nord de l\u2019Angleterre) a bien d\u00e9bloqu\u00e9 une enveloppe de 4,3\u00a0milliards de livres sterling (4,9\u00a0milliards d\u2019euros) \u00e0 destination de l\u2019h\u00f4tellerie et de la restauration, l\u2019amertume persiste derri\u00e8re les comptoirs. En 2025, les faillites de ces piliers de l\u2019<\/p>\n","protected":false},"excerpt":{"rendered":"De retour dans leurs circonscriptions pour No\u00ebl, les d\u00e9put\u00e9s travaillistes \u201cont pu esp\u00e9rer trouver du r\u00e9confort autour de&hellip;\n","protected":false},"author":2,"featured_media":627952,"comment_status":"","ping_status":"","sticky":false,"template":"","format":"standard","meta":{"footnotes":""},"categories":[1588],"tags":[11,488,1777,674,2581,12,7487,316,473,1853,1851,1850,1852],"class_list":{"0":"post-627951","1":"post","2":"type-post","3":"status-publish","4":"format-standard","5":"has-post-thumbnail","7":"category-royaume-uni","8":"tag-actualites","9":"tag-consommation-dalcool","10":"tag-eu","11":"tag-europe","12":"tag-keir-starmer","13":"tag-news","14":"tag-parti-travailliste-royaume-uni","15":"tag-politique","16":"tag-royaume-uni","17":"tag-royaume-uni-de-grande-bretagne-et-dirlande-du-nord","18":"tag-uk","19":"tag-united-kingdom","20":"tag-united-kingdom-of-great-britain-and-northern-ireland"},"share_on_mastodon":{"url":"https:\/\/pubeurope.com\/@fr\/115803771639233300","error":""},"_links":{"self":[{"href":"https:\/\/www.europesays.com\/fr\/wp-json\/wp\/v2\/posts\/627951","targetHints":{"allow":["GET"]}}],"collection":[{"href":"https:\/\/www.europesays.com\/fr\/wp-json\/wp\/v2\/posts"}],"about":[{"href":"https:\/\/www.europesays.com\/fr\/wp-json\/wp\/v2\/types\/post"}],"author":[{"embeddable":true,"href":"https:\/\/www.europesays.com\/fr\/wp-json\/wp\/v2\/users\/2"}],"replies":[{"embeddable":true,"href":"https:\/\/www.europesays.com\/fr\/wp-json\/wp\/v2\/comments?post=627951"}],"version-history":[{"count":0,"href":"https:\/\/www.europesays.com\/fr\/wp-json\/wp\/v2\/posts\/627951\/revisions"}],"wp:featuredmedia":[{"embeddable":true,"href":"https:\/\/www.europesays.com\/fr\/wp-json\/wp\/v2\/media\/627952"}],"wp:attachment":[{"href":"https:\/\/www.europesays.com\/fr\/wp-json\/wp\/v2\/media?parent=627951"}],"wp:term":[{"taxonomy":"category","embeddable":true,"href":"https:\/\/www.europesays.com\/fr\/wp-json\/wp\/v2\/categories?post=627951"},{"taxonomy":"post_tag","embeddable":true,"href":"https:\/\/www.europesays.com\/fr\/wp-json\/wp\/v2\/tags?post=627951"}],"curies":[{"name":"wp","href":"https:\/\/api.w.org\/{rel}","templated":true}]}}