{"id":627967,"date":"2025-12-29T16:30:09","date_gmt":"2025-12-29T16:30:09","guid":{"rendered":"https:\/\/www.europesays.com\/fr\/627967\/"},"modified":"2025-12-29T16:30:09","modified_gmt":"2025-12-29T16:30:09","slug":"atp-open-daustralie-mark-philippoussis-sans-langue-de-bois-a-propos-de-nick-kyrgios-je-ne-sais-pas-ce-quil-veut-faire-de-sa-carriere-ni-sil-veut-la-prendre-au-serieux-lannee-derniere-et-il","status":"publish","type":"post","link":"https:\/\/www.europesays.com\/fr\/627967\/","title":{"rendered":"ATP, Open d&rsquo;Australie > Mark Philippoussis sans langue de bois \u00e0 propos de Nick Kyrgios : \u00ab\u00a0Je ne sais pas ce qu&rsquo;il veut faire de sa carri\u00e8re ni s&rsquo;il veut la prendre au s\u00e9rieux. L&rsquo;ann\u00e9e derni\u00e8re et il y a deux ans, il ne pouvait m\u00eame pas bouger\u00a0\u00bb"},"content":{"rendered":"<p>Alors que Nick Kyrgios n\u2019a toujours pas re\u00e7u d\u2019in\u00advi\u00adta\u00adtion pour l\u2019Open d\u2019Australie qui doit d\u00e9buter dans trois semaines (du 18 janvier au 1er f\u00e9vrier), certains de ses compa\u00adtriotes ont \u00e9t\u00e9 invit\u00e9s \u00e0 se prononcer sur son cas qui divise toujours autant.<\/p>\n<p>Interrog\u00e9 \u00e0 ce sujet par le Daily Mail, l\u2019an\u00adcien 8e mondial, Mark Philippoussis, n\u2019a pas h\u00e9sit\u00e9 \u00e0 dire le fond de sa pens\u00e9e.\u00a0<\/p>\n<p><strong>\u00ab\u202fS\u2019il peut jouer \u00e0 100\u202f% et qu\u2019il perd, ce n\u2019est pas grave, mais s\u2019il obtient une wild card et qu\u2019il n\u2019est pas en bonne forme physique, cela ne donne pas une bonne image du tournoi ni du joueur lui\u2010m\u00eame. Je ne sais pas ce qu\u2019il veut faire de sa carri\u00e8re ni s\u2019il veut la prendre au s\u00e9rieux. L\u2019ann\u00e9e derni\u00e8re et il y a deux ans, il ne pouvait m\u00eame pas bouger. Si vous avez un jeune Australien qui a envie de progresser et que vous lui donnez une chance\u2026 Je pense qu\u2019ils peuvent attendre jusqu\u2019au dernier moment et voir s\u2019il est en\u00a0forme.\u202f\u00bb<\/strong><\/p>\n<p class=\"post-published-date\" style=\"color: silver; font-size: 75%; text-align: left;\">Publi\u00e9 le lundi 29 d\u00e9cembre 2025 \u00e0 14:44<\/p>\n","protected":false},"excerpt":{"rendered":"Alors que Nick Kyrgios n\u2019a toujours pas re\u00e7u d\u2019in\u00advi\u00adta\u00adtion pour l\u2019Open d\u2019Australie qui doit d\u00e9buter dans trois semaines&hellip;\n","protected":false},"author":2,"featured_media":627968,"comment_status":"","ping_status":"","sticky":false,"template":"","format":"standard","meta":{"footnotes":""},"categories":[1415],"tags":[1011,27,4874,60,1467],"class_list":{"0":"post-627967","1":"post","2":"type-post","3":"status-publish","4":"format-standard","5":"has-post-thumbnail","7":"category-tennis","8":"tag-fr","9":"tag-france","10":"tag-kyrgios","11":"tag-sports","12":"tag-tennis"},"share_on_mastodon":{"url":"https:\/\/pubeurope.com\/@fr\/115803810892325218","error":""},"_links":{"self":[{"href":"https:\/\/www.europesays.com\/fr\/wp-json\/wp\/v2\/posts\/627967","targetHints":{"allow":["GET"]}}],"collection":[{"href":"https:\/\/www.europesays.com\/fr\/wp-json\/wp\/v2\/posts"}],"about":[{"href":"https:\/\/www.europesays.com\/fr\/wp-json\/wp\/v2\/types\/post"}],"author":[{"embeddable":true,"href":"https:\/\/www.europesays.com\/fr\/wp-json\/wp\/v2\/users\/2"}],"replies":[{"embeddable":true,"href":"https:\/\/www.europesays.com\/fr\/wp-json\/wp\/v2\/comments?post=627967"}],"version-history":[{"count":0,"href":"https:\/\/www.europesays.com\/fr\/wp-json\/wp\/v2\/posts\/627967\/revisions"}],"wp:featuredmedia":[{"embeddable":true,"href":"https:\/\/www.europesays.com\/fr\/wp-json\/wp\/v2\/media\/627968"}],"wp:attachment":[{"href":"https:\/\/www.europesays.com\/fr\/wp-json\/wp\/v2\/media?parent=627967"}],"wp:term":[{"taxonomy":"category","embeddable":true,"href":"https:\/\/www.europesays.com\/fr\/wp-json\/wp\/v2\/categories?post=627967"},{"taxonomy":"post_tag","embeddable":true,"href":"https:\/\/www.europesays.com\/fr\/wp-json\/wp\/v2\/tags?post=627967"}],"curies":[{"name":"wp","href":"https:\/\/api.w.org\/{rel}","templated":true}]}}