{"id":627973,"date":"2025-12-29T16:36:11","date_gmt":"2025-12-29T16:36:11","guid":{"rendered":"https:\/\/www.europesays.com\/fr\/627973\/"},"modified":"2025-12-29T16:36:11","modified_gmt":"2025-12-29T16:36:11","slug":"linedite-rencontre-dans-la-confusion-avec-pele-sur-un-terrain-de-football","status":"publish","type":"post","link":"https:\/\/www.europesays.com\/fr\/627973\/","title":{"rendered":"l\u2019in\u00e9dite rencontre dans la confusion avec Pel\u00e9 sur un terrain de football"},"content":{"rendered":"<p>\n    La star fran\u00e7aise avait crois\u00e9 la l\u00e9gende du ballon rond \u00e0 l\u2019occasion d\u2019un match caritatif \u00e0 Colombes en 1971.<\/p>\n<p class=\"fig-paragraph\"><a href=\"http:\/\/www.lefigaro.fr\/cinema\/mort-de-brigitte-bardot-ses-admirateurs-lui-rendent-hommage-devant-la-madrague-sa-villa-a-saint-tropez-20251228\" data-fig-type=\"NewsFlash\" data-gtm-custom-categorie=\"navigation\" data-gtm-custom-action=\"crossclick\" data-gtm-custom-label=\"Contextuel\" data-gtm-event=\"customEventSPE\" data-fig-domain=\"LEFIGARO\" target=\"_blank\" rel=\"noopener\">D\u00e9c\u00e9d\u00e9e dimanche \u00e0 l\u2019\u00e2ge de 91 ans<\/a>, Brigitte Bardot n\u2019a jamais \u00e9t\u00e9 une grande amatrice de sport m\u00eame si elle pratiqua la danse classique pendant de longues ann\u00e9es. Ic\u00f4ne du cin\u00e9ma, \u00abBB\u00bb a pourtant crois\u00e9 la route du plus grand footballeur de l\u2019histoire, Pel\u00e9, \u00e0 l\u2019occasion d\u2019un match amical.<\/p>\n<p class=\"fig-paragraph\">Le Br\u00e9silien \u00e9tait venu en France en 1971 avec le club de Santos pour disputer une exhibition au stade de Colombes contre une \u00e9quipe form\u00e9e de joueurs de Saint-\u00c9tienne et de l\u2019Olympique de Marseille. Un match de bienfaisance destin\u00e9 \u00e0 recueillir des fonds pour la lutte contre le cancer.<\/p>\n<p>                                            <a class=\"fig-a11y-skip\" href=\"#fig-a11y-skip-main-inarticle\" data-module=\"a11y-skip\" data-context=\"was @visible\"><br \/>\n    Passer la publicit\u00e9<br \/>\n<\/a>            <\/p>\n<p>                                            La bise entre deux g\u00e9ants au milieu de terrain<\/p>\n<p class=\"fig-paragraph\"><a href=\"http:\/\/www.lefigaro.fr\/vox\/culture\/fabrice-gaignault-la-presence-de-brigitte-bardot-suffisait-a-aneantir-toute-trace-de-vie-terrestre-autour-d-elle-20251229\" data-fig-type=\"Article\" data-gtm-custom-categorie=\"navigation\" data-gtm-custom-action=\"crossclick\" data-gtm-custom-label=\"Contextuel\" data-gtm-event=\"customEventSPE\" data-fig-domain=\"LEFIGARO\" target=\"_blank\" rel=\"noopener\">Brigitte Bardot<\/a>\u00a0\u00e9tait venue apporter son soutien en donnant le coup d\u2019envoi fictif de la rencontre, avouant, au passage \u00abadorer le football \u00e0 la t\u00e9l\u00e9vision\u00bb. Une apparition qui avait fait sensation aupr\u00e8s du public fran\u00e7ais.<\/p>\n<p class=\"fig-paragraph\">L\u2019actrice, qui avait qualifi\u00e9\u00a0<a href=\"http:\/\/www.lefigaro.fr\/sports\/football\/le-bresil-a-rendu-hommage-a-pele-pour-le-premier-anniversaire-de-sa-mort-20231229\" data-fig-type=\"NewsFlash\" data-gtm-custom-categorie=\"navigation\" data-gtm-custom-action=\"crossclick\" data-gtm-custom-label=\"Contextuel\" data-gtm-event=\"customEventSPE\" data-fig-domain=\"LEFIGARO\" target=\"_blank\" rel=\"noopener\">Pel\u00e9\u00a0<\/a>\u00abd\u2019extraordinaire\u00bb \u00e9tait all\u00e9e embrasser le n\u00b010 au milieu du terrain au milieu d\u2019une nu\u00e9e de photographes se bousculant pour immortaliser les deux stars. La rencontre avait \u00e9t\u00e9 tr\u00e8s br\u00e8ve en raison de la confusion r\u00e9gnant sur la pelouse. Pel\u00e9 avait m\u00eame montr\u00e9 un certain agacement devant le manque d\u2019organisation de cette r\u00e9union.<\/p>\n<p>                                            \u00abC\u2019est moi qui l\u2019ai embrass\u00e9\u00a0!\u00bb<\/p>\n<p class=\"fig-paragraph\">Robert Herbin, alors joueur de l\u2019AS Saint-\u00c9tienne, avait profit\u00e9 du joyeux bazar pour aller embrasser \u00e0 son tour l\u2019actrice. \u00abJamais je n\u2019aurais imagin\u00e9 \u00e7a\u00bb, avait l\u00e2ch\u00e9 le milieu de terrain, repris aussit\u00f4t par la com\u00e9dienne\u00a0: \u00abC\u2019est moi qui l\u2019ai embrass\u00e9\u00a0!\u00bb.<\/p>\n","protected":false},"excerpt":{"rendered":"La star fran\u00e7aise avait crois\u00e9 la l\u00e9gende du ballon rond \u00e0 l\u2019occasion d\u2019un match caritatif \u00e0 Colombes en&hellip;\n","protected":false},"author":2,"featured_media":627974,"comment_status":"","ping_status":"","sticky":false,"template":"","format":"standard","meta":{"footnotes":""},"categories":[1359],"tags":[20224,58,59,1011,27,4977,73744,973],"class_list":{"0":"post-627973","1":"post","2":"type-post","3":"status-publish","4":"format-standard","5":"has-post-thumbnail","7":"category-people","8":"tag-brigitte-bardot","9":"tag-divertissement","10":"tag-entertainment","11":"tag-fr","12":"tag-france","13":"tag-le-scan-sport","14":"tag-pele","15":"tag-people"},"share_on_mastodon":{"url":"https:\/\/pubeurope.com\/@fr\/115803834563659055","error":""},"_links":{"self":[{"href":"https:\/\/www.europesays.com\/fr\/wp-json\/wp\/v2\/posts\/627973","targetHints":{"allow":["GET"]}}],"collection":[{"href":"https:\/\/www.europesays.com\/fr\/wp-json\/wp\/v2\/posts"}],"about":[{"href":"https:\/\/www.europesays.com\/fr\/wp-json\/wp\/v2\/types\/post"}],"author":[{"embeddable":true,"href":"https:\/\/www.europesays.com\/fr\/wp-json\/wp\/v2\/users\/2"}],"replies":[{"embeddable":true,"href":"https:\/\/www.europesays.com\/fr\/wp-json\/wp\/v2\/comments?post=627973"}],"version-history":[{"count":0,"href":"https:\/\/www.europesays.com\/fr\/wp-json\/wp\/v2\/posts\/627973\/revisions"}],"wp:featuredmedia":[{"embeddable":true,"href":"https:\/\/www.europesays.com\/fr\/wp-json\/wp\/v2\/media\/627974"}],"wp:attachment":[{"href":"https:\/\/www.europesays.com\/fr\/wp-json\/wp\/v2\/media?parent=627973"}],"wp:term":[{"taxonomy":"category","embeddable":true,"href":"https:\/\/www.europesays.com\/fr\/wp-json\/wp\/v2\/categories?post=627973"},{"taxonomy":"post_tag","embeddable":true,"href":"https:\/\/www.europesays.com\/fr\/wp-json\/wp\/v2\/tags?post=627973"}],"curies":[{"name":"wp","href":"https:\/\/api.w.org\/{rel}","templated":true}]}}