{"id":627975,"date":"2025-12-29T16:37:31","date_gmt":"2025-12-29T16:37:31","guid":{"rendered":"https:\/\/www.europesays.com\/fr\/627975\/"},"modified":"2025-12-29T16:37:31","modified_gmt":"2025-12-29T16:37:31","slug":"des-oeuvres-de-pablo-picasso-exposees-a-la-galerie-parallax-daix-en-provence","status":"publish","type":"post","link":"https:\/\/www.europesays.com\/fr\/627975\/","title":{"rendered":"Des \u0153uvres de Pablo Picasso expos\u00e9es \u00e0 la Galerie Parallax d&rsquo;Aix-en-Provence"},"content":{"rendered":"<p>La galerie Parallax \u00e0 Aix pr\u00e9sente jusqu\u2019au 3 janvier 2026 une s\u00e9rie de gravures transgressives de Pablo Picasso. \u00ab\u00a0Nous ne pouvions pas et ne voulions pas exposer ses \u0153uvres \u00e0 caract\u00e8re \u00e9rotique \u00e0 <a href=\"https:\/\/departement13.fr\/agenda\/exposition-picasso-les-156-les-dernieres-gravures\" target=\"_blank\" rel=\"noopener\">l\u2019espace culturel d\u00e9partemental<\/a><a href=\"https:\/\/departement13.fr\/agenda\/exposition-picasso-les-156-les-dernieres-gravures\" target=\"_blank\" rel=\"noopener\"> &#8211; 21 bis du cours Mirabeau, o\u00f9 une autre exposition d\u00e9di\u00e9e \u00e0 Picasso est en cours, jusqu\u2019au 4 janvier &#8211;<\/a> \u00e9tant donn\u00e9 que nous recevons \u00e9galement un jeune public\u00a0\u00bb, explique Clarisse Astier, responsable de l\u2019espace.<\/p>\n<p>Elle a donc d\u00e9cid\u00e9, avec la complicit\u00e9 de la galerie Baudoin Lebon, de confier la suite de l\u2019exposition \u00e0 la galeriste, photographe et sp\u00e9cialiste de la photographie <a href=\"https:\/\/www.laprovence.com\/article\/culture-loisirs\/6936972319407214\/la-photographe-aixoise-florence-verrier-presente-une-exposition-sur-son-passe-familial-au-chateau-de-la-duranne\" target=\"_blank\" rel=\"noopener\">Florence Verrier<\/a>. \u00ab\u00a0On laisse la face cach\u00e9e de la Lune \u00e0 cette professionnelle du visuel\u00a0\u00bb, lance Clarisse Astier, un brin enjou\u00e9e. Il faut dire que le lieu intimiste s\u2019y pr\u00eate d\u2019autant plus que lors du vernissage, Florence Verrier avait pouss\u00e9 le vice jusqu\u2019\u00e0 installer une lanterne rouge \u00e0 l\u2019ext\u00e9rieur.<\/p>\n<p>\u00ab\u00a0Les visiteurs viennent au Lupanar pour admirer entre autres les &lsquo;dessins&rsquo;\u00a0de nus ou des sc\u00e8nes de &lsquo;bordel&rsquo;\u00a0mais pas que\u00a0!\u00a0\u00bb, dit-elle en plaisantant. L\u2019exemple de L\u2019Eau-forte repr\u00e9sentant Degas au milieu des prostitu\u00e9es l\u2019atteste. On trouvera aussi des allusions \u00e0 ses th\u00e8mes de pr\u00e9dilecti&#8230;<\/p>\n","protected":false},"excerpt":{"rendered":"La galerie Parallax \u00e0 Aix pr\u00e9sente jusqu\u2019au 3 janvier 2026 une s\u00e9rie de gravures transgressives de Pablo Picasso.&hellip;\n","protected":false},"author":2,"featured_media":627976,"comment_status":"","ping_status":"","sticky":false,"template":"","format":"standard","meta":{"footnotes":""},"categories":[1358],"tags":[17,1348,1384,1385,251,154,1386,58,59,15424,1011,27,10486,13813,45046,73745,33952],"class_list":{"0":"post-627975","1":"post","2":"type-post","3":"status-publish","4":"format-standard","5":"has-post-thumbnail","7":"category-arts-et-design","8":"tag-17","9":"tag-arts","10":"tag-arts-and-design","11":"tag-arts-et-design","12":"tag-culture","13":"tag-des","14":"tag-design","15":"tag-divertissement","16":"tag-entertainment","17":"tag-exposees","18":"tag-fr","19":"tag-france","20":"tag-galerie","21":"tag-oeuvres","22":"tag-pablo","23":"tag-parallax","24":"tag-picasso"},"share_on_mastodon":{"url":"https:\/\/pubeurope.com\/@fr\/115803838398660971","error":""},"_links":{"self":[{"href":"https:\/\/www.europesays.com\/fr\/wp-json\/wp\/v2\/posts\/627975","targetHints":{"allow":["GET"]}}],"collection":[{"href":"https:\/\/www.europesays.com\/fr\/wp-json\/wp\/v2\/posts"}],"about":[{"href":"https:\/\/www.europesays.com\/fr\/wp-json\/wp\/v2\/types\/post"}],"author":[{"embeddable":true,"href":"https:\/\/www.europesays.com\/fr\/wp-json\/wp\/v2\/users\/2"}],"replies":[{"embeddable":true,"href":"https:\/\/www.europesays.com\/fr\/wp-json\/wp\/v2\/comments?post=627975"}],"version-history":[{"count":0,"href":"https:\/\/www.europesays.com\/fr\/wp-json\/wp\/v2\/posts\/627975\/revisions"}],"wp:featuredmedia":[{"embeddable":true,"href":"https:\/\/www.europesays.com\/fr\/wp-json\/wp\/v2\/media\/627976"}],"wp:attachment":[{"href":"https:\/\/www.europesays.com\/fr\/wp-json\/wp\/v2\/media?parent=627975"}],"wp:term":[{"taxonomy":"category","embeddable":true,"href":"https:\/\/www.europesays.com\/fr\/wp-json\/wp\/v2\/categories?post=627975"},{"taxonomy":"post_tag","embeddable":true,"href":"https:\/\/www.europesays.com\/fr\/wp-json\/wp\/v2\/tags?post=627975"}],"curies":[{"name":"wp","href":"https:\/\/api.w.org\/{rel}","templated":true}]}}