{"id":627977,"date":"2025-12-29T16:39:10","date_gmt":"2025-12-29T16:39:10","guid":{"rendered":"https:\/\/www.europesays.com\/fr\/627977\/"},"modified":"2025-12-29T16:39:10","modified_gmt":"2025-12-29T16:39:10","slug":"le-premier-trailer-est-la-et-cest-deja-nimporte-quoi","status":"publish","type":"post","link":"https:\/\/www.europesays.com\/fr\/627977\/","title":{"rendered":"le premier trailer est l\u00e0, et c&rsquo;est d\u00e9j\u00e0 n&rsquo;importe quoi"},"content":{"rendered":"<p>La famille la plus ing\u00e9rable des ann\u00e9es 2000 s\u2019appr\u00eate \u00e0 faire son retour sur nos \u00e9crans. Annonc\u00e9 depuis des mois, <a href=\"https:\/\/www.journaldugeek.com\/2024\/12\/13\/surprise-disney-va-faire-revenir-malcom\/\" target=\"_blank\" rel=\"noopener\">le revival de Malcolm in the Middle<\/a> baptis\u00e9 Life\u2019s Still Unfair (comprenez La vie est toujours injuste) vient de d\u00e9voiler son tout premier trailer officiel. Diffus\u00e9 par Disney+ et Hulu, ce court extrait remet les compteurs \u00e0 z\u00e9ro, et vient nous promettre du tr\u00e8s (tr\u00e8s) grand n\u2019importe quoi pour 2026.<\/p>\n<p>    <a href=\"https:\/\/www.youtube.com\/user\/JournalduGeek?sub_confirmation=1\" target=\"_blank\" rel=\"nofollow noopener\"><br \/>\n        S&rsquo;abonner \u00e0 Journal du Geek<br \/>\n    <\/a> <\/p>\n<p>20 ans apr\u00e8s la fin de la s\u00e9rie originale, la suite de la s\u00e9rie, pr\u00e9vue en quatre \u00e9pisodes qui seront diffus\u00e9s en 2026, nous promet d\u00e9j\u00e0 de revenir \u00e0 ses fondamentaux. On avait d\u00e9j\u00e0 pu apercevoir un<strong> court teaser reprenant la sc\u00e8ne d\u2019ouverture<\/strong> de la s\u00e9rie originale, il est temps de faire place nette, avec de nouvelles intrigues in\u00e9dites.<\/p>\n<p>En plus du casting original r\u00e9uni au quasi-complet (<a href=\"https:\/\/www.journaldugeek.com\/2025\/06\/14\/malcolm-bryan-cranston-hal-nous-explique-pourquoi-dewey-ne-sera-pas-de-retour\/\" target=\"_blank\" rel=\"noopener\">seul l\u2019interpr\u00e8te de Dewey Erik Per Sullivan a d\u00e9clin\u00e9 le projet<\/a>), l\u2019humour grin\u00e7ant risque d\u2019en faire pouffer plus d\u2019un. Le revival, produit par Disney Branded Television et 20th Television, ram\u00e8ne Frankie Muniz en Malcolm, devenu adulte et p\u00e8re ultra-protecteur dans le tourbillon familial, pour les 40 ans de mariage de ses parents. Bryan Cranston (Hal) et Jane Kaczmarek (Lois).<\/p>\n<blockquote class=\"instagram-media\" style=\"background: #FFF; border: 0; border-radius: 3px; box-shadow: 0 0 1px 0 rgba(0,0,0,0.5),0 1px 10px 0 rgba(0,0,0,0.15); margin: 1px; max-width: 540px; min-width: 326px; padding: 0; width: calc(100% - 2px);\" data-instgrm-captioned=\"\" data-instgrm-permalink=\"https:\/\/www.instagram.com\/reel\/DR46-w6ibGC\/?utm_source=ig_embed&amp;utm_campaign=loading\" data-instgrm-version=\"14\"><\/blockquote>\n<p>Quelques nouvelles t\u00eates sont au programme\u00a0: tandis que le r\u00f4le de Dewey adulte est repris par Caleb Ellsworth-Clark, le casting 2025 pourra aussi compter sur Keeley Karsten, Vaughan Murrae et Kiana Madeira.<\/p>\n<p>.<\/p>\n<blockquote style=\"border:1px solid #971048;border-radius:8px;\">\n<p class=\"text-base text-neutral-700 dark:text-neutral-300\" style=\"color:grey;\">\ud83d\udfe3 Pour ne manquer aucune news sur le Journal du Geek, <a href=\"https:\/\/profile.google.com\/cp\/CgwvZy8xejJ2N182c2MaHmh0dHBzOi8vd3d3LmpvdXJuYWxkdWdlZWsuY29tLw==?pf=6\" target=\"_blank\" rel=\"noopener\">suivez-nous sur Google<\/a> et sur notre canal <a href=\"https:\/\/whatsapp.com\/channel\/0029VaClM5y4tRry12tb7D2h\" target=\"_blank\" rel=\"noopener\">WhatsApp<\/a>. Et si vous nous adorez, on a <a href=\"https:\/\/www.journaldugeek.com\/newsletter\/\" target=\"_blank\" rel=\"noopener\">une newsletter tous les matins<\/a>.<\/p>\n<\/blockquote>\n<p>                  <script async src=\"\/\/www.instagram.com\/embed.js\"><\/script><\/p>\n","protected":false},"excerpt":{"rendered":"La famille la plus ing\u00e9rable des ann\u00e9es 2000 s\u2019appr\u00eate \u00e0 faire son retour sur nos \u00e9crans. Annonc\u00e9 depuis&hellip;\n","protected":false},"author":2,"featured_media":627978,"comment_status":"","ping_status":"","sticky":false,"template":"","format":"standard","meta":{"footnotes":""},"categories":[1356],"tags":[520,58,59,1011,27,30828,521,252,1364],"class_list":{"0":"post-627977","1":"post","2":"type-post","3":"status-publish","4":"format-standard","5":"has-post-thumbnail","7":"category-television","8":"tag-disney","9":"tag-divertissement","10":"tag-entertainment","11":"tag-fr","12":"tag-france","13":"tag-malcolm","14":"tag-serie","15":"tag-television","16":"tag-tv"},"share_on_mastodon":{"url":"https:\/\/pubeurope.com\/@fr\/115803846352421966","error":""},"_links":{"self":[{"href":"https:\/\/www.europesays.com\/fr\/wp-json\/wp\/v2\/posts\/627977","targetHints":{"allow":["GET"]}}],"collection":[{"href":"https:\/\/www.europesays.com\/fr\/wp-json\/wp\/v2\/posts"}],"about":[{"href":"https:\/\/www.europesays.com\/fr\/wp-json\/wp\/v2\/types\/post"}],"author":[{"embeddable":true,"href":"https:\/\/www.europesays.com\/fr\/wp-json\/wp\/v2\/users\/2"}],"replies":[{"embeddable":true,"href":"https:\/\/www.europesays.com\/fr\/wp-json\/wp\/v2\/comments?post=627977"}],"version-history":[{"count":0,"href":"https:\/\/www.europesays.com\/fr\/wp-json\/wp\/v2\/posts\/627977\/revisions"}],"wp:featuredmedia":[{"embeddable":true,"href":"https:\/\/www.europesays.com\/fr\/wp-json\/wp\/v2\/media\/627978"}],"wp:attachment":[{"href":"https:\/\/www.europesays.com\/fr\/wp-json\/wp\/v2\/media?parent=627977"}],"wp:term":[{"taxonomy":"category","embeddable":true,"href":"https:\/\/www.europesays.com\/fr\/wp-json\/wp\/v2\/categories?post=627977"},{"taxonomy":"post_tag","embeddable":true,"href":"https:\/\/www.europesays.com\/fr\/wp-json\/wp\/v2\/tags?post=627977"}],"curies":[{"name":"wp","href":"https:\/\/api.w.org\/{rel}","templated":true}]}}