{"id":627983,"date":"2025-12-29T16:42:17","date_gmt":"2025-12-29T16:42:17","guid":{"rendered":"https:\/\/www.europesays.com\/fr\/627983\/"},"modified":"2025-12-29T16:42:17","modified_gmt":"2025-12-29T16:42:17","slug":"lalcool-rechauffe-la-fraicheur-fait-tomber-malade-il-faut-plus-de-calories-on-demele-le-vrai-du-faux-sur-le-froid-le-parisien","status":"publish","type":"post","link":"https:\/\/www.europesays.com\/fr\/627983\/","title":{"rendered":"L\u2019alcool r\u00e9chauffe, la fra\u00eecheur fait tomber malade, il faut plus de calories\u2026 On d\u00e9m\u00eale le vrai du faux sur le froid &#8211; Le Parisien"},"content":{"rendered":"<ol>\n<li><a href=\"https:\/\/news.google.com\/rss\/articles\/CBMioAJBVV95cUxPYUlUTGZLZm9RS2t2NFVtM01tMjNISXhhenVEdkZFcVhzSTBDV25SV1h2S3c0Z2FwYXhzVVpLWUlKTVFleFRfcDZLelBOYmE2eTNaTklaY0hDYkxKbW9PbFJNU2dzN1NYb0ZyRl9uQTIwbGRUTmRzNnY5M2VvTnFZdEtqdmhrb1kxMV9vRVIzOHkzY2pUZUNrUGlXSnVrODktcjBjQTI5VHJGdC0ycnM5QTlROC1oZXB2ajNIRjFyOTZVUXNsZnFhZ3Rfa1ltakw3NDNBTEN1cU01N3g5UlBUNU1YWkVvZGR4dUZkUzEwTi1SWTJVSEpzNU5fWnlrb2dUZWNLYnBvOFBRbW9LeXlzZVhadmFLal9RaEgydEhlWmg?oc=5\" target=\"_blank\" rel=\"noopener\">L\u2019alcool r\u00e9chauffe, la fra\u00eecheur fait tomber malade, il faut plus de calories\u2026 On d\u00e9m\u00eale le vrai du faux sur le froid<\/a>&nbsp;&nbsp;Le Parisien<\/li>\n<li><a href=\"https:\/\/news.google.com\/rss\/articles\/CBMisAFBVV95cUxPd2hobnhjS2laUU1XZHBWWC1rTjI1QUNlRldzcF9zbGhGcmNheGVLSEZHZWNlYmNYbTltbm82THpYMmlGNk85aG9QZGtpUjVtQW5ObWVxRkFGUzJYaElsMDZVQk5RSEYyR29yeDRieFhtaXotSnNIRUNGNXlvUXRNdUxxeGdVQy1EZUduQVRacElqMTU1NFRxWU1PZ2ZMNjV4ODNESWs5SGUwSWRxUF9xdA?oc=5\" target=\"_blank\" rel=\"noopener\">\u00abLe coup de froid n\u2019existe pas\u00bb : pourquoi tombe-t-on r\u00e9ellement malade en hiver ?<\/a>&nbsp;&nbsp;europe1.fr<\/li>\n<li><a href=\"https:\/\/news.google.com\/rss\/articles\/CBMi_gFBVV95cUxQdDh4VERhcndudjJ0STJkUXZvVWt2R3FLelQydl9Nd3ptQWVuTU1UR25BelBMeUNMcjZRMWtuTGRDaTNXbGFtZThkYWw0d01qMTBCM0w4SDBGV3dFc2g1ZS1mNDl0RlhKMDU3Zy1oTXRaVG9WM1hfdnNHQWxsNzBHUnFiRDAtY0Q3UUdqTF82NXp0cDdoeGJYQnBLcElEa1Y3TFhiVmhNdXdBOXc1d0Fpc3BVZVNDS01VWm11eDRONFRsd1B2OWxwckdpVnp4MmtVenV6Y2dEMXllNVVhVGdiMElHTlQ5MzllY3YzSVUtZ1BjNGgxUFAwbUpfempsQQ?oc=5\" target=\"_blank\" rel=\"noopener\">METEO. Vigilance \u00ab\u00a0grand froid\u00a0\u00bb : \u00e0 quel moment pr\u00e9cis\u00e9ment est-elle activ\u00e9e et quels sont les risques pour la sant\u00e9<\/a>&nbsp;&nbsp;Centre Presse Aveyron<\/li>\n<li><a href=\"https:\/\/news.google.com\/rss\/articles\/CBMipgFBVV95cUxPZjlxRzhHWENsaW5OaEZKMnVuU0hPOWo3UTYybXB2bmVMU1I2SzNlYlBJbVpONmRrRjNwZUloQy1YRjQ2X0VJT1c1RTNhUEtUcnp6TXRCYk96cXdkWkJoT3VCTnFSTGxmd3dPdHVORGN3eFJNWWJQOF85Y0pQbVBMM3pwZTI5eXBvTTZmbnBqTmp1alBlYlhlU1AwbUxvRGNDbFNHOHF3?oc=5\" target=\"_blank\" rel=\"noopener\">Grand froid: quels sont les risques pour la sant\u00e9 ?<\/a>&nbsp;&nbsp;BFM<\/li>\n<li><a href=\"https:\/\/news.google.com\/rss\/articles\/CBMixgFBVV95cUxPdnBlUktWX2J1RXg4aGVhLTNNczBYcjBobVp4Mmp5OW8wOEVrcTV2QXR2N2E0RnFJWVFmeFl6bmVYOTVfNndtckdRRGlkOXlqaUVraWNNdnZhcjllUzQtWEhvZE5YcTJmaEROam1KSlpuOWNXREVwTDUzSUYzVUxicm9WcE5JbmVURFJDam9OR2ZqWDROWFhHV1RKd2dFMzBjbWY1LVJRYXBoMVVCZ20wTHBBdWFyR1dKU2lBeDN3Z2k3Z1cxN2c?oc=5\" target=\"_blank\" rel=\"noopener\">Vague de froid : ces gestes simples qui peuvent sauver la vie des personnes \u00e2g\u00e9es fragiles<\/a>&nbsp;&nbsp;SeniorActu<\/li>\n<\/ol>\n","protected":false},"excerpt":{"rendered":"L\u2019alcool r\u00e9chauffe, la fra\u00eecheur fait tomber malade, il faut plus de calories\u2026 On d\u00e9m\u00eale le vrai du faux&hellip;\n","protected":false},"author":2,"featured_media":627984,"comment_status":"","ping_status":"","sticky":false,"template":"","format":"standard","meta":{"footnotes":""},"categories":[10],"tags":[1011,27,3746,72,71,104],"class_list":{"0":"post-627983","1":"post","2":"type-post","3":"status-publish","4":"format-standard","5":"has-post-thumbnail","7":"category-sante","8":"tag-fr","9":"tag-france","10":"tag-futurs","11":"tag-health","12":"tag-sante","13":"tag-societe"},"share_on_mastodon":{"url":"https:\/\/pubeurope.com\/@fr\/115803858098489801","error":""},"_links":{"self":[{"href":"https:\/\/www.europesays.com\/fr\/wp-json\/wp\/v2\/posts\/627983","targetHints":{"allow":["GET"]}}],"collection":[{"href":"https:\/\/www.europesays.com\/fr\/wp-json\/wp\/v2\/posts"}],"about":[{"href":"https:\/\/www.europesays.com\/fr\/wp-json\/wp\/v2\/types\/post"}],"author":[{"embeddable":true,"href":"https:\/\/www.europesays.com\/fr\/wp-json\/wp\/v2\/users\/2"}],"replies":[{"embeddable":true,"href":"https:\/\/www.europesays.com\/fr\/wp-json\/wp\/v2\/comments?post=627983"}],"version-history":[{"count":0,"href":"https:\/\/www.europesays.com\/fr\/wp-json\/wp\/v2\/posts\/627983\/revisions"}],"wp:featuredmedia":[{"embeddable":true,"href":"https:\/\/www.europesays.com\/fr\/wp-json\/wp\/v2\/media\/627984"}],"wp:attachment":[{"href":"https:\/\/www.europesays.com\/fr\/wp-json\/wp\/v2\/media?parent=627983"}],"wp:term":[{"taxonomy":"category","embeddable":true,"href":"https:\/\/www.europesays.com\/fr\/wp-json\/wp\/v2\/categories?post=627983"},{"taxonomy":"post_tag","embeddable":true,"href":"https:\/\/www.europesays.com\/fr\/wp-json\/wp\/v2\/tags?post=627983"}],"curies":[{"name":"wp","href":"https:\/\/api.w.org\/{rel}","templated":true}]}}