{"id":627987,"date":"2025-12-29T16:44:11","date_gmt":"2025-12-29T16:44:11","guid":{"rendered":"https:\/\/www.europesays.com\/fr\/627987\/"},"modified":"2025-12-29T16:44:11","modified_gmt":"2025-12-29T16:44:11","slug":"la-chanteuse-fanny-biascamano-qui-avait-represente-la-france-est-decedee-a-46-ans","status":"publish","type":"post","link":"https:\/\/www.europesays.com\/fr\/627987\/","title":{"rendered":"La chanteuse Fanny Biascamano, qui avait repr\u00e9sent\u00e9 la France, est d\u00e9c\u00e9d\u00e9e \u00e0 46 ans"},"content":{"rendered":"<p>Fanny Biascamano s\u2019\u00e9tait fait conna\u00eetre \u00e0 l\u2019\u00e2ge de 12 ans, lorsqu\u2019elle foule du pied le plateau de \u00ab\u00a0Sacr\u00e9e Soir\u00e9e\u00a0\u00bb de <a href=\"https:\/\/www.20minutes.fr\/arts-stars\/people\/4189190-20251202-regle-immuable-jean-pierre-foucault-impose-candidates-miss-france\" class=\"c-link c-link--is-underlined\" target=\"_blank\" rel=\"noopener\">Jean-Pierre Foucault<\/a> en\u00a01991. Elle y chante une reprise rock de \u00ab\u00a0L\u2019homme \u00e0 la moto\u00a0\u00bb d\u2019<a href=\"https:\/\/www.20minutes.fr\/high-tech\/4062456-20231115-voix-edith-piaf-recreee-ia-va-resonner-nouveau-biopic-chanteuse\" class=\"c-link c-link--is-underlined\" target=\"_blank\" rel=\"noopener\">\u00c9dith Piaf<\/a>, et fait un carton.<\/p>\n<p>Le single est vendu \u00e0 plus de 3\u00a0millions d\u2019exemplaires en un temps record. Avant m\u00eame de repr\u00e9senter la France \u00e0 l\u2019<a href=\"https:\/\/www.20minutes.fr\/arts-stars\/television\/4191648-20251215-eurovision-2026-trente-cinq-pays-participeront-prochaine-edition-concours-chant\" class=\"c-link c-link--is-underlined\" target=\"_blank\" rel=\"noopener\">Eurovision<\/a>, la jeune femme devient disque d\u2019or. Sa famille a annonc\u00e9 sa mort \u00e0 la suite d\u2019une longue maladie dans un communiqu\u00e9. Elle \u00e9tait \u00e2g\u00e9e de 46 ans d\u2019apr\u00e8s les informations de <a href=\"https:\/\/www.ladepeche.fr\/2025\/12\/29\/elle-avait-chante-lhomme-a-la-moto-dedith-piaf-dans-les-annees-90-fanny-est-morte-a-lage-de-46-ans-des-suites-dune-longue-maladie-13135331.php\" rel=\"nofollow noopener\" target=\"_blank\" class=\"c-link c-link--is-underlined\">La D\u00e9p\u00eache<\/a>.<\/p>\n<p>De l\u2019Eurovision \u00e0 l\u2019\u00e9criture<\/p>\n<p>C\u2019est en\u00a01997 que la jeune femme est s\u00e9lectionn\u00e9e par <a href=\"https:\/\/www.20minutes.fr\/politique\/4191739-20251216-cirage-pompes-moque-bachelot-television-bardella-trouve-bien-inelegante\" class=\"c-link c-link--is-underlined\" target=\"_blank\" rel=\"noopener\">France 2<\/a> repr\u00e9sentante de la France dans la comp\u00e9tition de chant la plus prestigieuse d\u2019<a href=\"https:\/\/www.20minutes.fr\/monde\/ukraine\/4189958-20251205-guerre-ukraine-europe-selon-trump-menaces-russes-mysterieux-drones-dessus-france\" class=\"c-link c-link--is-underlined\" target=\"_blank\" rel=\"noopener\">Europe<\/a>. Son single \u00ab\u00a0Sentiments songes\u00a0\u00bb, compos\u00e9 par Jean-Paul Dr\u00e9aud lui permet d\u2019atteindre la septi\u00e8me place du classement de l\u2019Eurovision.<\/p>\n<p>En tout elle publie quatre albums au succ\u00e8s plut\u00f4t confidentiel. Deux d\u2019entre eux, \u00ab\u00a0Fanny chante Piaf\u00a0\u00bb et \u00ab\u00a0Fanny chante Brassens\u00a0\u00bb sont consacr\u00e9s \u00e0 des reprises de classiques de la chanson fran\u00e7aise.<\/p>\n<p>Fanny s\u2019est ensuite consacr\u00e9e \u00e0 l\u2019\u00e9criture, avec un premier livre relatant son exp\u00e9rience en tant qu&rsquo;\u00ab\u00a0enfant star\u00a0\u00bb\u00a0: \u00ab\u00a0Enfant star\u00a0: plus dure sera la chute\u00a0\u00bb aux Editions du Rocher. Ses deux autres projets seront des livres de cuisine\u00a0: \u00ab\u00a0La Cuisine du sud de A \u00e0 Z\u00a0\u00bb tome\u00a0I et\u00a0II.<\/p>\n<p>Un hommage doit \u00eatre rendu \u00e0 la s\u00e9toise dans sa ville natale ce samedi 3\u00a0janvier \u00e0 9h30 \u00e0 l\u2019\u00e9glise Saint-Joseph d\u2019apr\u00e8s nos confr\u00e8res de <a href=\"https:\/\/www.midilibre.fr\/2025\/12\/29\/rendue-celebre-pour-son-interpretation-de-lhomme-a-la-moto-de-piaf-la-chanteuse-setoise-fanny-est-decedee-13135098.php\" rel=\"nofollow noopener\" target=\"_blank\" class=\"c-link c-link--is-underlined\">Midi Libre<\/a>.<\/p>\n","protected":false},"excerpt":{"rendered":"Fanny Biascamano s\u2019\u00e9tait fait conna\u00eetre \u00e0 l\u2019\u00e2ge de 12 ans, lorsqu\u2019elle foule du pied le plateau de \u00ab\u00a0Sacr\u00e9e&hellip;\n","protected":false},"author":2,"featured_media":627988,"comment_status":"","ping_status":"","sticky":false,"template":"","format":"standard","meta":{"footnotes":""},"categories":[8],"tags":[251,3983,58,22526,59,51844,1011,27,594,9917,1380,873],"class_list":{"0":"post-627987","1":"post","2":"type-post","3":"status-publish","4":"format-standard","5":"has-post-thumbnail","7":"category-divertissement","8":"tag-culture","9":"tag-deces","10":"tag-divertissement","11":"tag-edith-piaf","12":"tag-entertainment","13":"tag-eurovision-2026","14":"tag-fr","15":"tag-france","16":"tag-france-2","17":"tag-jean-pierre-foucault","18":"tag-livres","19":"tag-musique"},"share_on_mastodon":{"url":"https:\/\/pubeurope.com\/@fr\/115803865953378529","error":""},"_links":{"self":[{"href":"https:\/\/www.europesays.com\/fr\/wp-json\/wp\/v2\/posts\/627987","targetHints":{"allow":["GET"]}}],"collection":[{"href":"https:\/\/www.europesays.com\/fr\/wp-json\/wp\/v2\/posts"}],"about":[{"href":"https:\/\/www.europesays.com\/fr\/wp-json\/wp\/v2\/types\/post"}],"author":[{"embeddable":true,"href":"https:\/\/www.europesays.com\/fr\/wp-json\/wp\/v2\/users\/2"}],"replies":[{"embeddable":true,"href":"https:\/\/www.europesays.com\/fr\/wp-json\/wp\/v2\/comments?post=627987"}],"version-history":[{"count":0,"href":"https:\/\/www.europesays.com\/fr\/wp-json\/wp\/v2\/posts\/627987\/revisions"}],"wp:featuredmedia":[{"embeddable":true,"href":"https:\/\/www.europesays.com\/fr\/wp-json\/wp\/v2\/media\/627988"}],"wp:attachment":[{"href":"https:\/\/www.europesays.com\/fr\/wp-json\/wp\/v2\/media?parent=627987"}],"wp:term":[{"taxonomy":"category","embeddable":true,"href":"https:\/\/www.europesays.com\/fr\/wp-json\/wp\/v2\/categories?post=627987"},{"taxonomy":"post_tag","embeddable":true,"href":"https:\/\/www.europesays.com\/fr\/wp-json\/wp\/v2\/tags?post=627987"}],"curies":[{"name":"wp","href":"https:\/\/api.w.org\/{rel}","templated":true}]}}