{"id":627994,"date":"2025-12-29T16:48:12","date_gmt":"2025-12-29T16:48:12","guid":{"rendered":"https:\/\/www.europesays.com\/fr\/627994\/"},"modified":"2025-12-29T16:48:12","modified_gmt":"2025-12-29T16:48:12","slug":"savoie-un-skieur-de-24-ans-se-tue-en-hors-piste-a-meribel","status":"publish","type":"post","link":"https:\/\/www.europesays.com\/fr\/627994\/","title":{"rendered":"Savoie. Un skieur de 24 ans se tue en hors-piste \u00e0 M\u00e9ribel"},"content":{"rendered":"<p>Ce d\u00e9but de saison d&rsquo;hiver est d\u00e9j\u00e0 marqu\u00e9 <a href=\"https:\/\/www.ledauphine.com\/faits-divers-justice\/2025\/12\/27\/un-jeune-skieur-de-19-ans-se-tue-sur-les-pistes-de-la-station-des-karellis\" target=\"_blank\" rel=\"noopener\">par des drames\u00a0<\/a>dans <a href=\"https:\/\/www.ledauphine.com\/faits-divers-justice\/2025\/12\/27\/avalanche-a-montgenevre-le-pronostic-vital-du-skieur-italien-est-toujours-engage\" target=\"_blank\" rel=\"noopener\">plusieurs d\u00e9partements<\/a>.\u00a0<\/p>\n<p>Un nouvel accident s\u2019est produit ce lundi 29\u00a0d\u00e9cembre en fin de matin\u00e9e \u00e0 M\u00e9ribel-Mottaret. Un jeune homme de 24 ans, qui skiait en hors-piste, s\u2019est tu\u00e9 apr\u00e8s avoir heurt\u00e9 un rocher sur le secteur du mont Vallon. Au moment de l\u2019accident, il \u00e9voluait en compagnie de membres de sa famille.<\/p>\n<p>  Il n&rsquo;a pas pu \u00eatre r\u00e9anim\u00e9<\/p>\n<p>\u00c0 son arriv\u00e9e, le personnel du service des pistes de M\u00e9ribel-Mottaret a d\u00e9couvert le jeune homme en arr\u00eat cardiaque et a tent\u00e9 de le r\u00e9animer. Les secouristes de la Compagnie r\u00e9publicaine de s\u00e9curit\u00e9 (CRS) Alpes, en poste \u00e0 Courchevel, sont intervenus \u00e0 M\u00e9ribel avec l\u2019h\u00e9licopt\u00e8re Y\u00e9ti du Service a\u00e9rien fran\u00e7ais (SAF). Un m\u00e9decin a aussi \u00e9t\u00e9 h\u00e9liport\u00e9 sur place.<\/p>\n<p>Malgr\u00e9 les efforts de tous, la victime est d\u00e9c\u00e9d\u00e9e. L\u2019accident s\u2019est produit sur un secteur excentr\u00e9 de Mottaret, limitrophe avec Val Thorens.<\/p>\n","protected":false},"excerpt":{"rendered":"Ce d\u00e9but de saison d&rsquo;hiver est d\u00e9j\u00e0 marqu\u00e9 par des drames\u00a0dans plusieurs d\u00e9partements.\u00a0 Un nouvel accident s\u2019est produit&hellip;\n","protected":false},"author":2,"featured_media":627995,"comment_status":"","ping_status":"","sticky":false,"template":"","format":"standard","meta":{"footnotes":""},"categories":[4],"tags":[119,11,3856,7001,7003,274,107,1011,27,73748,73747,12,25,5508],"class_list":{"0":"post-627994","1":"post","2":"type-post","3":"status-publish","4":"format-standard","5":"has-post-thumbnail","7":"category-france","8":"tag-accident","9":"tag-actualites","10":"tag-edition-annecy-rumilly-les-aravis","11":"tag-edition-chambery-aix-les-bains","12":"tag-edition-tarentaise-maurienne","13":"tag-faits-divers-justice","14":"tag-fil-info","15":"tag-fr","16":"tag-france","17":"tag-les-allues","18":"tag-meribel","19":"tag-news","20":"tag-republique-francaise","21":"tag-savoie"},"share_on_mastodon":{"url":"https:\/\/pubeurope.com\/@fr\/115803881705976719","error":""},"_links":{"self":[{"href":"https:\/\/www.europesays.com\/fr\/wp-json\/wp\/v2\/posts\/627994","targetHints":{"allow":["GET"]}}],"collection":[{"href":"https:\/\/www.europesays.com\/fr\/wp-json\/wp\/v2\/posts"}],"about":[{"href":"https:\/\/www.europesays.com\/fr\/wp-json\/wp\/v2\/types\/post"}],"author":[{"embeddable":true,"href":"https:\/\/www.europesays.com\/fr\/wp-json\/wp\/v2\/users\/2"}],"replies":[{"embeddable":true,"href":"https:\/\/www.europesays.com\/fr\/wp-json\/wp\/v2\/comments?post=627994"}],"version-history":[{"count":0,"href":"https:\/\/www.europesays.com\/fr\/wp-json\/wp\/v2\/posts\/627994\/revisions"}],"wp:featuredmedia":[{"embeddable":true,"href":"https:\/\/www.europesays.com\/fr\/wp-json\/wp\/v2\/media\/627995"}],"wp:attachment":[{"href":"https:\/\/www.europesays.com\/fr\/wp-json\/wp\/v2\/media?parent=627994"}],"wp:term":[{"taxonomy":"category","embeddable":true,"href":"https:\/\/www.europesays.com\/fr\/wp-json\/wp\/v2\/categories?post=627994"},{"taxonomy":"post_tag","embeddable":true,"href":"https:\/\/www.europesays.com\/fr\/wp-json\/wp\/v2\/tags?post=627994"}],"curies":[{"name":"wp","href":"https:\/\/api.w.org\/{rel}","templated":true}]}}