{"id":628016,"date":"2025-12-29T17:03:09","date_gmt":"2025-12-29T17:03:09","guid":{"rendered":"https:\/\/www.europesays.com\/fr\/628016\/"},"modified":"2025-12-29T17:03:09","modified_gmt":"2025-12-29T17:03:09","slug":"le-rn-appelle-a-une-depolitisation-des-subventions-associatives-a-grenoble","status":"publish","type":"post","link":"https:\/\/www.europesays.com\/fr\/628016\/","title":{"rendered":"le RN appelle \u00e0 une \u00ab\u00a0d\u00e9politisation des subventions associatives\u00a0\u00bb \u00e0 Grenoble"},"content":{"rendered":"<p itemprop=\"description\"><strong>Le Rassemblement national monte au cr\u00e9neau \u00e0 Grenoble.<\/strong><\/p>\n<p>Valentin Gabriac, candidat RN aux municipales de 2026, critique dans un communiqu\u00e9 l\u2019organisation d\u2019un rassemblement r\u00e9serv\u00e9 aux personnes non blanches, pr\u00e9vu le 3 janvier au centre LGBTI de Grenoble, par une association b\u00e9n\u00e9ficiant de subventions municipales.<\/p>\n<p>L\u2019\u00e9v\u00e9nement, programm\u00e9 de 14h \u00e0 18h, exclurait volontairement certaines personnes \u00ab\u00a0sur la base de leur apparence ou de leur origine per\u00e7ue\u00a0\u00bb. Valentin Gabriac affirme que, si \u00ab\u00a0chacun a le droit de vivre librement son orientation sexuelle et son identit\u00e9\u00a0\u00bb, instaurer un tel crit\u00e8re d\u2019acc\u00e8s constituerait \u00ab\u00a0une atteinte directe aux principes r\u00e9publicains d\u2019\u00e9galit\u00e9 et de non-discrimination\u00a0\u00bb.<\/p>\n<p>Le candidat RN estime que cette situation est d\u2019autant plus probl\u00e9matique que l\u2019association organisatrice est financ\u00e9e par de l\u2019argent public. Il juge \u00ab\u00a0inacceptable\u00a0\u00bb que des subventions municipales soutiennent, selon lui, des structures \u00ab\u00a0politis\u00e9es en rupture avec nos valeurs communes\u00a0\u00bb, alors que d\u2019autres secteurs comme \u00ab\u00a0la sant\u00e9, le sport, la jeunesse, la culture ou les seniors\u00a0\u00bb manqueraient de moyens.<\/p>\n<p>Le communiqu\u00e9 met \u00e9galement en cause le silence de l\u2019opposition municipale, dirig\u00e9e depuis plus de douze ans par Alain Carignon, face \u00e0 des rassemblements de ce type, \u00e9voquant des \u00e9v\u00e9nements similaires organis\u00e9s \u00ab\u00a0r\u00e9guli\u00e8rement depuis plusieurs ann\u00e9es\u00a0\u00bb.<\/p>\n<p>Valentin Gabriac appelle \u00e0 une \u00ab\u00a0d\u00e9politisation des subventions associatives\u00a0\u00bb et demande l\u2019interdiction de ces \u00e9v\u00e9nements, l\u2019arr\u00eat imm\u00e9diat des subventions concern\u00e9es ainsi que des explications du conseil municipal.<\/p>\n","protected":false},"excerpt":{"rendered":"Le Rassemblement national monte au cr\u00e9neau \u00e0 Grenoble. Valentin Gabriac, candidat RN aux municipales de 2026, critique dans&hellip;\n","protected":false},"author":2,"featured_media":628017,"comment_status":"","ping_status":"","sticky":false,"template":"","format":"standard","meta":{"footnotes":""},"categories":[9566],"tags":[1111,11,2813,2430,1109,251,1112,2811,1777,674,118,1011,27,21780,2731,14004,1922,1110,1114,108,12,316,25,2812,517,800],"class_list":{"0":"post-628016","1":"post","2":"type-post","3":"status-publish","4":"format-standard","5":"has-post-thumbnail","7":"category-grenoble","8":"tag-actu","9":"tag-actualites","10":"tag-article","11":"tag-auvergne-rhone-alpes","12":"tag-breves","13":"tag-culture","14":"tag-depeches","15":"tag-economique","16":"tag-eu","17":"tag-europe","18":"tag-faits-divers","19":"tag-fr","20":"tag-france","21":"tag-gf38","22":"tag-grenoble","23":"tag-grenoblemag","24":"tag-info","25":"tag-informations","26":"tag-infos","27":"tag-isere","28":"tag-news","29":"tag-politique","30":"tag-republique-francaise","31":"tag-sociale","32":"tag-sport","33":"tag-transports"},"share_on_mastodon":{"url":"https:\/\/pubeurope.com\/@fr\/115803940694531519","error":""},"_links":{"self":[{"href":"https:\/\/www.europesays.com\/fr\/wp-json\/wp\/v2\/posts\/628016","targetHints":{"allow":["GET"]}}],"collection":[{"href":"https:\/\/www.europesays.com\/fr\/wp-json\/wp\/v2\/posts"}],"about":[{"href":"https:\/\/www.europesays.com\/fr\/wp-json\/wp\/v2\/types\/post"}],"author":[{"embeddable":true,"href":"https:\/\/www.europesays.com\/fr\/wp-json\/wp\/v2\/users\/2"}],"replies":[{"embeddable":true,"href":"https:\/\/www.europesays.com\/fr\/wp-json\/wp\/v2\/comments?post=628016"}],"version-history":[{"count":0,"href":"https:\/\/www.europesays.com\/fr\/wp-json\/wp\/v2\/posts\/628016\/revisions"}],"wp:featuredmedia":[{"embeddable":true,"href":"https:\/\/www.europesays.com\/fr\/wp-json\/wp\/v2\/media\/628017"}],"wp:attachment":[{"href":"https:\/\/www.europesays.com\/fr\/wp-json\/wp\/v2\/media?parent=628016"}],"wp:term":[{"taxonomy":"category","embeddable":true,"href":"https:\/\/www.europesays.com\/fr\/wp-json\/wp\/v2\/categories?post=628016"},{"taxonomy":"post_tag","embeddable":true,"href":"https:\/\/www.europesays.com\/fr\/wp-json\/wp\/v2\/tags?post=628016"}],"curies":[{"name":"wp","href":"https:\/\/api.w.org\/{rel}","templated":true}]}}