{"id":628020,"date":"2025-12-29T17:05:13","date_gmt":"2025-12-29T17:05:13","guid":{"rendered":"https:\/\/www.europesays.com\/fr\/628020\/"},"modified":"2025-12-29T17:05:13","modified_gmt":"2025-12-29T17:05:13","slug":"un-peu-de-rennes-et-de-saint-malo-dans-le-nouveau-haut-lieu-de-la-fondation-cartier","status":"publish","type":"post","link":"https:\/\/www.europesays.com\/fr\/628020\/","title":{"rendered":"Un peu de Rennes et de Saint-Malo dans le nouveau haut lieu de la Fondation Cartier"},"content":{"rendered":"<p style=\"text-align: justify;\">La Fondation d\u2019art contemporain Cartier ouvre une nouvelle page de son histoire en plein c\u0153ur de Paris, \u00e0 deux pas du Louvre et du Palais-Royal. Exit le boulevard Raspail \u2014 et l\u2019ancienne demeure de Fran\u00e7ois-Ren\u00e9 de Chateaubriand, enfant de Saint-Malo \u2014 l\u2019institution s\u2019installe d\u00e9sormais dans un b\u00e2timent enti\u00e8rement r\u00e9invent\u00e9 par Jean Nouvel, architecte, notamment du Cap Mail, \u00e0 Rennes.<\/p>\n<p><img fetchpriority=\"high\" decoding=\"async\" class=\"alignnone size-medium wp-image-109227\" src=\"data:image\/svg+xml,%3Csvg%20xmlns=\" http:=\"\" alt=\"\" width=\"600\" height=\"445\" data-wp-pid=\"109227\" data-lazy- data-lazy- data-lazy-src=\"https:\/\/www.europesays.com\/fr\/wp-content\/uploads\/2025\/12\/IMG_4124-600x445.jpg\"\/><\/p>\n<p style=\"text-align: justify;\">Situ\u00e9 \u00e0 proximit\u00e9 imm\u00e9diate de la rue de Valois, du Mus\u00e9e du Louvre et du Palais-Royal, le nouveau site occupe un \u00e9difice construit en 1855 \u00e0 l\u2019occasion de l\u2019Exposition universelle. Ce dernier a successivement abrit\u00e9 les Grands Magasins du Louvre, puis le Louvre des Antiquaires \u00e0 partir de 1978, avant d\u2019entamer aujourd\u2019hui une vie consacr\u00e9e \u00e0 l\u2019art contemporain.<\/p>\n<p style=\"text-align: justify;\">Pour son inauguration, le lieu pr\u00e9sente Exposition G\u00e9n\u00e9rale, un parcours retra\u00e7ant quarante ans d\u2019art contemporain \u00e0 la Fondation Cartier. Parmi les tableaux et les sculptures, une pr\u00e9sence bretonne se fait remarquer, avec un clin d\u2019\u0153il \u00e0 Rennes et \u00e0 Saint-Malo. Au fil de la visite, le public d\u00e9couvrira une \u0153uvre de Raymond Hains, d\u00e9j\u00e0 montr\u00e9e lors de l\u2019exposition Les 3\u00a0Cartier. Du Grand Louvre aux 3\u00a0Cartier en 1994.<\/p>\n<p style=\"text-align: justify;\">Cette cr\u00e9ation est n\u00e9e d\u2019une \u00ab\u2009baguenaude\u2009\u00bb sur la plage du Sillon, \u00e0 Saint-Malo, o\u00f9 l\u2019artiste avait red\u00e9couvert les pieux de bois plant\u00e9s dans le sable pour prot\u00e9ger le littoral des temp\u00eates. Leur pr\u00e9sence, charg\u00e9e de m\u00e9moire, lui \u00e9voquait l\u2019enfance de Chateaubriand, qui y jouait avec ses amis. Transpos\u00e9s boulevard Raspail, ces brise-lames devenaient alors une allusion po\u00e9tique de l\u2019ancien occupant des lieux.<\/p>\n<p style=\"text-align: justify;\">\u00c0 c\u00f4t\u00e9 de ces \u00ab\u2009bois\u2009\u00bb, une vid\u00e9o propose aussi une journ\u00e9e en compagnie de Raymond Hains. R\u00e9alis\u00e9 \u00e0 Dinard en 1994 par Pierrick Sorin, le film suit le flux de parole de l\u2019artiste, entre souvenirs, jeux de mots et digressions. Tourn\u00e9 entre la plage et les remparts de Saint-Malo, l\u2019artiste appara\u00eet comme un promeneur attentif, saisi sur le vif. Port\u00e9 par une musique de Mahler, ce portrait improvis\u00e9 adopte une tonalit\u00e9 m\u00e9lancolique et offre le t\u00e9moignage sensible d\u2019un temps et d\u2019une subjectivit\u00e9 sur le point de s\u2019effacer.<\/p>\n<p><img loading=\"lazy\" decoding=\"async\" class=\"alignnone size-medium wp-image-109232\" src=\"data:image\/svg+xml,%3Csvg%20xmlns=\" http:=\"\" alt=\"\" width=\"473\" height=\"600\" data-wp-pid=\"109232\" data-lazy- data-lazy- data-lazy-src=\"https:\/\/www.europesays.com\/fr\/wp-content\/uploads\/2025\/12\/portrait-de-raymond-hains-photographie-noir-et-blanc-1997.jpg-473x600.webp.webp\"\/><\/p>\n<p style=\"text-align: justify;\">Membre fondateur du Nouveau R\u00e9alisme, Raymond Hains a d\u00e9velopp\u00e9 une \u0153uvre singuli\u00e8re. Il construit tout son travail \u00e0 partir du r\u00e9el, des mots et des hasards urbains. En 1945, il s\u2019inscrit \u00e0 l\u2019\u00c9cole des Beaux-Arts de Rennes, o\u00f9 il rencontre Jacques Villegl\u00e9. Ensemble, ils commencent \u00e0 travailler \u00e0 partir d\u2019affiches arrach\u00e9es dans la rue, captant des fragments du quotidien pour en faire \u0153uvre.<\/p>\n<p style=\"text-align: justify;\">La m\u00eame ann\u00e9e, Raymond Hains part \u00e0 Paris et entre au laboratoire photo de la revue France-Illustration, dirig\u00e9 par Emmanuel Sougez. Il y exp\u00e9rimente la d\u00e9formation de l\u2019image et invente l\u2019\u00ab\u2009hypnagogoscope\u2009\u00bb, un dispositif de verres cannel\u00e9s qui distord la vision et donne naissance \u00e0 une \u00e9criture visuelle nouvelle, fond\u00e9e sur la transformation des lettres et des formes.<\/p>\n<p style=\"text-align: justify;\">\u00c0 partir de la fin des ann\u00e9es\u00a01950, Raymond Hains s\u2019impose comme un ma\u00eetre du jeu de mots et des associations d\u2019id\u00e9es. Il utilise notamment des palissades et panneaux r\u00e9cup\u00e9r\u00e9s dans les entrep\u00f4ts Bompaire pour r\u00e9aliser de grandes \u0153uvres murales. Cette attention port\u00e9e \u00e0 la rue et \u00e0 ses accidents se prolonge jusque dans les ann\u00e9es\u00a01990 avec ses photographies de \u00ab\u2009sculptures de trottoirs\u2009\u00bb.<\/p>\n<p style=\"text-align: justify;\">En 1997, il explore aussi le num\u00e9rique avec les \u00ab\u2009Macintoshages\u2009\u00bb, compositions d\u00e9velopp\u00e9es \u00e0 partir de fen\u00eatres informatiques superpos\u00e9es. Son travail \u00e9tait r\u00e9guli\u00e8rement expos\u00e9 \u00e0 la Fondation Cartier. En 1986, une exposition \u00e0 Jouy-en-Josas donne lieu \u00e0 un Hommage au Marquis de Bi\u00e8vre, inventeur du mot \u00ab\u2009calembour\u2009\u00bb dans l\u2019encyclop\u00e9die de Denis Diderot. Voir <a href=\"https:\/\/www.fondationcartier.com\/programme\/exposition\/exposition-generale\" target=\"_blank\" rel=\"noopener\">l\u2019exposition actuelle de la Fondation Cartier.\u00a0<\/a><\/p>\n","protected":false},"excerpt":{"rendered":"La Fondation d\u2019art contemporain Cartier ouvre une nouvelle page de son histoire en plein c\u0153ur de Paris, \u00e0&hellip;\n","protected":false},"author":2,"featured_media":628021,"comment_status":"","ping_status":"","sticky":false,"template":"","format":"standard","meta":{"footnotes":""},"categories":[2821],"tags":[1111,11,829,1777,674,1011,27,12,584,25],"class_list":{"0":"post-628020","1":"post","2":"type-post","3":"status-publish","4":"format-standard","5":"has-post-thumbnail","7":"category-rennes","8":"tag-actu","9":"tag-actualites","10":"tag-bretagne","11":"tag-eu","12":"tag-europe","13":"tag-fr","14":"tag-france","15":"tag-news","16":"tag-rennes","17":"tag-republique-francaise"},"share_on_mastodon":{"url":"https:\/\/pubeurope.com\/@fr\/115803948707703520","error":""},"_links":{"self":[{"href":"https:\/\/www.europesays.com\/fr\/wp-json\/wp\/v2\/posts\/628020","targetHints":{"allow":["GET"]}}],"collection":[{"href":"https:\/\/www.europesays.com\/fr\/wp-json\/wp\/v2\/posts"}],"about":[{"href":"https:\/\/www.europesays.com\/fr\/wp-json\/wp\/v2\/types\/post"}],"author":[{"embeddable":true,"href":"https:\/\/www.europesays.com\/fr\/wp-json\/wp\/v2\/users\/2"}],"replies":[{"embeddable":true,"href":"https:\/\/www.europesays.com\/fr\/wp-json\/wp\/v2\/comments?post=628020"}],"version-history":[{"count":0,"href":"https:\/\/www.europesays.com\/fr\/wp-json\/wp\/v2\/posts\/628020\/revisions"}],"wp:featuredmedia":[{"embeddable":true,"href":"https:\/\/www.europesays.com\/fr\/wp-json\/wp\/v2\/media\/628021"}],"wp:attachment":[{"href":"https:\/\/www.europesays.com\/fr\/wp-json\/wp\/v2\/media?parent=628020"}],"wp:term":[{"taxonomy":"category","embeddable":true,"href":"https:\/\/www.europesays.com\/fr\/wp-json\/wp\/v2\/categories?post=628020"},{"taxonomy":"post_tag","embeddable":true,"href":"https:\/\/www.europesays.com\/fr\/wp-json\/wp\/v2\/tags?post=628020"}],"curies":[{"name":"wp","href":"https:\/\/api.w.org\/{rel}","templated":true}]}}