{"id":628026,"date":"2025-12-29T17:08:14","date_gmt":"2025-12-29T17:08:14","guid":{"rendered":"https:\/\/www.europesays.com\/fr\/628026\/"},"modified":"2025-12-29T17:08:14","modified_gmt":"2025-12-29T17:08:14","slug":"pres-de-nice-une-gigantesque-zone-economique-va-sortir-de-terre-avec-pres-de-400-emplois","status":"publish","type":"post","link":"https:\/\/www.europesays.com\/fr\/628026\/","title":{"rendered":"Pr\u00e8s de Nice. Une gigantesque zone \u00e9conomique va sortir de terre avec pr\u00e8s de 400 emplois"},"content":{"rendered":"<p>                    Par<br \/>\n        <strong><br \/>\n            <a href=\"https:\/\/actu.fr\/auteur\/ugo-maillard\" title=\"Consulter tous les articles de Ugo Maillard\" target=\"_blank\" rel=\"noopener\">Ugo Maillard<\/a><br \/>\n                    <\/strong><\/p>\n<p>        Publi\u00e9 le<\/p>\n<p>            29 d\u00e9c. 2025 \u00e0 16h10        <\/p>\n<p>C\u2019est un projet ambitieux port\u00e9 par les pouvoirs publics. Le <strong>site industriel<\/strong> de Lafarge, \u00e0 Contes dans les <a href=\"https:\/\/actu.fr\/provence-alpes-cote-d-azur\/alpes-maritimes_06\" target=\"_blank\" rel=\"noopener\">Alpes-Maritimes<\/a>, est sur le point d\u2019\u00eatre r\u00e9habilit\u00e9 par des acteurs locaux, dans l\u2019optique de cr\u00e9er une zone \u00e9conomique. Le 1er\u00a0janvier 2022, la fin de l\u2019activit\u00e9 de <a href=\"https:\/\/actu.fr\/tag\/lafarge\" target=\"_blank\" rel=\"noopener\">Lafarge<\/a> sur le site avait \u00e9t\u00e9 act\u00e9. Pr\u00e9sent depuis 1906, le cimentier fran\u00e7ais a c\u00e9d\u00e9 un grand espace am\u00e9nageable \u00e0 la chambre de commerce et d\u2019industrie (CCI) Nice C\u00f4te d\u2019Azur. Une signature le 7\u00a0novembre 2025 a officialis\u00e9 l\u2019acquisition de 34 hectares de la zone de Pimian par l\u2019\u00c9tablissement Public Foncier (EPF) Paca.<\/p>\n<p class=\" wall-content\">En ce mois de d\u00e9cembre\u00a02025, la CCI et les communes \u00e0 proximit\u00e9 de l\u2019ancien site industriel ont pr\u00e9sent\u00e9 les pr\u00e9mices de la nouvelle vie de ce territoire maralpin.<\/p>\n<p>Accueillir des entreprises<\/p>\n<p class=\" wall-content\">Sur cette zone au nord de <a href=\"https:\/\/actu.fr\/nice\/\" target=\"_blank\" rel=\"noopener\">Nice<\/a> acquise en partie par la CCI, un <strong>site de d\u00e9veloppement \u00e9conomique<\/strong> \u00e0 haute valeur environnementale va voir le jour. Si les contours exacts n\u2019ont pas \u00e9t\u00e9 d\u00e9voil\u00e9s, les instigateurs du projet ont indiqu\u00e9 que l\u2019objectif est de mettre en place un lieu qui accueille les petites et moyennes entreprises de divers horizons sur une surface de 35\u2009000 m\u00b2 .<\/p>\n<p>    <a href=\"https:\/\/www.google.com\/maps\/embed?pb=!1m18!1m12!1m3!1d109528.04318352291!2d7.277277476877285!3d43.83137927081948!2m3!1f0!2f0!3f0!3m2!1i1024!2i768!4f13.1!3m3!1m2!1s0x12cdc6e890ecc53b%3A0x40819a5fd979cf0!2s06390%20Contes!5e0!3m2!1sfr!2sfr!4v1767010510803!5m2!1sfr!2sfr\" title=\"Ouvrie le lien\" target=\"_blank\" rel=\"noopener\">Cliquez ici pour visualiser le contenu<\/a><\/p>\n<p class=\" wall-content\">L\u2019objectif prioritaire de la commune \u00e9tait d\u2019\u00e9viter la sp\u00e9culation immobili\u00e8re avec l\u2019\u00e9ventuelle acquisition d\u2019un acteur priv\u00e9, explique Francis Tujague, maire de Contes.<\/p>\n<p class=\" wall-content\">Hormis cette approche \u00e9conomique, les pouvoirs publics locaux ont souhait\u00e9 accorder une place importante \u00e0 l\u2019environnement. Le p\u00f4le eau intercommunal du Pays des Paillons ainsi qu\u2019un ch\u00e2teau seront implant\u00e9s sur les sites. Ce sera \u00e9galement le cas de panneaux photovolta\u00efques.<\/p>\n<p class=\" wall-content\">Les premi\u00e8res \u00e9tudes de reconversion du site font \u00e9tat d\u2019une cr\u00e9ation pouvant accueillir <strong>jusqu\u2019\u00e0 400 emplois<\/strong>.<\/p>\n<p>Votre r\u00e9gion, votre actu !<\/p>\n<p>Recevez chaque jour les infos qui comptent pour vous.<\/p>\n<p>\t<a href=\"https:\/\/actu.fr\/newsletter\" class=\"ac-btn ac-btn--corner ac-btn--medium ac-btn--blue800\" target=\"_blank\" rel=\"noopener\">S&rsquo;incrire<\/a><br \/>\nDes travaux \u00e0 partir de 2028<\/p>\n<p class=\" wall-content\">Lors de cette pr\u00e9sentation de projet, la CCI et les \u00e9lus locaux ont livr\u00e9 une partie du calendrier. D\u00e8s les premiers jours de 2026, des \u00e9tudes seront men\u00e9es sur le site pour assurer, au mieux, la transition. Apr\u00e8s deux ann\u00e9es d\u2019\u00e9tudes, une ann\u00e9e compl\u00e8te de travaux<\/p>\n<p class=\" wall-content\">Apr\u00e8s deux ann\u00e9es d\u2019\u00e9tude, un an de travaux sera n\u00e9cessaire pour remettre le site \u00e0 niveau. Ce n\u2019est qu<strong>\u2019au terme de ces trois ann\u00e9es<\/strong> que les premiers locaux accueillant des entreprises pourront sortir de terre.<\/p>\n<p class=\" wall-content\">En outre, pr\u00e8s de 300 places de parkings, trois bassins d\u2019eaux ou encore un jardin de 14-000\u00a0m2 verront le jour.<\/p>\n<p class=\" wall-content\">Personnalisez votre actualit\u00e9 en ajoutant vos villes et m\u00e9dias en favori avec <a href=\"https:\/\/moncompte.actu.fr\" title=\"D\u00e9couvez Mon Actu\" rel=\"nofollow noopener\" data-trk=\"{&quot;cta&quot;:{&quot;action&quot;:&quot;https:\\\/\\\/moncompte.actu.fr&quot;,&quot;category&quot;:&quot;mon compte&quot;,&quot;from&quot;:&quot;article footer&quot;,&quot;name&quot;:&quot;Mon actu&quot;,&quot;type&quot;:&quot;cta&quot;}}\" target=\"_blank\">Mon Actu<\/a>.<\/p>\n","protected":false},"excerpt":{"rendered":"Par Ugo Maillard Publi\u00e9 le 29 d\u00e9c. 2025 \u00e0 16h10 C\u2019est un projet ambitieux port\u00e9 par les pouvoirs&hellip;\n","protected":false},"author":2,"featured_media":628027,"comment_status":"","ping_status":"","sticky":false,"template":"","format":"standard","meta":{"footnotes":""},"categories":[2819],"tags":[1111,11,33,341,1777,674,1011,27,12,2401,882,25],"class_list":{"0":"post-628026","1":"post","2":"type-post","3":"status-publish","4":"format-standard","5":"has-post-thumbnail","7":"category-nice","8":"tag-actu","9":"tag-actualites","10":"tag-economie","11":"tag-emploi","12":"tag-eu","13":"tag-europe","14":"tag-fr","15":"tag-france","16":"tag-news","17":"tag-nice","18":"tag-provence-alpes-cote-dazur","19":"tag-republique-francaise"},"share_on_mastodon":{"url":"https:\/\/pubeurope.com\/@fr\/115803960541663344","error":""},"_links":{"self":[{"href":"https:\/\/www.europesays.com\/fr\/wp-json\/wp\/v2\/posts\/628026","targetHints":{"allow":["GET"]}}],"collection":[{"href":"https:\/\/www.europesays.com\/fr\/wp-json\/wp\/v2\/posts"}],"about":[{"href":"https:\/\/www.europesays.com\/fr\/wp-json\/wp\/v2\/types\/post"}],"author":[{"embeddable":true,"href":"https:\/\/www.europesays.com\/fr\/wp-json\/wp\/v2\/users\/2"}],"replies":[{"embeddable":true,"href":"https:\/\/www.europesays.com\/fr\/wp-json\/wp\/v2\/comments?post=628026"}],"version-history":[{"count":0,"href":"https:\/\/www.europesays.com\/fr\/wp-json\/wp\/v2\/posts\/628026\/revisions"}],"wp:featuredmedia":[{"embeddable":true,"href":"https:\/\/www.europesays.com\/fr\/wp-json\/wp\/v2\/media\/628027"}],"wp:attachment":[{"href":"https:\/\/www.europesays.com\/fr\/wp-json\/wp\/v2\/media?parent=628026"}],"wp:term":[{"taxonomy":"category","embeddable":true,"href":"https:\/\/www.europesays.com\/fr\/wp-json\/wp\/v2\/categories?post=628026"},{"taxonomy":"post_tag","embeddable":true,"href":"https:\/\/www.europesays.com\/fr\/wp-json\/wp\/v2\/tags?post=628026"}],"curies":[{"name":"wp","href":"https:\/\/api.w.org\/{rel}","templated":true}]}}