{"id":628028,"date":"2025-12-29T17:09:29","date_gmt":"2025-12-29T17:09:29","guid":{"rendered":"https:\/\/www.europesays.com\/fr\/628028\/"},"modified":"2025-12-29T17:09:29","modified_gmt":"2025-12-29T17:09:29","slug":"des-supporters-exigeants-puel-veut-renouer-le-dialogue","status":"publish","type":"post","link":"https:\/\/www.europesays.com\/fr\/628028\/","title":{"rendered":"\u00ab\u00a0Des supporters exigeants\u00a0\u00bb, Puel veut renouer le dialogue"},"content":{"rendered":"<p>Nice : \u00ab\u00a0Des supporters exigeants\u00a0\u00bb, Puel veut renouer le dialogue Sur le m\u00eame sujet<a href=\"https:\/\/rmcsport.bfmtv.com\/football\/ligue-1\/video-nice-comme-dans-un-couple-puel-et-rivere-evoquent-leurs-tensions-passees_VN-202512290376.html\" title=\"Nice : &quot;Comme dans un couple&quot;, Puel et Riv\u00e8re \u00e9voquent leurs tensions pass\u00e9es\" target=\"_blank\" rel=\"noopener\"><img class=\"lozad\"  width=\"16\" height=\"9\" alt=\"Nice : &quot;Comme dans un couple&quot;, Puel et Riv\u00e8re \u00e9voquent leurs tensions pass\u00e9es\"\/>2:35Nice : \u00ab\u00a0Comme dans un couple\u00a0\u00bb, Puel et Riv\u00e8re \u00e9voquent leurs tensions pass\u00e9es<\/a><a href=\"https:\/\/rmcsport.bfmtv.com\/football\/ligue-1\/video-nice-des-supporters-exigeants-puel-veut-renouer-le-dialogue_VN-202512290372.html\" title=\"Nice : &quot;Des supporters exigeants&quot;, Puel veut renouer le dialogue\" target=\"_blank\" rel=\"noopener\"><img class=\"lozad\"  width=\"16\" height=\"9\" alt=\"Nice : &quot;Des supporters exigeants&quot;, Puel veut renouer le dialogue\"\/>en lectureNice : \u00ab\u00a0Des supporters exigeants\u00a0\u00bb, Puel veut renouer le dialogue<\/a><a href=\"https:\/\/rmcsport.bfmtv.com\/football\/ligue-1\/video-nice-les-solutions-de-claude-puel-pour-sortir-de-la-crise_VN-202512290365.html\" title=\"Nice : Les solutions de Claude Puel pour sortir de la crise\" target=\"_blank\" rel=\"noopener\"><img class=\"lozad\"  width=\"16\" height=\"9\" alt=\"Nice : Les solutions de Claude Puel pour sortir de la crise\"\/>2:10Nice : Les solutions de Claude Puel pour sortir de la crise<\/a><a href=\"https:\/\/rmcsport.bfmtv.com\/football\/transferts\/video-aboukhlal-clichy-semenyo-les-5-infos-mercato-du-29-decembre-a-la-mi-journee_VN-202512290343.html\" title=\"Aboukhlal, Clichy, Semenyo... Les 5 infos mercato du 29 d\u00e9cembre \u00e0 la mi-journ\u00e9e\" target=\"_blank\" rel=\"noopener\"><img class=\"lozad\"  width=\"16\" height=\"9\" alt=\"Aboukhlal, Clichy, Semenyo... Les 5 infos mercato du 29 d\u00e9cembre \u00e0 la mi-journ\u00e9e\"\/>1:24Aboukhlal, Clichy, Semenyo&#8230; Les 5 infos mercato du 29 d\u00e9cembre \u00e0 la mi-journ\u00e9e<\/a><a href=\"https:\/\/rmcsport.bfmtv.com\/football\/ligue-1\/video-nice-haise-quitte-nice-puel-lui-succede_VN-202512290208.html\" title=\"Nice : Haise quitte Nice, Puel lui succ\u00e8de\" target=\"_blank\" rel=\"noopener\"><img class=\"lozad\"  width=\"16\" height=\"9\" alt=\"Nice : Haise quitte Nice, Puel lui succ\u00e8de\"\/>0:53Nice : Haise quitte Nice, Puel lui succ\u00e8de<\/a><a href=\"https:\/\/rmcsport.bfmtv.com\/football\/ligue-1\/video-si-aujourd-hui-il-est-de-retour-c-est-aussi-grace-a-eux-les-beaux-remerciements-de-regragui-au-psg-pour-la-gestion-de-la-blessure-d-hakimi_VN-202512280164.html\" title=\"&quot;Si aujourd&#039;hui il est de retour c&#039;est aussi gr\u00e2ce \u00e0 eux&quot;...&quot; les beaux remerciements de Regragui au PSG pour la gestion de la blessure d&#039;Hakimi\" target=\"_blank\" rel=\"noopener\"><img class=\"lozad\"  width=\"16\" height=\"9\" alt=\"&quot;Si aujourd'hui il est de retour c'est aussi gr\u00e2ce \u00e0 eux&quot;...&quot; les beaux remerciements de Regragui au PSG pour la gestion de la blessure d'Hakimi\"\/>0:54&Prime;Si aujourd&rsquo;hui il est de retour c&rsquo;est aussi gr\u00e2ce \u00e0 eux\u00a0\u00bb&#8230;\u00a0\u00bb les beaux remerciements de Regragui au PSG pour la gestion de la blessure d&rsquo;Hakimi<\/a><a href=\"https:\/\/rmcsport.bfmtv.com\/replay-emissions\/after-foot\/video-disparition-de-gasset-mon-pere-est-parti-raconte-diawara_VN-202512260417.html\" title=\"Disparition de Gasset : &quot;mon p\u00e8re est parti&quot;, raconte Diawara\" target=\"_blank\" rel=\"noopener\"><img class=\"lozad\"  width=\"16\" height=\"9\" alt=\"Disparition de Gasset : &quot;mon p\u00e8re est parti&quot;, raconte Diawara\"\/>15:12Disparition de Gasset : \u00ab\u00a0mon p\u00e8re est parti\u00a0\u00bb, raconte Diawara<\/a><a href=\"https:\/\/rmcsport.bfmtv.com\/football\/ligue-1\/video-gasset-on-reve-de-l-avoir-comme-ami-explique-courbis_VN-202512260396.html\" title=\"Disparition de Gasset : &quot;on r\u00eave de l&#039;avoir comme ami&quot;, explique Courbis\" target=\"_blank\" rel=\"noopener\"><img class=\"lozad\"  width=\"16\" height=\"9\" alt=\"Disparition de Gasset : &quot;on r\u00eave de l'avoir comme ami&quot;, explique Courbis\"\/>1:21Disparition de Gasset : \u00ab\u00a0on r\u00eave de l&rsquo;avoir comme ami\u00a0\u00bb, explique Courbis<\/a><a href=\"https:\/\/rmcsport.bfmtv.com\/football\/ligue-1\/video-une-pluie-d-hommage-pour-jean-louis-gasset_VN-202512260322.html\" title=\"Une pluie d&#039;hommage pour Jean-Louis Gasset\" target=\"_blank\" rel=\"noopener\"><img class=\"lozad\"  width=\"16\" height=\"9\" alt=\"Une pluie d'hommage pour Jean-Louis Gasset\"\/>0:38Une pluie d&rsquo;hommage pour Jean-Louis Gasset<\/a><a href=\"https:\/\/rmcsport.bfmtv.com\/replay-emissions\/after-foot\/video-psg-ce-fameux-mercato-interne-une-gestion-satisfaisante-apres-le-sacre-en-c1_VN-202512250194.html\" title=\"PSG : &quot;Ce fameux mercato interne&quot;, une gestion satisfaisante apr\u00e8s le sacre en C1 ?\" target=\"_blank\" rel=\"noopener\"><img class=\"lozad\"  width=\"16\" height=\"9\" alt=\"PSG : &quot;Ce fameux mercato interne&quot;, une gestion satisfaisante apr\u00e8s le sacre en C1 ?\"\/>16:39PSG : \u00ab\u00a0Ce fameux mercato interne\u00a0\u00bb, une gestion satisfaisante apr\u00e8s le sacre en C1 ?<\/a><a href=\"https:\/\/rmcsport.bfmtv.com\/football\/ligue-1\/video-nice-il-a-ete-important-dans-mon-arrivee-haise-detaille-ses-retrouvailles-avec-rivere-de-retour-a-la-tete-du-club_VN-202512210292.html\" title=\"Nice : &quot;Il a \u00e9t\u00e9 important dans mon arriv\u00e9e&quot;, Haise d\u00e9taille ses retrouvailles avec Riv\u00e8re, de retour \u00e0 la t\u00eate du club\" target=\"_blank\" rel=\"noopener\"><img class=\"lozad\"  width=\"16\" height=\"9\" alt=\"Nice : &quot;Il a \u00e9t\u00e9 important dans mon arriv\u00e9e&quot;, Haise d\u00e9taille ses retrouvailles avec Riv\u00e8re, de retour \u00e0 la t\u00eate du club\"\/>0:51Nice : \u00ab\u00a0Il a \u00e9t\u00e9 important dans mon arriv\u00e9e\u00a0\u00bb, Haise d\u00e9taille ses retrouvailles avec Riv\u00e8re, de retour \u00e0 la t\u00eate du club<\/a><a href=\"https:\/\/rmcsport.bfmtv.com\/football\/ligue-1\/video-fontenay-0-4-psg-historique-luis-enrique-rembobine-2025_VN-202512200349.html\" title=\"Fontenay 0-4 PSG : &quot;Historique&quot; Luis Enrique rembobine 2025\u00a0\" target=\"_blank\" rel=\"noopener\"><img class=\"lozad\"  width=\"16\" height=\"9\" alt=\"Fontenay 0-4 PSG : &quot;Historique&quot; Luis Enrique rembobine 2025\u00a0\"\/>1:01Fontenay 0-4 PSG : \u00ab\u00a0Historique\u00a0\u00bb Luis Enrique rembobine 2025\u00a0<\/a><a href=\"https:\/\/rmcsport.bfmtv.com\/replay-emissions\/les-grandes-gueules-du-sport\/video-ogc-nice-nice-en-perdition-il-n-y-a-pas-mieux-que-rivere-pour-ramener-la-paix-estime-dupraz_VN-202512200145.html\" title=\"OGC Nice : Nice en perdition ? \u201cIl n\u2019y a pas mieux que Riv\u00e8re pour ramener la paix\u201d, estime Dupraz\" target=\"_blank\" rel=\"noopener\"><img class=\"lozad\"  width=\"16\" height=\"9\" alt=\"OGC Nice : Nice en perdition ? \u201cIl n\u2019y a pas mieux que Riv\u00e8re pour ramener la paix\u201d, estime Dupraz\"\/>12:16OGC Nice : Nice en perdition ? \u201cIl n\u2019y a pas mieux que Riv\u00e8re pour ramener la paix\u201d, estime Dupraz<\/a><a href=\"https:\/\/rmcsport.bfmtv.com\/football\/coupe-de-france\/video-les-herbiers-0-0-5-6-angers-une-balle-de-match-la-deception-du-gardien-vendeen_VN-202512190972.html\" title=\"Les Herbiers 0-0 (5-6) Angers : &quot;Une balle de match...&quot; la d\u00e9ception du gardien vend\u00e9en\" target=\"_blank\" rel=\"noopener\"><img class=\"lozad\"  width=\"16\" height=\"9\" alt=\"Les Herbiers 0-0 (5-6) Angers : &quot;Une balle de match...&quot; la d\u00e9ception du gardien vend\u00e9en\"\/>0:54Les Herbiers 0-0 (5-6) Angers : \u00ab\u00a0Une balle de match&#8230;\u00a0\u00bb la d\u00e9ception du gardien vend\u00e9en<\/a><a class=\"jumpToVideo\" target=\"_blank\"><img class=\"thumbnailPreview\"\/><\/a><\/p>\n","protected":false},"excerpt":{"rendered":"Nice : \u00ab\u00a0Des supporters exigeants\u00a0\u00bb, Puel veut renouer le dialogue Sur le m\u00eame sujet2:35Nice : \u00ab\u00a0Comme dans un&hellip;\n","protected":false},"author":2,"featured_media":628029,"comment_status":"","ping_status":"","sticky":false,"template":"","format":"standard","meta":{"footnotes":""},"categories":[2819],"tags":[1111,11,1777,674,1011,27,12,2401,882,25],"class_list":{"0":"post-628028","1":"post","2":"type-post","3":"status-publish","4":"format-standard","5":"has-post-thumbnail","7":"category-nice","8":"tag-actu","9":"tag-actualites","10":"tag-eu","11":"tag-europe","12":"tag-fr","13":"tag-france","14":"tag-news","15":"tag-nice","16":"tag-provence-alpes-cote-dazur","17":"tag-republique-francaise"},"share_on_mastodon":{"url":"https:\/\/pubeurope.com\/@fr\/115803964315363224","error":""},"_links":{"self":[{"href":"https:\/\/www.europesays.com\/fr\/wp-json\/wp\/v2\/posts\/628028","targetHints":{"allow":["GET"]}}],"collection":[{"href":"https:\/\/www.europesays.com\/fr\/wp-json\/wp\/v2\/posts"}],"about":[{"href":"https:\/\/www.europesays.com\/fr\/wp-json\/wp\/v2\/types\/post"}],"author":[{"embeddable":true,"href":"https:\/\/www.europesays.com\/fr\/wp-json\/wp\/v2\/users\/2"}],"replies":[{"embeddable":true,"href":"https:\/\/www.europesays.com\/fr\/wp-json\/wp\/v2\/comments?post=628028"}],"version-history":[{"count":0,"href":"https:\/\/www.europesays.com\/fr\/wp-json\/wp\/v2\/posts\/628028\/revisions"}],"wp:featuredmedia":[{"embeddable":true,"href":"https:\/\/www.europesays.com\/fr\/wp-json\/wp\/v2\/media\/628029"}],"wp:attachment":[{"href":"https:\/\/www.europesays.com\/fr\/wp-json\/wp\/v2\/media?parent=628028"}],"wp:term":[{"taxonomy":"category","embeddable":true,"href":"https:\/\/www.europesays.com\/fr\/wp-json\/wp\/v2\/categories?post=628028"},{"taxonomy":"post_tag","embeddable":true,"href":"https:\/\/www.europesays.com\/fr\/wp-json\/wp\/v2\/tags?post=628028"}],"curies":[{"name":"wp","href":"https:\/\/api.w.org\/{rel}","templated":true}]}}